{"id":132587,"date":"2024-09-19T11:27:12","date_gmt":"2024-09-19T16:27:12","guid":{"rendered":"http:\/\/elcuartopoder.com.mx\/nw\/?p=132587"},"modified":"2024-09-19T11:27:14","modified_gmt":"2024-09-19T16:27:14","slug":"conmemoran-dia-nacional-de-proteccion-civil","status":"publish","type":"post","link":"https:\/\/elcuartopoder.com.mx\/nw\/municipales\/conmemoran-dia-nacional-de-proteccion-civil\/","title":{"rendered":"CONMEMORAN D\u00cdA NACIONAL DE PROTECCI\u00d3N CIVIL"},"content":{"rendered":"\n<p class=\"wp-block-paragraph\"><strong>Canc\u00fan, Q. Roo, a 19 de septiembre de 2024.-<\/strong>\u00a0Con un minuto de sirenas, autoridades del Ayuntamiento de Benito Ju\u00e1rez, conmemoraron el D\u00eda Nacional de Protecci\u00f3n Civil, realizando una ceremonia c\u00edvica para recordar los sismos del 19 de septiembre de 1985 y 2017, en los que se marca un antes y despu\u00e9s de los desastres naturales ocurridos en el pa\u00eds.<\/p>\n\n\n\n<p class=\"wp-block-paragraph\">En representaci\u00f3n de la Presidenta Municipal, Ana Paty Peralta; el secretario general del Ayuntamiento, Pablo Guti\u00e9rrez Fern\u00e1ndez, asegur\u00f3 que \u201cesos sismos nos mostraron nuestra vulnerabilidad ante la fuerza de la naturaleza, pero tambi\u00e9n revelaron algo m\u00e1s profundo: la humanidad, la solidaridad y el esp\u00edritu de hermandad que nos caracteriza a los mexicanos\u201d.<\/p>\n\n\n\n<p class=\"wp-block-paragraph\">Enfatiz\u00f3 que en Canc\u00fan no se tiene la amenaza de sismos, debido a la ubicaci\u00f3n geogr\u00e1fica; sin embargo, es vulnerable a tormentas y huracanes, por lo que record\u00f3 los estragos causados por el hurac\u00e1n Gilberto en 1988 y Wilma en 2005, donde la ciudadan\u00eda uni\u00f3 su fuerza y valor para salir adelante.<\/p>\n\n\n\n<p class=\"wp-block-paragraph\">Por su parte, el director de Protecci\u00f3n Civil, Antonio Riveroll Ribbon, dijo que \u201cen Benito Ju\u00e1rez, tenemos una alta cultura de prevenci\u00f3n y preparaci\u00f3n para huracanes y temas de riesgos\u201d, adem\u00e1s reconoci\u00f3 a las mujeres y hombres que han sido h\u00e9roes para proteger a la ciudadan\u00eda en emergencias y desastres nacionales e internacionales.<\/p>\n\n\n\n<p class=\"wp-block-paragraph\">Abund\u00f3 que en Protecci\u00f3n Civil se generan boletines de alerta preventiva, capacitaciones a la poblaci\u00f3n, se atienden reportes diarios sobre diferentes incidencias de la poblaci\u00f3n en coordinaci\u00f3n con otras dependencias, se supervisan eventos p\u00fablicos y privados, se eval\u00faan programas internos de negocios o lugares, sin faltar los servicios de guardavidas en playas p\u00fablicas, reflejando la gran vocaci\u00f3n de servicio de los cuerpos de emergencia.<\/p>\n\n\n\n<p class=\"wp-block-paragraph\">En este acto solemne, que se llev\u00f3 a cabo en Plaza de la Reforma, se rindieron honores al L\u00e1baro Patrio y posteriormente, la entonaci\u00f3n de los Himnos a Quintana Roo y Nacional Mexicano, en el que se reiter\u00f3 la cultura de prevenci\u00f3n para cualquier fen\u00f3meno hidrometeorol\u00f3gico y emergencias.<\/p>\n\n\n\n<p class=\"wp-block-paragraph\">Elementos de la Secretar\u00eda de Marina, Cruz Roja, Heroico Cuerpo de Bomberos, Secretaria Municipal de Seguridad Ciudadana y Tr\u00e1nsito, estuvieron presentes en este importante evento, con un despliegue de unidades, camionetas y ambulancias en la Plaza de la Reforma.<\/p>\n\n\n\n<figure class=\"wp-block-gallery has-nested-images columns-default is-cropped wp-block-gallery-1 is-layout-flex wp-block-gallery-is-layout-flex\">\n<figure class=\"wp-block-image size-large\"><img loading=\"lazy\" decoding=\"async\" width=\"1024\" height=\"690\" data-id=\"132591\" src=\"http:\/\/elcuartopoder.com.mx\/nw\/wp-content\/uploads\/2024\/09\/01-1024x690.jpeg\" alt=\"\" class=\"wp-image-132591\" srcset=\"https:\/\/elcuartopoder.com.mx\/nw\/wp-content\/uploads\/2024\/09\/01-1024x690.jpeg 1024w, https:\/\/elcuartopoder.com.mx\/nw\/wp-content\/uploads\/2024\/09\/01-300x202.jpeg 300w, https:\/\/elcuartopoder.com.mx\/nw\/wp-content\/uploads\/2024\/09\/01-768x518.jpeg 768w, https:\/\/elcuartopoder.com.mx\/nw\/wp-content\/uploads\/2024\/09\/01-696x469.jpeg 696w, https:\/\/elcuartopoder.com.mx\/nw\/wp-content\/uploads\/2024\/09\/01.jpeg 1280w\" sizes=\"auto, (max-width: 1024px) 100vw, 1024px\" \/><\/figure>\n\n\n\n<figure class=\"wp-block-image size-large\"><img loading=\"lazy\" decoding=\"async\" width=\"1024\" height=\"418\" data-id=\"132590\" src=\"http:\/\/elcuartopoder.com.mx\/nw\/wp-content\/uploads\/2024\/09\/03-1-1024x418.jpeg\" alt=\"\" class=\"wp-image-132590\" srcset=\"https:\/\/elcuartopoder.com.mx\/nw\/wp-content\/uploads\/2024\/09\/03-1-1024x418.jpeg 1024w, https:\/\/elcuartopoder.com.mx\/nw\/wp-content\/uploads\/2024\/09\/03-1-300x123.jpeg 300w, https:\/\/elcuartopoder.com.mx\/nw\/wp-content\/uploads\/2024\/09\/03-1-768x314.jpeg 768w, https:\/\/elcuartopoder.com.mx\/nw\/wp-content\/uploads\/2024\/09\/03-1-696x284.jpeg 696w, https:\/\/elcuartopoder.com.mx\/nw\/wp-content\/uploads\/2024\/09\/03-1.jpeg 1280w\" sizes=\"auto, (max-width: 1024px) 100vw, 1024px\" \/><\/figure>\n\n\n\n<figure class=\"wp-block-image size-large\"><img loading=\"lazy\" decoding=\"async\" width=\"1024\" height=\"634\" data-id=\"132589\" src=\"http:\/\/elcuartopoder.com.mx\/nw\/wp-content\/uploads\/2024\/09\/06-1-1024x634.jpeg\" alt=\"\" class=\"wp-image-132589\" srcset=\"https:\/\/elcuartopoder.com.mx\/nw\/wp-content\/uploads\/2024\/09\/06-1-1024x634.jpeg 1024w, https:\/\/elcuartopoder.com.mx\/nw\/wp-content\/uploads\/2024\/09\/06-1-300x186.jpeg 300w, https:\/\/elcuartopoder.com.mx\/nw\/wp-content\/uploads\/2024\/09\/06-1-768x475.jpeg 768w, https:\/\/elcuartopoder.com.mx\/nw\/wp-content\/uploads\/2024\/09\/06-1-356x220.jpeg 356w, https:\/\/elcuartopoder.com.mx\/nw\/wp-content\/uploads\/2024\/09\/06-1-696x431.jpeg 696w, https:\/\/elcuartopoder.com.mx\/nw\/wp-content\/uploads\/2024\/09\/06-1.jpeg 1280w\" sizes=\"auto, (max-width: 1024px) 100vw, 1024px\" \/><\/figure>\n\n\n\n<figure class=\"wp-block-image size-large\"><img loading=\"lazy\" decoding=\"async\" width=\"1024\" height=\"538\" data-id=\"132588\" src=\"http:\/\/elcuartopoder.com.mx\/nw\/wp-content\/uploads\/2024\/09\/07-1-1024x538.jpeg\" alt=\"\" class=\"wp-image-132588\" srcset=\"https:\/\/elcuartopoder.com.mx\/nw\/wp-content\/uploads\/2024\/09\/07-1-1024x538.jpeg 1024w, https:\/\/elcuartopoder.com.mx\/nw\/wp-content\/uploads\/2024\/09\/07-1-300x158.jpeg 300w, https:\/\/elcuartopoder.com.mx\/nw\/wp-content\/uploads\/2024\/09\/07-1-768x404.jpeg 768w, https:\/\/elcuartopoder.com.mx\/nw\/wp-content\/uploads\/2024\/09\/07-1-696x366.jpeg 696w, https:\/\/elcuartopoder.com.mx\/nw\/wp-content\/uploads\/2024\/09\/07-1.jpeg 1280w\" sizes=\"auto, (max-width: 1024px) 100vw, 1024px\" \/><\/figure>\n\n\n\n<figure class=\"wp-block-image size-large\"><img loading=\"lazy\" decoding=\"async\" width=\"1024\" height=\"682\" data-id=\"132592\" src=\"http:\/\/elcuartopoder.com.mx\/nw\/wp-content\/uploads\/2024\/09\/08-1024x682.jpeg\" alt=\"\" class=\"wp-image-132592\" srcset=\"https:\/\/elcuartopoder.com.mx\/nw\/wp-content\/uploads\/2024\/09\/08-1024x682.jpeg 1024w, https:\/\/elcuartopoder.com.mx\/nw\/wp-content\/uploads\/2024\/09\/08-300x200.jpeg 300w, https:\/\/elcuartopoder.com.mx\/nw\/wp-content\/uploads\/2024\/09\/08-768x512.jpeg 768w, https:\/\/elcuartopoder.com.mx\/nw\/wp-content\/uploads\/2024\/09\/08-696x464.jpeg 696w, https:\/\/elcuartopoder.com.mx\/nw\/wp-content\/uploads\/2024\/09\/08.jpeg 1280w\" sizes=\"auto, (max-width: 1024px) 100vw, 1024px\" \/><\/figure>\n\n\n\n<figure class=\"wp-block-image size-large\"><img loading=\"lazy\" decoding=\"async\" width=\"1024\" height=\"650\" data-id=\"132593\" src=\"http:\/\/elcuartopoder.com.mx\/nw\/wp-content\/uploads\/2024\/09\/09-1024x650.jpeg\" alt=\"\" class=\"wp-image-132593\" srcset=\"https:\/\/elcuartopoder.com.mx\/nw\/wp-content\/uploads\/2024\/09\/09-1024x650.jpeg 1024w, https:\/\/elcuartopoder.com.mx\/nw\/wp-content\/uploads\/2024\/09\/09-300x191.jpeg 300w, https:\/\/elcuartopoder.com.mx\/nw\/wp-content\/uploads\/2024\/09\/09-768x488.jpeg 768w, https:\/\/elcuartopoder.com.mx\/nw\/wp-content\/uploads\/2024\/09\/09-696x442.jpeg 696w, https:\/\/elcuartopoder.com.mx\/nw\/wp-content\/uploads\/2024\/09\/09.jpeg 1280w\" sizes=\"auto, (max-width: 1024px) 100vw, 1024px\" \/><\/figure>\n\n\n\n<figure class=\"wp-block-image size-large\"><img loading=\"lazy\" decoding=\"async\" width=\"1024\" height=\"576\" data-id=\"132594\" src=\"http:\/\/elcuartopoder.com.mx\/nw\/wp-content\/uploads\/2024\/09\/10-1024x576.jpeg\" alt=\"\" class=\"wp-image-132594\" srcset=\"https:\/\/elcuartopoder.com.mx\/nw\/wp-content\/uploads\/2024\/09\/10-1024x576.jpeg 1024w, https:\/\/elcuartopoder.com.mx\/nw\/wp-content\/uploads\/2024\/09\/10-300x169.jpeg 300w, https:\/\/elcuartopoder.com.mx\/nw\/wp-content\/uploads\/2024\/09\/10-768x432.jpeg 768w, https:\/\/elcuartopoder.com.mx\/nw\/wp-content\/uploads\/2024\/09\/10-696x392.jpeg 696w, https:\/\/elcuartopoder.com.mx\/nw\/wp-content\/uploads\/2024\/09\/10.jpeg 1280w\" sizes=\"auto, (max-width: 1024px) 100vw, 1024px\" \/><\/figure>\n\n\n\n<figure class=\"wp-block-image size-large\"><img loading=\"lazy\" decoding=\"async\" width=\"1024\" height=\"576\" data-id=\"132595\" src=\"http:\/\/elcuartopoder.com.mx\/nw\/wp-content\/uploads\/2024\/09\/11-1024x576.jpeg\" alt=\"\" class=\"wp-image-132595\" srcset=\"https:\/\/elcuartopoder.com.mx\/nw\/wp-content\/uploads\/2024\/09\/11-1024x576.jpeg 1024w, https:\/\/elcuartopoder.com.mx\/nw\/wp-content\/uploads\/2024\/09\/11-300x169.jpeg 300w, https:\/\/elcuartopoder.com.mx\/nw\/wp-content\/uploads\/2024\/09\/11-768x432.jpeg 768w, https:\/\/elcuartopoder.com.mx\/nw\/wp-content\/uploads\/2024\/09\/11-696x392.jpeg 696w, https:\/\/elcuartopoder.com.mx\/nw\/wp-content\/uploads\/2024\/09\/11.jpeg 1280w\" sizes=\"auto, (max-width: 1024px) 100vw, 1024px\" \/><\/figure>\n\n\n\n<figure class=\"wp-block-image size-large\"><img loading=\"lazy\" decoding=\"async\" width=\"1024\" height=\"792\" data-id=\"132596\" src=\"http:\/\/elcuartopoder.com.mx\/nw\/wp-content\/uploads\/2024\/09\/12-1024x792.jpeg\" alt=\"\" class=\"wp-image-132596\" srcset=\"https:\/\/elcuartopoder.com.mx\/nw\/wp-content\/uploads\/2024\/09\/12-1024x792.jpeg 1024w, https:\/\/elcuartopoder.com.mx\/nw\/wp-content\/uploads\/2024\/09\/12-300x232.jpeg 300w, https:\/\/elcuartopoder.com.mx\/nw\/wp-content\/uploads\/2024\/09\/12-768x594.jpeg 768w, https:\/\/elcuartopoder.com.mx\/nw\/wp-content\/uploads\/2024\/09\/12-696x538.jpeg 696w, https:\/\/elcuartopoder.com.mx\/nw\/wp-content\/uploads\/2024\/09\/12.jpeg 1280w\" sizes=\"auto, (max-width: 1024px) 100vw, 1024px\" \/><\/figure>\n<\/figure>\n","protected":false},"excerpt":{"rendered":"<p>Canc\u00fan, Q. Roo, a 19 de septiembre de 2024.-\u00a0Con un minuto de sirenas, autoridades del Ayuntamiento de Benito Ju\u00e1rez, conmemoraron el D\u00eda Nacional de Protecci\u00f3n Civil, realizando una ceremonia c\u00edvica para recordar los sismos del 19 de septiembre de 1985 y 2017, en los que se marca un antes y despu\u00e9s de los desastres naturales [&hellip;]<\/p>\n","protected":false},"author":2,"featured_media":132596,"comment_status":"open","ping_status":"open","sticky":false,"template":"","format":"standard","meta":{"footnotes":""},"categories":[6],"tags":[],"class_list":["post-132587","post","type-post","status-publish","format-standard","has-post-thumbnail","hentry","category-municipales"],"_links":{"self":[{"href":"https:\/\/elcuartopoder.com.mx\/nw\/wp-json\/wp\/v2\/posts\/132587","targetHints":{"allow":["GET"]}}],"collection":[{"href":"https:\/\/elcuartopoder.com.mx\/nw\/wp-json\/wp\/v2\/posts"}],"about":[{"href":"https:\/\/elcuartopoder.com.mx\/nw\/wp-json\/wp\/v2\/types\/post"}],"author":[{"embeddable":true,"href":"https:\/\/elcuartopoder.com.mx\/nw\/wp-json\/wp\/v2\/users\/2"}],"replies":[{"embeddable":true,"href":"https:\/\/elcuartopoder.com.mx\/nw\/wp-json\/wp\/v2\/comments?post=132587"}],"version-history":[{"count":1,"href":"https:\/\/elcuartopoder.com.mx\/nw\/wp-json\/wp\/v2\/posts\/132587\/revisions"}],"predecessor-version":[{"id":132597,"href":"https:\/\/elcuartopoder.com.mx\/nw\/wp-json\/wp\/v2\/posts\/132587\/revisions\/132597"}],"wp:featuredmedia":[{"embeddable":true,"href":"https:\/\/elcuartopoder.com.mx\/nw\/wp-json\/wp\/v2\/media\/132596"}],"wp:attachment":[{"href":"https:\/\/elcuartopoder.com.mx\/nw\/wp-json\/wp\/v2\/media?parent=132587"}],"wp:term":[{"taxonomy":"category","embeddable":true,"href":"https:\/\/elcuartopoder.com.mx\/nw\/wp-json\/wp\/v2\/categories?post=132587"},{"taxonomy":"post_tag","embeddable":true,"href":"https:\/\/elcuartopoder.com.mx\/nw\/wp-json\/wp\/v2\/tags?post=132587"}],"curies":[{"name":"wp","href":"https:\/\/api.w.org\/{rel}","templated":true}]}}