{"id":132601,"date":"2024-09-19T11:33:24","date_gmt":"2024-09-19T16:33:24","guid":{"rendered":"http:\/\/elcuartopoder.com.mx\/nw\/?p=132601"},"modified":"2024-09-19T11:33:28","modified_gmt":"2024-09-19T16:33:28","slug":"de-vivir-en-un-campo-de-refugiados-a-convertirse-en-estrella-de-champions-league","status":"publish","type":"post","link":"https:\/\/elcuartopoder.com.mx\/nw\/entretenimiento\/deportes\/de-vivir-en-un-campo-de-refugiados-a-convertirse-en-estrella-de-champions-league\/","title":{"rendered":"De vivir en un campo de refugiados a convertirse en estrella de Champions League"},"content":{"rendered":"\n<p class=\"wp-block-paragraph\">El f\u00fatbol tiene una gran cantidad de<strong>\u00a0historias detr\u00e1s de sus estrellas<\/strong>\u00a0de f\u00fatbol, as\u00ed como algunos\u00a0pasajes tr\u00e1gicos o tristes.\u00a0En esta ocasi\u00f3n vamos a contar la historia de uno de los j\u00f3venes m\u00e1s talentosos y codiciados en el mercado europeo, pero que antes de consagrarse tuvo que\u00a0<strong>vivir en un campo de refugiados\u00a0<\/strong>debido a la guerra que se viv\u00eda en Liberia. Mejor vamos a contar su historia.\u00a0<\/p>\n\n\n\n<p class=\"wp-block-paragraph\">En Europa juegan muchos jugadores que vienen&nbsp;<strong>procedentes de \u00c1frica<\/strong>&nbsp;y que cuenta con historias dignas de contar, pero pocos logran el \u00e9xito profesional antes de los 20 a\u00f1os. Por ese motivo vamos a hablar de una de las grandes estrellas del&nbsp;<strong>Bayern de M\u00fanich<\/strong>, club en el que logr\u00f3 demostrar todo su potencial y lo letal que puede ser el golpeo con su pierna izquierda.&nbsp;<\/p>\n\n\n\n<figure class=\"wp-block-image\"><img decoding=\"async\" src=\"https:\/\/heraldodemexico.com.mx\/u\/fotografias\/m\/2022\/5\/27\/f768x1-519451_519578_8041.png\" alt=\"\"\/><figcaption>La historia que vamos a contar trata de una figura de la Champions League (Archivo)<\/figcaption><\/figure>\n\n\n\n<h2 class=\"wp-block-heading\">Pas\u00f3 de vivir en un campo de refugiados a ser una estrella de la Champions&nbsp;<\/h2>\n\n\n\n<p class=\"wp-block-paragraph\">La historia que vamos a contar tiene como protagonista a<strong>&nbsp;Alphonso Davies,<\/strong>&nbsp;un jugador que representa a la selecci\u00f3n de Canad\u00e1, pero la realidad es que&nbsp;<strong>naci\u00f3 en Ghana&nbsp;<\/strong>y es de padres de Liberia. El defensor del Bayern M\u00fanich tiene un pasado bastante complicado, ya que sus padres tuvieron que dejar su pa\u00eds producto de la segunda guerra de Liberia. Lo que nadie se esperaba era que un a\u00f1o despu\u00e9s nacer\u00eda el<strong>&nbsp;futuro capit\u00e1n de Canad\u00e1.<\/strong><\/p>\n\n\n\n<p class=\"wp-block-paragraph\">El conflicto b\u00e9lico que se present\u00f3 en 1999 en Liberia hizo que&nbsp;<strong>Debeah y Victoria decidieran escapar del pa\u00eds<\/strong>&nbsp;para buscar un mejor futuro para su familia. Despu\u00e9s de atravesar Costa de Marfil y terminar como refugiados en Buduburam, Ghana, llegar\u00e1<strong>&nbsp;Davies a sus vidas,<\/strong>&nbsp;el primer hijo de la pareja. Se dice que el sonido de las metralletas fue la principal arma de supervivencia que grabaron los primeros pasos de Alphonso.&nbsp;Davies vivi\u00f3 sus primeros cinco a\u00f1os de vida en el campo de refugiados (IG: alphonsodavies)<\/p>\n\n\n\n<p class=\"wp-block-paragraph\">Despu\u00e9s de negarse a empu\u00f1ar un arma e imaginar que su hijo lo podr\u00eda hacer en el futuro, Debeah, el pap\u00e1 de Alphonso Davies, se apunt\u00f3 en el&nbsp;<strong>programa de Reasentamiento<\/strong>. Fue cuando consigui\u00f3 dejar atr\u00e1s la vida en el campo de refugiados para comenzar una nueva vida en Canad\u00e1.&nbsp;<\/p>\n\n\n\n<p class=\"wp-block-paragraph\">\u00abA menudo me pregunto d\u00f3nde estar\u00eda hoy si me hubiera quedado en ese campo de refugiados&nbsp;y no me hubiera beneficiado de las oportunidades que tuve gracias al reasentamiento\u00bb, dijo&nbsp; Davies en entrevista a ACNUR.<\/p>\n\n\n\n<figure class=\"wp-block-image\"><img decoding=\"async\" src=\"https:\/\/heraldodemexico.com.mx\/u\/fotografias\/m\/2024\/9\/17\/f768x1-1011289_1011416_5050.jpg\" alt=\"\"\/><figcaption>Davies es el capit\u00e1n de la Selecci\u00f3n de Canad\u00e1 (IG: alphonsodavies)<\/figcaption><\/figure>\n\n\n\n<h2 class=\"wp-block-heading\">Lo que le cambi\u00f3 la vida a Davies&nbsp;<\/h2>\n\n\n\n<p class=\"wp-block-paragraph\">La familia se present\u00f3 a la entrevista para<strong>&nbsp;emigrar a Canad\u00e1<\/strong>. Despu\u00e9s de pasar las pruebas y ser aceptados para reestablecerse en la naci\u00f3n de la hoja de maple, Davies, de 5 a\u00f1os, y su familia comenzar\u00edan a echar ra\u00edces en Edmonton. Se tiene que mencionar que los inicies en el pa\u00eds del norte del continente americano no fueron sencillos.<\/p>\n\n\n\n<p class=\"wp-block-paragraph\">Mientras que sus padres trabajan muchas horas para poder llevar comida a la casa, Davies deb\u00eda de cuidar a sus dos hermanos peque\u00f1os mientras asist\u00eda a la escuela. Fue gracias a su tiempo en dentro de las paredes el centro educativo comenzaron a florar los dotes atl\u00e9ticos de Alphonso Davies.&nbsp;<strong>Melissa Guzzo<\/strong>, la profesora de sexto grado y entrenadora, fue la encargada de&nbsp;<strong>revelar el diamante en bruto&nbsp;<\/strong>que ten\u00eda frente a ella.&nbsp;<\/p>\n\n\n\n<figure class=\"wp-block-image\"><img decoding=\"async\" src=\"https:\/\/heraldodemexico.com.mx\/u\/fotografias\/m\/2024\/9\/17\/f768x1-1011291_1011418_5050.jpg\" alt=\"\"\/><figcaption>Alphonso Davies es uno de los mejores laterales izquierdos de la historia (IG: alphonsodavies)<\/figcaption><\/figure>\n\n\n\n<h2 class=\"wp-block-heading\">El camino al estrellato<\/h2>\n\n\n\n<p class=\"wp-block-paragraph\">Davies debut\u00f3 en la&nbsp;<strong>MLS<\/strong>, liga de f\u00fatbol m\u00e1s importante de Estados Unidos y Canad\u00e1, con tan solo<strong>&nbsp;15 a\u00f1os.<\/strong>&nbsp;El Vancouver Whitecaps fue el club que le dar\u00eda la oportunidad de mostrar su talento en la categor\u00eda m\u00e1xima. Un a\u00f1o despu\u00e9s debutar\u00eda en la selecci\u00f3n de Canad\u00e1. Gracias a sus buenas actuaciones en la MLS y con el equipo nacional, Davies fue fichado por el&nbsp;<strong>Bayern M\u00fanich cuando cumpli\u00f3 la mayor\u00eda de edad.<\/strong><\/p>\n\n\n\n<p class=\"wp-block-paragraph\">Ahora, cerca de cumplir 24 a\u00f1os, Davies es una de las&nbsp;<strong>estrellas a nivel mundial<\/strong>&nbsp;cuando se habla de laterales izquierdos. Adem\u00e1s de ser el&nbsp;<strong>capit\u00e1n de la Selecci\u00f3n de Canad\u00e1<\/strong>. Alphonso es considerado por muchos de los grandes clubes del viejo continente para reforzar su \u00faltima l\u00ednea. Lo que es una realidad es que defiende la camiseta del Bayern en esta&nbsp;<strong>Champions League.<\/strong><\/p>\n","protected":false},"excerpt":{"rendered":"<p>El f\u00fatbol tiene una gran cantidad de\u00a0historias detr\u00e1s de sus estrellas\u00a0de f\u00fatbol, as\u00ed como algunos\u00a0pasajes tr\u00e1gicos o tristes.\u00a0En esta ocasi\u00f3n vamos a contar la historia de uno de los j\u00f3venes m\u00e1s talentosos y codiciados en el mercado europeo, pero que antes de consagrarse tuvo que\u00a0vivir en un campo de refugiados\u00a0debido a la guerra que se [&hellip;]<\/p>\n","protected":false},"author":2,"featured_media":132602,"comment_status":"open","ping_status":"open","sticky":false,"template":"","format":"standard","meta":{"footnotes":""},"categories":[7],"tags":[],"class_list":["post-132601","post","type-post","status-publish","format-standard","has-post-thumbnail","hentry","category-deportes"],"_links":{"self":[{"href":"https:\/\/elcuartopoder.com.mx\/nw\/wp-json\/wp\/v2\/posts\/132601","targetHints":{"allow":["GET"]}}],"collection":[{"href":"https:\/\/elcuartopoder.com.mx\/nw\/wp-json\/wp\/v2\/posts"}],"about":[{"href":"https:\/\/elcuartopoder.com.mx\/nw\/wp-json\/wp\/v2\/types\/post"}],"author":[{"embeddable":true,"href":"https:\/\/elcuartopoder.com.mx\/nw\/wp-json\/wp\/v2\/users\/2"}],"replies":[{"embeddable":true,"href":"https:\/\/elcuartopoder.com.mx\/nw\/wp-json\/wp\/v2\/comments?post=132601"}],"version-history":[{"count":1,"href":"https:\/\/elcuartopoder.com.mx\/nw\/wp-json\/wp\/v2\/posts\/132601\/revisions"}],"predecessor-version":[{"id":132603,"href":"https:\/\/elcuartopoder.com.mx\/nw\/wp-json\/wp\/v2\/posts\/132601\/revisions\/132603"}],"wp:featuredmedia":[{"embeddable":true,"href":"https:\/\/elcuartopoder.com.mx\/nw\/wp-json\/wp\/v2\/media\/132602"}],"wp:attachment":[{"href":"https:\/\/elcuartopoder.com.mx\/nw\/wp-json\/wp\/v2\/media?parent=132601"}],"wp:term":[{"taxonomy":"category","embeddable":true,"href":"https:\/\/elcuartopoder.com.mx\/nw\/wp-json\/wp\/v2\/categories?post=132601"},{"taxonomy":"post_tag","embeddable":true,"href":"https:\/\/elcuartopoder.com.mx\/nw\/wp-json\/wp\/v2\/tags?post=132601"}],"curies":[{"name":"wp","href":"https:\/\/api.w.org\/{rel}","templated":true}]}}