{"id":132607,"date":"2024-09-19T11:39:18","date_gmt":"2024-09-19T16:39:18","guid":{"rendered":"http:\/\/elcuartopoder.com.mx\/nw\/?p=132607"},"modified":"2024-09-19T11:39:22","modified_gmt":"2024-09-19T16:39:22","slug":"indigenas-desplazados-de-chenalho-exigen-regresar-a-su-comunidad","status":"publish","type":"post","link":"https:\/\/elcuartopoder.com.mx\/nw\/nacionales\/indigenas-desplazados-de-chenalho-exigen-regresar-a-su-comunidad\/","title":{"rendered":"Ind\u00edgenas desplazados de Chenalh\u00f3 exigen regresar a su comunidad"},"content":{"rendered":"\n<p class=\"wp-block-paragraph\"><em>San Crist\u00f3bal de Las Casas, Chis.<\/em>, Decenas de ind\u00edgenas tsotsiles desplazados hace dos a\u00f1os de la comunidad de Santa Martha, municipio de Chenalh\u00f3, por disputas agrarias, marcharon este mi\u00e9rcoles en Tuxtla Guti\u00e9rrez para exigir su retorno y el pago por los da\u00f1os que les ocasionaron cuando los desterraron.<\/p>\n\n\n\n<p class=\"wp-block-paragraph\">&nbsp;Manuel G\u00f3mez Velasco, uno de los representes del grupo, dijo que tambi\u00e9n est\u00e1n demandado la aparici\u00f3n de una familia integrada por cinco personas, incluidos tres ni\u00f1os, desparecidos a finales de septiembre de 2022 cuando fueron expulsados m\u00e1s de 250 pobladores.<\/p>\n\n\n\n<p class=\"wp-block-paragraph\">&nbsp;\u201cEl gobierno nos da una fecha y luego otra; puras largas y no van a buscarlos\u201d, agreg\u00f3, al tiempo de advertir que si las autoridades no buscan a sus compa\u00f1eros, los desplazados instalar\u00e1n un plant\u00f3n en la capital del estado en los pr\u00f3ximos d\u00edas.<\/p>\n\n\n\n<p class=\"wp-block-paragraph\">&nbsp;G\u00f3mez Velasco record\u00f3 que los m\u00e1s de 250 ind\u00edgenas fueron desplazados a finales de septiembre de 2022 por disputas agrarias, y sus casas fueron destruidas o da\u00f1adas. Desde esa fecha se encuentran viviendo en una bodega ubicada en la comunidad de Polh\u00f3, Chenalh\u00f3.<\/p>\n\n\n\n<p class=\"wp-block-paragraph\">&nbsp;Se\u00f1al\u00f3 que las autoridades les proporcionan alimentos, pero \u201cs\u00f3lo nos dan sardinas, arroz y frijol; aburre comer lo mismo todos los d\u00edas\u201d.<\/p>\n\n\n\n<p class=\"wp-block-paragraph\">&nbsp;Los aproximadamente 50 desplazados, entre ellos varios ni\u00f1os, marcharon por la ma\u00f1ana del parque 5 de Mayo a la plaza central de Tuxtla Guti\u00e9rrez.<\/p>\n\n\n\n<p class=\"wp-block-paragraph\">&nbsp;Manuel G\u00f3mez asegur\u00f3 que los habitantes de Santa Martha no se oponen a que regresen a la comunidad, sino que son siete u ocho l\u00edderes encabezados por las autoridades ejidales los que se oponen y le informan a las autoridades que por usos y costumbres la gente se opone.<\/p>\n\n\n\n<p class=\"wp-block-paragraph\">&nbsp;\u201cEs pura mentira. Lo sabemos porque tenemos familiares que nos informan. En la comunidad tenemos cafetales y tierras para trabajar, pero si estamos desplazados nada podemos hacer y ya nos cansamos\u201d.<\/p>\n","protected":false},"excerpt":{"rendered":"<p>San Crist\u00f3bal de Las Casas, Chis., Decenas de ind\u00edgenas tsotsiles desplazados hace dos a\u00f1os de la comunidad de Santa Martha, municipio de Chenalh\u00f3, por disputas agrarias, marcharon este mi\u00e9rcoles en Tuxtla Guti\u00e9rrez para exigir su retorno y el pago por los da\u00f1os que les ocasionaron cuando los desterraron. &nbsp;Manuel G\u00f3mez Velasco, uno de los representes [&hellip;]<\/p>\n","protected":false},"author":2,"featured_media":132608,"comment_status":"open","ping_status":"open","sticky":false,"template":"","format":"standard","meta":{"footnotes":""},"categories":[55],"tags":[],"class_list":["post-132607","post","type-post","status-publish","format-standard","has-post-thumbnail","hentry","category-nacionales"],"_links":{"self":[{"href":"https:\/\/elcuartopoder.com.mx\/nw\/wp-json\/wp\/v2\/posts\/132607","targetHints":{"allow":["GET"]}}],"collection":[{"href":"https:\/\/elcuartopoder.com.mx\/nw\/wp-json\/wp\/v2\/posts"}],"about":[{"href":"https:\/\/elcuartopoder.com.mx\/nw\/wp-json\/wp\/v2\/types\/post"}],"author":[{"embeddable":true,"href":"https:\/\/elcuartopoder.com.mx\/nw\/wp-json\/wp\/v2\/users\/2"}],"replies":[{"embeddable":true,"href":"https:\/\/elcuartopoder.com.mx\/nw\/wp-json\/wp\/v2\/comments?post=132607"}],"version-history":[{"count":1,"href":"https:\/\/elcuartopoder.com.mx\/nw\/wp-json\/wp\/v2\/posts\/132607\/revisions"}],"predecessor-version":[{"id":132609,"href":"https:\/\/elcuartopoder.com.mx\/nw\/wp-json\/wp\/v2\/posts\/132607\/revisions\/132609"}],"wp:featuredmedia":[{"embeddable":true,"href":"https:\/\/elcuartopoder.com.mx\/nw\/wp-json\/wp\/v2\/media\/132608"}],"wp:attachment":[{"href":"https:\/\/elcuartopoder.com.mx\/nw\/wp-json\/wp\/v2\/media?parent=132607"}],"wp:term":[{"taxonomy":"category","embeddable":true,"href":"https:\/\/elcuartopoder.com.mx\/nw\/wp-json\/wp\/v2\/categories?post=132607"},{"taxonomy":"post_tag","embeddable":true,"href":"https:\/\/elcuartopoder.com.mx\/nw\/wp-json\/wp\/v2\/tags?post=132607"}],"curies":[{"name":"wp","href":"https:\/\/api.w.org\/{rel}","templated":true}]}}