{"id":132610,"date":"2024-09-19T11:41:06","date_gmt":"2024-09-19T16:41:06","guid":{"rendered":"http:\/\/elcuartopoder.com.mx\/nw\/?p=132610"},"modified":"2024-09-19T11:41:08","modified_gmt":"2024-09-19T16:41:08","slug":"lopez-beltran-no-ira-por-secretaria-general-de-morena-delgado","status":"publish","type":"post","link":"https:\/\/elcuartopoder.com.mx\/nw\/politica\/lopez-beltran-no-ira-por-secretaria-general-de-morena-delgado\/","title":{"rendered":"L\u00f3pez Beltr\u00e1n no ir\u00e1 por Secretar\u00eda general de Morena: Delgado"},"content":{"rendered":"\n<p class=\"wp-block-paragraph\"><em>Ciudad de M\u00e9xico.<\/em>&nbsp;El presidente nacional de Morena, Mario Delgado, indic\u00f3 que el domingo pr\u00f3ximo, la presidenta electa, Claudia Sheinbaum Pardo, dar\u00e1 un mensaje en la instalaci\u00f3n del Congreso Nacional Extraordinario del partido, donde tres mil congresistas elegir\u00e1n a su nueva dirigencia, en el World Trade Center. Se\u00f1al\u00f3 que Andr\u00e9s L\u00f3pez Beltr\u00e1n no ir\u00e1 por la secretar\u00eda general, sino por otra cartera.<\/p>\n\n\n\n<p class=\"wp-block-paragraph\">A su arribo a la casa de transici\u00f3n, para reunirse con la presidenta electa, sostuvo que todo est\u00e1 listo para el encuentro, al que tambi\u00e9n acudir\u00e1n los gobernadores morenistas e invitados especiales.<\/p>\n\n\n\n<p class=\"wp-block-paragraph\">El Congreso se realizar\u00e1 en tres etapas. A la primera parte, la instalaci\u00f3n, entre 10 y 11 de la ma\u00f1ana, los medios de comunicaci\u00f3n podr\u00e1n estar presentes. \u201cDespu\u00e9s iniciaremos los trabajos propios del Congreso Nacional (a puerta cerrada), y al final se les convocar\u00e1 nuevamente (a la prensa) para conocer los resultados de quienes fueron electos por los congresistas como los nuevos dirigentes\u201d, explic\u00f3.<\/p>\n\n\n\n<p class=\"wp-block-paragraph\">Delgado mencion\u00f3 que se renovar\u00e1n 11 carteras del Comit\u00e9 Ejecutivo Nacional, y que hasta ahora solo Luisa Mar\u00eda Alcalde ha manifestado inter\u00e9s por ser presidenta del partido.<\/p>\n\n\n\n<p class=\"wp-block-paragraph\">-\u00bfY para la secretar\u00eda general?<br>-Pues es quien se proponga ah\u00ed el domingo. No conozco a nadie que se haya propuesto.<br>&nbsp;<br>-\u00bfL\u00f3pez Beltr\u00e1n no se ha propuesto?<br>-\u00c9l\u2026 se ha hablado sobre otra cartera. Pero bueno, el domingo sabremos.<\/p>\n","protected":false},"excerpt":{"rendered":"<p>Ciudad de M\u00e9xico.&nbsp;El presidente nacional de Morena, Mario Delgado, indic\u00f3 que el domingo pr\u00f3ximo, la presidenta electa, Claudia Sheinbaum Pardo, dar\u00e1 un mensaje en la instalaci\u00f3n del Congreso Nacional Extraordinario del partido, donde tres mil congresistas elegir\u00e1n a su nueva dirigencia, en el World Trade Center. Se\u00f1al\u00f3 que Andr\u00e9s L\u00f3pez Beltr\u00e1n no ir\u00e1 por la [&hellip;]<\/p>\n","protected":false},"author":2,"featured_media":132611,"comment_status":"open","ping_status":"open","sticky":false,"template":"","format":"standard","meta":{"footnotes":""},"categories":[61],"tags":[],"class_list":["post-132610","post","type-post","status-publish","format-standard","has-post-thumbnail","hentry","category-politica"],"_links":{"self":[{"href":"https:\/\/elcuartopoder.com.mx\/nw\/wp-json\/wp\/v2\/posts\/132610","targetHints":{"allow":["GET"]}}],"collection":[{"href":"https:\/\/elcuartopoder.com.mx\/nw\/wp-json\/wp\/v2\/posts"}],"about":[{"href":"https:\/\/elcuartopoder.com.mx\/nw\/wp-json\/wp\/v2\/types\/post"}],"author":[{"embeddable":true,"href":"https:\/\/elcuartopoder.com.mx\/nw\/wp-json\/wp\/v2\/users\/2"}],"replies":[{"embeddable":true,"href":"https:\/\/elcuartopoder.com.mx\/nw\/wp-json\/wp\/v2\/comments?post=132610"}],"version-history":[{"count":1,"href":"https:\/\/elcuartopoder.com.mx\/nw\/wp-json\/wp\/v2\/posts\/132610\/revisions"}],"predecessor-version":[{"id":132612,"href":"https:\/\/elcuartopoder.com.mx\/nw\/wp-json\/wp\/v2\/posts\/132610\/revisions\/132612"}],"wp:featuredmedia":[{"embeddable":true,"href":"https:\/\/elcuartopoder.com.mx\/nw\/wp-json\/wp\/v2\/media\/132611"}],"wp:attachment":[{"href":"https:\/\/elcuartopoder.com.mx\/nw\/wp-json\/wp\/v2\/media?parent=132610"}],"wp:term":[{"taxonomy":"category","embeddable":true,"href":"https:\/\/elcuartopoder.com.mx\/nw\/wp-json\/wp\/v2\/categories?post=132610"},{"taxonomy":"post_tag","embeddable":true,"href":"https:\/\/elcuartopoder.com.mx\/nw\/wp-json\/wp\/v2\/tags?post=132610"}],"curies":[{"name":"wp","href":"https:\/\/api.w.org\/{rel}","templated":true}]}}