{"id":132613,"date":"2024-09-19T11:43:26","date_gmt":"2024-09-19T16:43:26","guid":{"rendered":"http:\/\/elcuartopoder.com.mx\/nw\/?p=132613"},"modified":"2024-09-19T11:43:30","modified_gmt":"2024-09-19T16:43:30","slug":"cuales-son-los-efectos-negativos-de-largo-plazo-de-la-polarizacion-politica","status":"publish","type":"post","link":"https:\/\/elcuartopoder.com.mx\/nw\/destacadas\/cuales-son-los-efectos-negativos-de-largo-plazo-de-la-polarizacion-politica\/","title":{"rendered":"Cu\u00e1les son los efectos negativos de largo plazo de la polarizaci\u00f3n pol\u00edtica"},"content":{"rendered":"\n<p class=\"wp-block-paragraph\">De manera c\u00edclica, las sociedades se enfrentan a procesos de polarizaci\u00f3n. De acuerdo con el art\u00edculo \u201cLa polarizaci\u00f3n pol\u00edtica en Espa\u00f1a: \u00bfdesaf\u00edo u oportunidad para la democracia?\u201d, de Mikel Barreda, la polarizaci\u00f3n se refiere \u201cal grado de divisi\u00f3n y fractura que hay en una sociedad entre individuos o grupos por motivos pol\u00edticos de ingresos religiosos, territoriales\u2026 sobre la base de criterios ideol\u00f3gicos\u201d.<\/p>\n\n\n\n<p class=\"wp-block-paragraph\">La polarizaci\u00f3n implica entonces que se generalizan visiones fundamentalistas contrapuestas, basadas en visiones ideol\u00f3gicas y no en datos o informaci\u00f3n corroborable y verificable por terceros, que t\u00edpicamente contraponen visiones de lo que es deseable y de lo que es indeseable, absolutamente confrontadas.<\/p>\n\n\n\n<p class=\"wp-block-paragraph\">Hoy, este fen\u00f3meno se aprecia incluso en sociedades tradicionalmente abiertas a la diversidad y a la discusi\u00f3n, al igual que en sociedades con m\u00e1s tendencia a gobiernos monol\u00edticos y dominantes. Pero m\u00e1s all\u00e1 de la caracterizaci\u00f3n, la polarizaci\u00f3n genera serios riesgos para el futuro de las sociedades.<\/p>\n\n\n\n<p class=\"wp-block-paragraph\">Uno muy importante, se refiere al hecho de que, bajo esta visi\u00f3n, el proceso pol\u00edtico se rige en visiones maximalistas, en donde la competencia pol\u00edtica se reduce a \u201ctodo o nada\u201d; se busca obtener todo y toda costa, todos los triunfos e impedir que el que es considerado adversario, tenga alguno.<\/p>\n\n\n\n<p class=\"wp-block-paragraph\">Esto se aprecia frecuentemente, por ejemplo, en las \u201cdiscusiones\u201d en redes sociales, en las que las personas festejan triunfos de la fracci\u00f3n a la que se creen pertenecientes, como si fueran el resultado de un encuentro deportivo en los que su equipo gan\u00f3 a su rival ac\u00e9rrimo, encontrando expresiones casi de placer en el avasallamiento del adversario.<\/p>\n\n\n\n<p class=\"wp-block-paragraph\">Entonces, las fracciones pol\u00edticas buscan crear condiciones para asegurar su continua victoria en todos y cada uno de los procesos, en los que perciben confrontaci\u00f3n con un adversario y, sus seguidores justifican cualquier camino o v\u00eda (leg\u00edtima o no), para para triunfar sobre el rival.<\/p>\n\n\n\n<p class=\"wp-block-paragraph\">Un segundo aspecto importante es que, tanto a nivel biol\u00f3gico, como econ\u00f3mico y social, la diversidad (en este caso de opiniones) propicia una amplitud de \u201cmaterial\u201d, de visiones y propuestas y, en lo pol\u00edtico, la discusi\u00f3n con visiones diversas de los fen\u00f3menos, de problemas y de aspectos del futuro posible, incorporan un sinn\u00famero de alternativas y, en esa discusi\u00f3n se enriquece la capacidad de generaci\u00f3n de propuestas con resultados \u00f3ptimos y se establecen consensos que concilian distintos intereses con visiones posibles de soluci\u00f3n.<\/p>\n\n\n\n<p class=\"wp-block-paragraph\">Los procesos de polarizaci\u00f3n conducen por el contrario al establecimiento de visiones \u00fanicas que muy rara vez en la historia, han mostrado ser efectivas para atender problemas complejos, sin generar procesos que subordinan la atenci\u00f3n de los temas a la concentraci\u00f3n de poder.<\/p>\n\n\n\n<p class=\"wp-block-paragraph\">Otra condici\u00f3n que genera efectos de largo plazo est\u00e1 referida al hecho de que las visiones adversariales tienden a generar efectos emocionales de largo plazo. La historia muestra que, despu\u00e9s de procesos polarizados, la confrontaci\u00f3n genera una animadversi\u00f3n que perdura. Y ello implica, que, aun disminuyendo la fuente de la polarizaci\u00f3n, la capacidad de generaci\u00f3n de acuerdos se ve mermada en el futuro.<\/p>\n\n\n\n<p class=\"wp-block-paragraph\">Finalmente, los procesos de polarizaci\u00f3n, por su propia naturaleza, tienen enfoques ideol\u00f3gicos y visiones reduccionistas. No s\u00f3lo no se apoyan en datos ni informaci\u00f3n verificable, sino que tienden a demeritar la validez de \u00e9stos para evitar un cuestionamiento que descarrile los fundamentos de la posici\u00f3n ideol\u00f3gica.<\/p>\n\n\n\n<p class=\"wp-block-paragraph\">Ello tambi\u00e9n ejerce un efecto de largo plazo, porque la experiencia muestra que se invalida la relevancia de los datos, se invalida la relevancia del an\u00e1lisis met\u00f3dico y cient\u00edfico; se trata de atribuir, en ocasiones con una peque\u00f1a dosis de verdad, un enfoque ideol\u00f3gico a la ciencia.<\/p>\n\n\n\n<p class=\"wp-block-paragraph\">Pero la principal validez de la ciencia no es que sea utilizada para soportar una visi\u00f3n ideol\u00f3gica, es su validez est\u00e1 en el mecanismo cient\u00edfico de validaci\u00f3n, discusi\u00f3n y verificaci\u00f3n de la informaci\u00f3n.<\/p>\n\n\n\n<p class=\"wp-block-paragraph\">Estos fen\u00f3menos los vemos m\u00e1s visibles, en quienes en el entorno de polarizaci\u00f3n tiene elementos para detentar el poder, pero de ninguna manera son ajenos a quienes desde el otro extremo discuten ideol\u00f3gicamente como adversarios. Porque entornos polarizados, los m\u00e1s estridentes, los m\u00e1s radicales y los m\u00e1s dogm\u00e1ticos son quienes m\u00e1s participan en la discusi\u00f3n.<\/p>\n","protected":false},"excerpt":{"rendered":"<p>De manera c\u00edclica, las sociedades se enfrentan a procesos de polarizaci\u00f3n. De acuerdo con el art\u00edculo \u201cLa polarizaci\u00f3n pol\u00edtica en Espa\u00f1a: \u00bfdesaf\u00edo u oportunidad para la democracia?\u201d, de Mikel Barreda, la polarizaci\u00f3n se refiere \u201cal grado de divisi\u00f3n y fractura que hay en una sociedad entre individuos o grupos por motivos pol\u00edticos de ingresos religiosos, [&hellip;]<\/p>\n","protected":false},"author":2,"featured_media":132614,"comment_status":"open","ping_status":"open","sticky":false,"template":"","format":"standard","meta":{"footnotes":""},"categories":[59],"tags":[],"class_list":["post-132613","post","type-post","status-publish","format-standard","has-post-thumbnail","hentry","category-destacadas"],"_links":{"self":[{"href":"https:\/\/elcuartopoder.com.mx\/nw\/wp-json\/wp\/v2\/posts\/132613","targetHints":{"allow":["GET"]}}],"collection":[{"href":"https:\/\/elcuartopoder.com.mx\/nw\/wp-json\/wp\/v2\/posts"}],"about":[{"href":"https:\/\/elcuartopoder.com.mx\/nw\/wp-json\/wp\/v2\/types\/post"}],"author":[{"embeddable":true,"href":"https:\/\/elcuartopoder.com.mx\/nw\/wp-json\/wp\/v2\/users\/2"}],"replies":[{"embeddable":true,"href":"https:\/\/elcuartopoder.com.mx\/nw\/wp-json\/wp\/v2\/comments?post=132613"}],"version-history":[{"count":1,"href":"https:\/\/elcuartopoder.com.mx\/nw\/wp-json\/wp\/v2\/posts\/132613\/revisions"}],"predecessor-version":[{"id":132615,"href":"https:\/\/elcuartopoder.com.mx\/nw\/wp-json\/wp\/v2\/posts\/132613\/revisions\/132615"}],"wp:featuredmedia":[{"embeddable":true,"href":"https:\/\/elcuartopoder.com.mx\/nw\/wp-json\/wp\/v2\/media\/132614"}],"wp:attachment":[{"href":"https:\/\/elcuartopoder.com.mx\/nw\/wp-json\/wp\/v2\/media?parent=132613"}],"wp:term":[{"taxonomy":"category","embeddable":true,"href":"https:\/\/elcuartopoder.com.mx\/nw\/wp-json\/wp\/v2\/categories?post=132613"},{"taxonomy":"post_tag","embeddable":true,"href":"https:\/\/elcuartopoder.com.mx\/nw\/wp-json\/wp\/v2\/tags?post=132613"}],"curies":[{"name":"wp","href":"https:\/\/api.w.org\/{rel}","templated":true}]}}