{"id":132616,"date":"2024-09-19T11:45:58","date_gmt":"2024-09-19T16:45:58","guid":{"rendered":"http:\/\/elcuartopoder.com.mx\/nw\/?p=132616"},"modified":"2024-09-19T11:46:01","modified_gmt":"2024-09-19T16:46:01","slug":"alfaro-insiste-en-nuevo-pacto-fiscal-jalisco-aporta-8-de-cada-100-pesos-a-la-federacion","status":"publish","type":"post","link":"https:\/\/elcuartopoder.com.mx\/nw\/economia\/alfaro-insiste-en-nuevo-pacto-fiscal-jalisco-aporta-8-de-cada-100-pesos-a-la-federacion\/","title":{"rendered":"Alfaro insiste en nuevo pacto fiscal; Jalisco aporta 8 de cada 100 pesos a la federaci\u00f3n"},"content":{"rendered":"\n<p class=\"wp-block-paragraph\">El gobernador de Jalisco, Enrique Alfaro, insisti\u00f3 en que ese estado aporta 8 de cada 100 pesos de los recursos fiscales que ingresan a las arcas federales y a cambio, recibe un presupuesto de menos de dos pesos de cada 100.<\/p>\n\n\n\n<p class=\"wp-block-paragraph\">Guadalajara, Jal. La discusi\u00f3n del&nbsp;<strong>Pacto Fiscal<\/strong>&nbsp;y del uso del presupuesto de todos los mexicanos, \u00abno va a quedar nada m\u00e1s en un planteamiento pol\u00edtico, sino en el establecimiento de una agenda de futuro para Jalisco y para la Rep\u00fablica\u00bb, afirm\u00f3 el gobernador de Jalisco, Enrique Alfaro Ram\u00edrez, a poco m\u00e1s de dos meses de concluir su gesti\u00f3n.<\/p>\n\n\n\n<p class=\"wp-block-paragraph\">Durante la entrega del Premio Estatal de Innovaci\u00f3n, Ciencia y Tecnolog\u00eda 2024, el mandatario jalisciense denunci\u00f3 que el gobierno federal \u00ababandon\u00f3 la agenda de Ciencia y Tecnolog\u00eda\u00bb, por lo que, una vez que la federaci\u00f3n elimin\u00f3 los Fondos Mixtos (FOMIX), Jalisco decidi\u00f3 \u00abentrarle al quite\u00bb con los recursos estatales.<\/p>\n\n\n\n<p class=\"wp-block-paragraph\">\u00abPorque de manera unilateral a nivel nacional deciden borrar la agenda de Ciencia y Tecnolog\u00eda y los estados que movemos al pa\u00eds, los estados que somos la locomotora de la econom\u00eda nacional, tenemos que asumir toda la responsabilidad, toda la carga presupuestal de esas&nbsp;<strong>decisiones que se toman en la Ciudad de M\u00e9xico<\/strong>\u00ab, subray\u00f3 Alfaro Ram\u00edrez.<\/p>\n\n\n\n<p class=\"wp-block-paragraph\">\u00abY si a eso le agregamos que un estado como este, que le aporta casi 8 de cada 100 pesos a la econom\u00eda del pa\u00eds, y a cambio solo recibe menos de dos de cada 100 pesos, pues tenemos ah\u00ed un argumento muy potente para entender la importante de\u00a0este debate sobre el federalismo fiscal y sobre lo que viene a futuro; no es una agenda solamente de car\u00e1cter gubernamental, impacta en todos los \u00e1mbitos\u00bb, enfatiz\u00f3.<\/p>\n\n\n\n<h2 class=\"wp-block-heading\">L\u00edder innovador&nbsp;<\/h2>\n\n\n\n<p class=\"wp-block-paragraph\">De acuerdo con Alfaro, las decisiones que se tomaron este sexenio a nivel federal en torno al ecosistema de Innovaci\u00f3n, Ciencia y Tecnolog\u00eda, \u00abvan a pasarle una factura a este pa\u00eds alt\u00edsima\u00bb, mientras que la apuesta de Jalisco hacia este rubro fue a la inversa.<\/p>\n\n\n\n<p class=\"wp-block-paragraph\">El gobernador destac\u00f3 que en registros de patentes e invenciones, la entidad se ubica en segundo lugar nacional \u00abpegadito a la Ciudad de M\u00e9xico\u00bb que ocupa el primer sitio.<\/p>\n\n\n\n<p class=\"wp-block-paragraph\">\u00abEn el caso de patentes con m\u00e1s del doble que Nuevo Le\u00f3n, y en el caso de invenciones tambi\u00e9n casi el doble que Nuevo Le\u00f3n\u00bb.<\/p>\n\n\n\n<p class=\"wp-block-paragraph\">Adem\u00e1s, dijo, el Global Index de Speedtest acaba de calificar a Guadalajara como la ciudad con el mejor internet de todo M\u00e9xico por encima de CdMx y por encima de Monterrey, lo que sirve de base para el desarrollo futuro ya que una mejor conectividad, servir\u00e1 de base para desarrollar la apuesta de innovaci\u00f3n, ciencia y tecnolog\u00eda de todas las regiones del estado.<\/p>\n\n\n\n<p class=\"wp-block-paragraph\">Por su parte, el titular de la Secretar\u00eda de Innovaci\u00f3n, Ciencia y Tecnolog\u00eda (SICyT), Alfonso Pompa Padilla, destac\u00f3 que Jalisco ha invertido 468 millones de pesos, principalmente en los programas De la Ciencia al Mercado, FODECIJAL (Fondo de Desarrollo Cient\u00edfico de Jalisco) y PROINNJAL (Programa de Innovaci\u00f3n en Jalisco).<\/p>\n\n\n\n<h2 class=\"wp-block-heading\">Premio 2024<\/h2>\n\n\n\n<p class=\"wp-block-paragraph\">El Premio Estatal de Innovaci\u00f3n, Ciencia y Tecnolog\u00eda 2024 cont\u00f3 con ocho categor\u00edas y una bolsa total de 977,130 pesos repartida entre los ganadores.<\/p>\n\n\n\n<p class=\"wp-block-paragraph\">El M\u00e9rito al Desarrollo Cient\u00edfico-Tecnol\u00f3gico fue para el Doctor Arturo Santos Garc\u00eda, con el proyecto de investigaci\u00f3n que conduce al emprendimiento de base tecnol\u00f3gica con enfoque en la atenci\u00f3n de enfermedades que causan p\u00e9rdida irreversible de la visi\u00f3n.<\/p>\n\n\n\n<p class=\"wp-block-paragraph\">En la misma categor\u00eda, recibi\u00f3 el reconocimiento Carlos Federico Jasso Gastinel, por la preparaci\u00f3n y desarrollo de materiales sint\u00e9ticos para sus diferentes campos de aplicaci\u00f3n.<\/p>\n\n\n\n<p class=\"wp-block-paragraph\">Fuente: eleconomista<\/p>\n\n\n\n<p class=\"wp-block-paragraph\"><a rel=\"noreferrer noopener\" href=\"https:\/\/api.whatsapp.com\/send?text=https%3A%2F%2Fwww.eleconomista.com.mx%2Festados%2FAlfaro-insiste-en-nuevo-pacto-fiscal-Jalisco-aporta-8-de-cada-100-pesos-a-la-federacion-20240918-0079.html\" target=\"_blank\"><\/a><a rel=\"noreferrer noopener\" href=\"https:\/\/twitter.com\/intent\/tweet?text=Alfaro%20insiste%20en%20nuevo%20pacto%20fiscal%3B%20Jalisco%20aporta%208%20de%20cada%20100%20pesos%20a%20la%20federaci%C3%B3n%C2%A0&amp;url=https%3A%2F%2Fwww.eleconomista.com.mx%2Festados%2FAlfaro-insiste-en-nuevo-pacto-fiscal-Jalisco-aporta-8-de-cada-100-pesos-a-la-federacion-20240918-0079.html\" target=\"_blank\"><\/a><a rel=\"noreferrer noopener\" href=\"https:\/\/www.facebook.com\/sharer\/sharer.php?u=https%3A%2F%2Fwww.eleconomista.com.mx%2Festados%2FAlfaro-insiste-en-nuevo-pacto-fiscal-Jalisco-aporta-8-de-cada-100-pesos-a-la-federacion-20240918-0079.html\" target=\"_blank\"><\/a><a rel=\"noreferrer noopener\" href=\"https:\/\/www.linkedin.com\/sharing\/share-offsite\/?url=https%3A%2F%2Fwww.eleconomista.com.mx%2Festados%2FAlfaro-insiste-en-nuevo-pacto-fiscal-Jalisco-aporta-8-de-cada-100-pesos-a-la-federacion-20240918-0079.html\" target=\"_blank\"><\/a><\/p>\n","protected":false},"excerpt":{"rendered":"<p>El gobernador de Jalisco, Enrique Alfaro, insisti\u00f3 en que ese estado aporta 8 de cada 100 pesos de los recursos fiscales que ingresan a las arcas federales y a cambio, recibe un presupuesto de menos de dos pesos de cada 100. Guadalajara, Jal. La discusi\u00f3n del&nbsp;Pacto Fiscal&nbsp;y del uso del presupuesto de todos los mexicanos, [&hellip;]<\/p>\n","protected":false},"author":2,"featured_media":132617,"comment_status":"open","ping_status":"open","sticky":false,"template":"","format":"standard","meta":{"footnotes":""},"categories":[1],"tags":[],"class_list":["post-132616","post","type-post","status-publish","format-standard","has-post-thumbnail","hentry","category-economia"],"_links":{"self":[{"href":"https:\/\/elcuartopoder.com.mx\/nw\/wp-json\/wp\/v2\/posts\/132616","targetHints":{"allow":["GET"]}}],"collection":[{"href":"https:\/\/elcuartopoder.com.mx\/nw\/wp-json\/wp\/v2\/posts"}],"about":[{"href":"https:\/\/elcuartopoder.com.mx\/nw\/wp-json\/wp\/v2\/types\/post"}],"author":[{"embeddable":true,"href":"https:\/\/elcuartopoder.com.mx\/nw\/wp-json\/wp\/v2\/users\/2"}],"replies":[{"embeddable":true,"href":"https:\/\/elcuartopoder.com.mx\/nw\/wp-json\/wp\/v2\/comments?post=132616"}],"version-history":[{"count":1,"href":"https:\/\/elcuartopoder.com.mx\/nw\/wp-json\/wp\/v2\/posts\/132616\/revisions"}],"predecessor-version":[{"id":132618,"href":"https:\/\/elcuartopoder.com.mx\/nw\/wp-json\/wp\/v2\/posts\/132616\/revisions\/132618"}],"wp:featuredmedia":[{"embeddable":true,"href":"https:\/\/elcuartopoder.com.mx\/nw\/wp-json\/wp\/v2\/media\/132617"}],"wp:attachment":[{"href":"https:\/\/elcuartopoder.com.mx\/nw\/wp-json\/wp\/v2\/media?parent=132616"}],"wp:term":[{"taxonomy":"category","embeddable":true,"href":"https:\/\/elcuartopoder.com.mx\/nw\/wp-json\/wp\/v2\/categories?post=132616"},{"taxonomy":"post_tag","embeddable":true,"href":"https:\/\/elcuartopoder.com.mx\/nw\/wp-json\/wp\/v2\/tags?post=132616"}],"curies":[{"name":"wp","href":"https:\/\/api.w.org\/{rel}","templated":true}]}}