{"id":132628,"date":"2024-09-19T11:59:46","date_gmt":"2024-09-19T16:59:46","guid":{"rendered":"http:\/\/elcuartopoder.com.mx\/nw\/?p=132628"},"modified":"2024-09-19T11:59:49","modified_gmt":"2024-09-19T16:59:49","slug":"libano-reporta-segunda-ola-de-explosiones-de-aparatos-electronicos","status":"publish","type":"post","link":"https:\/\/elcuartopoder.com.mx\/nw\/internacionales\/libano-reporta-segunda-ola-de-explosiones-de-aparatos-electronicos\/","title":{"rendered":"L\u00edbano reporta segunda ola de explosiones de aparatos electr\u00f3nicos"},"content":{"rendered":"\n<p class=\"wp-block-paragraph\">Este 18 de septiembre se report\u00f3 una segunda ola de explosiones de aparatos electr\u00f3nicos en L\u00edbano, a tan solo unas horas de que\u00a0<strong>decenas de beepers estallaran simult\u00e1neamente<\/strong>\u00a0en este pa\u00eds y en Siria.<\/p>\n\n\n\n<p class=\"wp-block-paragraph\">El incidente de ayer con los beepers, tambi\u00e9n llamados \u2018buscapersonas\u2019, le arrebat\u00f3 la vida a nueve personas, entre ellas una menor de edad y dej\u00f3 cerca de 200 heridos, seg\u00fan informes del ministro de Salud del L\u00edbano, Firas Abiad.<\/p>\n\n\n\n<p class=\"wp-block-paragraph\">La ma\u00f1ana de este mi\u00e9rcoles, decenas de medios internacionales comenzaron a reportar otro ataque con aparatos electr\u00f3nicos como protagonistas. El reporte de&nbsp;<strong>walkie talkies y equipos de energ\u00eda<\/strong>&nbsp;solar lleg\u00f3 por medio de funcionarios de Hezbollah y la prensa estatal.<\/p>\n\n\n\n<p class=\"wp-block-paragraph\">Varios estallidos sacudieron Beirut durante el funeral de tres miembros de Hezbollah y un menor, fallecidos en las explosiones de dispositivos electr\u00f3nicos el d\u00eda anterior, reportaron periodistas de AP presentes en el lugar.\u00a0<\/p>\n\n\n\n<p class=\"wp-block-paragraph\">En la ciudad costera de Sid\u00f3n, un fot\u00f3grafo de AP observ\u00f3 da\u00f1os en un autom\u00f3vil y una tienda de tel\u00e9fonos m\u00f3viles tras la detonaci\u00f3n de aparatos dentro del establecimiento.<\/p>\n\n\n\n<p class=\"wp-block-paragraph\">Un funcionario de Hezbollah, que prefiri\u00f3 mantenerse en el anonimato por no estar autorizado a hablar p\u00fablicamente, inform\u00f3 que los dispositivos afectados eran radios port\u00e1tiles utilizados por la organizaci\u00f3n.&nbsp;<\/p>\n\n\n\n<p class=\"wp-block-paragraph\">Por otro lado, la agencia de noticias oficial libanesa report\u00f3 la explosi\u00f3n de\u00a0<strong>sistemas dom\u00e9sticos de energ\u00eda solar\u00a0<\/strong>en diferentes zonas de Beirut y el sur del L\u00edbano, lo que dej\u00f3 al menos a una ni\u00f1a herida.<\/p>\n\n\n\n<h2 class=\"wp-block-heading\">Hezbollah jura venganza<\/h2>\n\n\n\n<p class=\"wp-block-paragraph\">El director del Consejo Ejecutivo de Hezbollah,&nbsp;<strong>Hashem Safieddine<\/strong>, manifest\u00f3 hoy que el grupo ha jurado venganza y responder\u00e1 con lo que llam\u00f3 \u2018un castigo especial\u2019.<\/p>\n\n\n\n<p class=\"wp-block-paragraph\">Las nuevas explosiones han generado una\u00a0<strong>gran confusi\u00f3n e indignaci\u00f3n en el L\u00edbano<\/strong>\u00a0tras los incidentes de ayer, los cuales, aparentan ser parte de una compleja operaci\u00f3n israel\u00ed contra Hezbollah.\u00a0<\/p>\n\n\n\n<p class=\"wp-block-paragraph\">A lo largo de estas horas, han salido a la luz varios detalles sobre lo que ocurri\u00f3, como por ejemplo: una empresa con sede en Hungr\u00eda fue la encargada de fabricar los beepers que estallaron en L\u00edbano y Siria. Otra compa\u00f1\u00eda, cuya marca aparec\u00eda en los dispositivos, confirm\u00f3 esta conexi\u00f3n.<\/p>\n\n\n\n<p class=\"wp-block-paragraph\">A pesar de la menci\u00f3n de Hungr\u00eda, tanto Hezbollah como el gobierno liban\u00e9s, decidieron culpar a Israel por lo que sucedi\u00f3.<\/p>\n\n\n\n<p class=\"wp-block-paragraph\">Fuente: SIPSE<\/p>\n","protected":false},"excerpt":{"rendered":"<p>Este 18 de septiembre se report\u00f3 una segunda ola de explosiones de aparatos electr\u00f3nicos en L\u00edbano, a tan solo unas horas de que\u00a0decenas de beepers estallaran simult\u00e1neamente\u00a0en este pa\u00eds y en Siria. El incidente de ayer con los beepers, tambi\u00e9n llamados \u2018buscapersonas\u2019, le arrebat\u00f3 la vida a nueve personas, entre ellas una menor de edad [&hellip;]<\/p>\n","protected":false},"author":2,"featured_media":132629,"comment_status":"open","ping_status":"open","sticky":false,"template":"","format":"standard","meta":{"footnotes":""},"categories":[8],"tags":[],"class_list":["post-132628","post","type-post","status-publish","format-standard","has-post-thumbnail","hentry","category-internacionales"],"_links":{"self":[{"href":"https:\/\/elcuartopoder.com.mx\/nw\/wp-json\/wp\/v2\/posts\/132628","targetHints":{"allow":["GET"]}}],"collection":[{"href":"https:\/\/elcuartopoder.com.mx\/nw\/wp-json\/wp\/v2\/posts"}],"about":[{"href":"https:\/\/elcuartopoder.com.mx\/nw\/wp-json\/wp\/v2\/types\/post"}],"author":[{"embeddable":true,"href":"https:\/\/elcuartopoder.com.mx\/nw\/wp-json\/wp\/v2\/users\/2"}],"replies":[{"embeddable":true,"href":"https:\/\/elcuartopoder.com.mx\/nw\/wp-json\/wp\/v2\/comments?post=132628"}],"version-history":[{"count":1,"href":"https:\/\/elcuartopoder.com.mx\/nw\/wp-json\/wp\/v2\/posts\/132628\/revisions"}],"predecessor-version":[{"id":132630,"href":"https:\/\/elcuartopoder.com.mx\/nw\/wp-json\/wp\/v2\/posts\/132628\/revisions\/132630"}],"wp:featuredmedia":[{"embeddable":true,"href":"https:\/\/elcuartopoder.com.mx\/nw\/wp-json\/wp\/v2\/media\/132629"}],"wp:attachment":[{"href":"https:\/\/elcuartopoder.com.mx\/nw\/wp-json\/wp\/v2\/media?parent=132628"}],"wp:term":[{"taxonomy":"category","embeddable":true,"href":"https:\/\/elcuartopoder.com.mx\/nw\/wp-json\/wp\/v2\/categories?post=132628"},{"taxonomy":"post_tag","embeddable":true,"href":"https:\/\/elcuartopoder.com.mx\/nw\/wp-json\/wp\/v2\/tags?post=132628"}],"curies":[{"name":"wp","href":"https:\/\/api.w.org\/{rel}","templated":true}]}}