{"id":132631,"date":"2024-09-19T12:03:12","date_gmt":"2024-09-19T17:03:12","guid":{"rendered":"http:\/\/elcuartopoder.com.mx\/nw\/?p=132631"},"modified":"2024-09-19T12:03:17","modified_gmt":"2024-09-19T17:03:17","slug":"proponen-que-comuneros-porten-armas-para-defensa","status":"publish","type":"post","link":"https:\/\/elcuartopoder.com.mx\/nw\/destacadas\/proponen-que-comuneros-porten-armas-para-defensa\/","title":{"rendered":"Proponen que comuneros porten armas para defensa"},"content":{"rendered":"\n<p class=\"wp-block-paragraph\">El presidente Andr\u00e9s Manuel L\u00f3pez Obrador envi\u00f3 dos nuevas iniciativas a la&nbsp;<strong>C\u00e1mara de Diputados<\/strong>&nbsp;; la primera busca ampliar el&nbsp;<strong>financiamiento de las obras y proyectos<\/strong>&nbsp;del gobierno que est\u00e1n a cargo de la Secretar\u00eda de la Defensa Nacional (&nbsp;<strong>Sedena<\/strong>&nbsp;); mientras que la segunda otorga facultades al titular del Ejecutivo federal y al Ej\u00e9rcito para expedir los permisos de portaci\u00f3n de armas.<\/p>\n\n\n\n<p class=\"wp-block-paragraph\">Ambas iniciativas,\u00a0<strong>firmadas por el presidente L\u00f3pez Obrador<\/strong>\u00a0desde el pasado 26 de agosto, fueron enviadas a las comisiones legislativas correspondientes para su an\u00e1lisis y votaci\u00f3n.<\/p>\n\n\n\n<p class=\"wp-block-paragraph\">En el caso de la primera iniciativa presidencial, se busca reformar el primer p\u00e1rrafo del&nbsp;<strong>art\u00edculo 18-A de la Ley Federal de Derechos<\/strong>&nbsp;, con el fin de que el total de los recursos obtenidos del pago de&nbsp;<strong>visa de visitante<\/strong>&nbsp;o turismo de las personas extranjeras. que ingresan al pa\u00eds con fines tur\u00edsticos, sean administrados por la Secretar\u00eda de la Defensa Nacional, a trav\u00e9s de las empresas que tiene o tendr\u00e1n a su cargo.<\/p>\n\n\n\n<p class=\"wp-block-paragraph\">Lo anterior, para no s\u00f3lo financiar el Tren Maya, sino tambi\u00e9n para el pago de la operaci\u00f3n, prestaci\u00f3n de servicios, administraci\u00f3n, explotaci\u00f3n, construcci\u00f3n, planeaci\u00f3n, adquisici\u00f3n, proyectos o programas, arrendamiento, obra complementaria, equipamiento, instalaci\u00f3n, estudio, proyecto. e inversi\u00f3n en infraestructura, entre otros,&nbsp;<a href=\"https:\/\/www.eleconomista.com.mx\/capitalhumano\/Senado-aprueba-el-1-de-octubre-como-nuevo-dia-de-descanso-para-los-trabajadores-20240910-0048.html\" target=\"_blank\" rel=\"noreferrer noopener\">relacionados con todas aquellas obras<\/a>&nbsp;que tiene a su cargo&nbsp;<strong>el Ej\u00e9rcito<\/strong>&nbsp;.<\/p>\n\n\n\n<p class=\"wp-block-paragraph\">Para este fin, la reforma establece que los ingresos que se obtengan \u201cdel documento migratorio que acredita la condici\u00f3n de estancia de un extranjero sin permiso para realizar actividades remuneradas\u201d ser\u00e1n enviados al fideicomiso p\u00fablico federal sin estructura del que la Secretar\u00eda de la Defensa Nacional funge como unidad responsable.<\/p>\n\n\n\n<p class=\"wp-block-paragraph\">Dichos recursos, subraya el documento enviado a la Comisi\u00f3n de Hacienda y Cr\u00e9dito P\u00fablico, se destinar\u00e1n a las empresas de participaci\u00f3n estatal mayoritaria sectorizadas a la Sedena para sus diversas actividades y necesidades.<\/p>\n\n\n\n<p class=\"wp-block-paragraph\">Adem\u00e1s,&nbsp;<strong>se ordena la extinci\u00f3n del fideicomiso<\/strong>&nbsp;, creado en octubre de 2023, que financiaba de manera exclusiva la obra del Tren Maya, a trav\u00e9s de la empresa de participaci\u00f3n estatal mayoritaria conocida como Tren Maya, SA de CV; para que dichos recursos sean enviados a otro fideicomiso p\u00fablico federal sin estructura de la Sedena.<\/p>\n\n\n\n<p class=\"wp-block-paragraph\">Entre los argumentos para esta iniciativa, el mandatario mexicano mencion\u00f3 que, con esta modificaci\u00f3n, se contar\u00e1 con un solo veh\u00edculo financiero en el que se destinar\u00e1n estos recursos y los previstos en la Ley Federal de Derechos para \u201cconstruir un pa\u00eds con bienestar para la satisfacci\u00f3n\u201d. de las necesidades de la generaci\u00f3n presente, sin comprometer la capacidad de las generaciones futuras\u201d.<\/p>\n\n\n\n<h2 class=\"wp-block-heading\">Reformas a la ley de armas de fuego<\/h2>\n\n\n\n<p class=\"wp-block-paragraph\">En su segunda iniciativa, el presidente plante\u00f3 reformar la Ley Federal de Armas de Fuego y Explosivos, para actualizarla y establecer sanciones para diversas faltas administrativas y delitos que da\u00f1an a la sociedad y que no est\u00e1n previstas en ning\u00fan ordenamiento legal.<\/p>\n\n\n\n<p class=\"wp-block-paragraph\">Adem\u00e1s de precisar que&nbsp;<strong>ser\u00e1 facultad exclusiva<\/strong>&nbsp;del presidente de la Rep\u00fablica y la Sedena expedir permisos, licencias y manifestaci\u00f3n de armas de fuego, el control y registro de las operaciones relacionadas con las mismas en el pa\u00eds, as\u00ed como su fabricaci\u00f3n y comercializaci\u00f3n.<\/p>\n\n\n\n<p class=\"wp-block-paragraph\">Entre las principales modificaciones, se plantea que cuando particulares registren un arma se deber\u00e1 asignar a una persona que asuma la responsabilidad en caso de fallecimiento de la persona titular o en ausencia declarada; y regula los calibres .357, .22\u201d Magnum, Hornet y TCM.<\/p>\n\n\n\n<p class=\"wp-block-paragraph\">Asimismo, busca otorgar certeza jur\u00eddica para la portaci\u00f3n de armas de fuego permitida a personas ejidatarias, comuneras, sucesoras, peque\u00f1os propietarios, avecindados, jornaleras del campo, as\u00ed como pueblos y comunidades ind\u00edgenas y afromexicanos.<\/p>\n\n\n\n<p class=\"wp-block-paragraph\">Mientras que se estipula que la comercializaci\u00f3n de cartuchos sea \u00fanicamente para las armas de fuego inscritas en el&nbsp;<strong>Registro Federal de Armas<\/strong>&nbsp;; y ampl\u00eda los supuestos de infracci\u00f3n a la ley quienes poseen cartuchos de uso permitidos en cantidades menores a las autorizadas sin tener registro de arma que ampare su uso o contar con armas de fuego sin haberlas manifestado en el Registro Federal de Armas.<\/p>\n\n\n\n<p class=\"wp-block-paragraph\">Y proh\u00edbe a las empresas de seguridad privada utilizar armas de fuego cuando su licencia particular haya sido cancelada.<\/p>\n","protected":false},"excerpt":{"rendered":"<p>El presidente Andr\u00e9s Manuel L\u00f3pez Obrador envi\u00f3 dos nuevas iniciativas a la&nbsp;C\u00e1mara de Diputados&nbsp;; la primera busca ampliar el&nbsp;financiamiento de las obras y proyectos&nbsp;del gobierno que est\u00e1n a cargo de la Secretar\u00eda de la Defensa Nacional (&nbsp;Sedena&nbsp;); mientras que la segunda otorga facultades al titular del Ejecutivo federal y al Ej\u00e9rcito para expedir los permisos [&hellip;]<\/p>\n","protected":false},"author":2,"featured_media":132632,"comment_status":"open","ping_status":"open","sticky":false,"template":"","format":"standard","meta":{"footnotes":""},"categories":[59],"tags":[],"class_list":["post-132631","post","type-post","status-publish","format-standard","has-post-thumbnail","hentry","category-destacadas"],"_links":{"self":[{"href":"https:\/\/elcuartopoder.com.mx\/nw\/wp-json\/wp\/v2\/posts\/132631","targetHints":{"allow":["GET"]}}],"collection":[{"href":"https:\/\/elcuartopoder.com.mx\/nw\/wp-json\/wp\/v2\/posts"}],"about":[{"href":"https:\/\/elcuartopoder.com.mx\/nw\/wp-json\/wp\/v2\/types\/post"}],"author":[{"embeddable":true,"href":"https:\/\/elcuartopoder.com.mx\/nw\/wp-json\/wp\/v2\/users\/2"}],"replies":[{"embeddable":true,"href":"https:\/\/elcuartopoder.com.mx\/nw\/wp-json\/wp\/v2\/comments?post=132631"}],"version-history":[{"count":1,"href":"https:\/\/elcuartopoder.com.mx\/nw\/wp-json\/wp\/v2\/posts\/132631\/revisions"}],"predecessor-version":[{"id":132633,"href":"https:\/\/elcuartopoder.com.mx\/nw\/wp-json\/wp\/v2\/posts\/132631\/revisions\/132633"}],"wp:featuredmedia":[{"embeddable":true,"href":"https:\/\/elcuartopoder.com.mx\/nw\/wp-json\/wp\/v2\/media\/132632"}],"wp:attachment":[{"href":"https:\/\/elcuartopoder.com.mx\/nw\/wp-json\/wp\/v2\/media?parent=132631"}],"wp:term":[{"taxonomy":"category","embeddable":true,"href":"https:\/\/elcuartopoder.com.mx\/nw\/wp-json\/wp\/v2\/categories?post=132631"},{"taxonomy":"post_tag","embeddable":true,"href":"https:\/\/elcuartopoder.com.mx\/nw\/wp-json\/wp\/v2\/tags?post=132631"}],"curies":[{"name":"wp","href":"https:\/\/api.w.org\/{rel}","templated":true}]}}