{"id":132641,"date":"2024-09-20T09:19:46","date_gmt":"2024-09-20T14:19:46","guid":{"rendered":"http:\/\/elcuartopoder.com.mx\/nw\/?p=132641"},"modified":"2024-09-20T09:19:50","modified_gmt":"2024-09-20T14:19:50","slug":"alejandra-orozco-dice-adios-a-los-clavados-y-gaby-agundez-continua-su-historia","status":"publish","type":"post","link":"https:\/\/elcuartopoder.com.mx\/nw\/entretenimiento\/deportes\/alejandra-orozco-dice-adios-a-los-clavados-y-gaby-agundez-continua-su-historia\/","title":{"rendered":"Alejandra Orozco dice adi\u00f3s a los clavados y Gaby Ag\u00fandez contin\u00faa su historia"},"content":{"rendered":"\n<p class=\"wp-block-paragraph\">Una est\u00e1 iniciando un nuevo ciclo ol\u00edmpico y la otra se retir\u00f3 hace apenas unas semanas. Son&nbsp;<strong>Gabriela Agundez y Alejandra Orozco<\/strong>, dos hist\u00f3ricas de los&nbsp;<strong>clavados mexicanos y medallistas ol\u00edmpicas.<\/strong><\/p>\n\n\n\n<p class=\"wp-block-paragraph\">Abanderada en la justa francesa, Ale Orozco puso fin a su brillante carrera que incluy\u00f3 dos preseas Ol\u00edmpicas, pero se qued\u00f3 con el deseo de una m\u00e1s, al quedar quinta en plataforma sincronizada.<\/p>\n\n\n\n<p class=\"wp-block-paragraph\">\u201cS\u00ed me hubiera gustado esa tercera medalla, fuimos muy resilientes ante la situaci\u00f3n de falta de apoyo, no te miento, s\u00ed me hubiera agradado despedirme con con el metal en la mano porque se trabaj\u00f3 mucho por \u00e9l\u201d, dijo en entrevista con&nbsp;El Heraldo de M\u00e9xico.<\/p>\n\n\n\n<p class=\"wp-block-paragraph\">Gaby fue su compa\u00f1era en dos justas ol\u00edmpicas y comparte el sentimiento.<\/p>\n\n\n\n<blockquote class=\"wp-block-quote is-layout-flow wp-block-quote-is-layout-flow\"><p>\u201cHonestamente yo esperaba una medalla; la anhelaba y hab\u00eda trabajado por ella, pero me quedo en que lo d\u00ed todo y esos quintos lugares (las dos pruebas) hoy en d\u00eda los abrazo y valoro\u201d, acot\u00f3 la campeona Panamericana.<\/p><\/blockquote>\n\n\n\n<p class=\"wp-block-paragraph\">Agundez ya trabaja para el ciclo de Los \u00c1ngeles 2028 y dice que quiere hacer historia con dos metales.<\/p>\n\n\n\n<blockquote class=\"wp-block-quote is-layout-flow wp-block-quote-is-layout-flow\"><p>\u201cYo ya soy parte de ese peque\u00f1o grupo de medallistas ol\u00edmpicos, pero yo todav\u00eda quiero pasar al otro grupo, al selecto de multi medallistas Ol\u00edmpicos y voy a luchar con todo para lograrlo\u201d, agreg\u00f3 Gaby.<\/p><\/blockquote>\n\n\n\n<p class=\"wp-block-paragraph\"><strong>Ana Guevara deja la Conade<\/strong>&nbsp;y su lugar ser\u00e1 ocupado por el ex&nbsp;<strong>clavadista Rommel Pacheco<\/strong>, hombre en quien conf\u00edan las dos para mejorar el deporte nacional.<\/p>\n\n\n\n<blockquote class=\"wp-block-quote is-layout-flow wp-block-quote-is-layout-flow\"><p>\u201cYo lo que espero de Rommel es disposici\u00f3n para arreglar la problem\u00e1tica de los deportes acu\u00e1ticos, yo lo conozco y es una persona muy comprometida y espero que haga lo mismo como dirigente, la verdad s\u00ed le tengo mucha f\u00e9\u201d, mencion\u00f3 Agundez.<\/p><\/blockquote>\n\n\n\n<p class=\"wp-block-paragraph\">Orozco tambi\u00e9n opin\u00f3 del nuevo dirigente del deporte: \u201cYo tengo la ilusi\u00f3n de que se destrabe est\u00e1 situaci\u00f3n de las becas y la falta de apoyo en general, conf\u00edo en que \u00e9l (Pacheco) pueda hacer un cambio, pero tambi\u00e9n es un puesto dif\u00edcil\u201d, mencion\u00f3 la ex clavadista.<\/p>\n\n\n\n<h2 class=\"wp-block-heading\"><strong>A DETALLE<\/strong><\/h2>\n\n\n\n<ul class=\"wp-block-list\"><li>Lo que resta del a\u00f1o, Agundez y su entrenador Iv\u00e1n Bautista van a analizar a varias candidatas para encontrarse con su nueva compa\u00f1era en sincronizados.<\/li><li>Ahora retirada, Orozco va a terminar sus estudios universitarios, pero no quiere alejarse del deporte de alto rendimiento.<\/li><li>Agundez a los 15 a\u00f1os gan\u00f3 oro y bronce en los JCAC de Veracruz 2014.<\/li><li>Alejandra es la medallista ol\u00edmpica m\u00e1s joven por parte de M\u00e9xico con 15 a\u00f1os en Londres 2012.<\/li><li>La abanderada gan\u00f3 plata en Londres 2012 y bronce en Tokio 2020, ambos metales en plataforma sincronizada.<\/li><li>4 Juegos Ol\u00edmpicos tuvo Orozco.<\/li><li>2 medallas de plata tiene Gaby el Mundiales, en equipo mixto.<\/li><li>2 preseas Ol\u00edmpicas de Orozco en su carrera.<\/li><li>5 el lugar de Gaby en plataforma de Par\u00eds 2024.<\/li><li>8 el sitio de Ale en la \u00faltima prueba de su carrera: plataforma Par\u00eds 2024.<\/li><\/ul>\n\n\n\n<p class=\"wp-block-paragraph\"><br>FOTOS DANIEL OJEDA<\/p>\n","protected":false},"excerpt":{"rendered":"<p>Una est\u00e1 iniciando un nuevo ciclo ol\u00edmpico y la otra se retir\u00f3 hace apenas unas semanas. Son&nbsp;Gabriela Agundez y Alejandra Orozco, dos hist\u00f3ricas de los&nbsp;clavados mexicanos y medallistas ol\u00edmpicas. Abanderada en la justa francesa, Ale Orozco puso fin a su brillante carrera que incluy\u00f3 dos preseas Ol\u00edmpicas, pero se qued\u00f3 con el deseo de una [&hellip;]<\/p>\n","protected":false},"author":2,"featured_media":132642,"comment_status":"open","ping_status":"open","sticky":false,"template":"","format":"standard","meta":{"footnotes":""},"categories":[7],"tags":[],"class_list":["post-132641","post","type-post","status-publish","format-standard","has-post-thumbnail","hentry","category-deportes"],"_links":{"self":[{"href":"https:\/\/elcuartopoder.com.mx\/nw\/wp-json\/wp\/v2\/posts\/132641","targetHints":{"allow":["GET"]}}],"collection":[{"href":"https:\/\/elcuartopoder.com.mx\/nw\/wp-json\/wp\/v2\/posts"}],"about":[{"href":"https:\/\/elcuartopoder.com.mx\/nw\/wp-json\/wp\/v2\/types\/post"}],"author":[{"embeddable":true,"href":"https:\/\/elcuartopoder.com.mx\/nw\/wp-json\/wp\/v2\/users\/2"}],"replies":[{"embeddable":true,"href":"https:\/\/elcuartopoder.com.mx\/nw\/wp-json\/wp\/v2\/comments?post=132641"}],"version-history":[{"count":1,"href":"https:\/\/elcuartopoder.com.mx\/nw\/wp-json\/wp\/v2\/posts\/132641\/revisions"}],"predecessor-version":[{"id":132643,"href":"https:\/\/elcuartopoder.com.mx\/nw\/wp-json\/wp\/v2\/posts\/132641\/revisions\/132643"}],"wp:featuredmedia":[{"embeddable":true,"href":"https:\/\/elcuartopoder.com.mx\/nw\/wp-json\/wp\/v2\/media\/132642"}],"wp:attachment":[{"href":"https:\/\/elcuartopoder.com.mx\/nw\/wp-json\/wp\/v2\/media?parent=132641"}],"wp:term":[{"taxonomy":"category","embeddable":true,"href":"https:\/\/elcuartopoder.com.mx\/nw\/wp-json\/wp\/v2\/categories?post=132641"},{"taxonomy":"post_tag","embeddable":true,"href":"https:\/\/elcuartopoder.com.mx\/nw\/wp-json\/wp\/v2\/tags?post=132641"}],"curies":[{"name":"wp","href":"https:\/\/api.w.org\/{rel}","templated":true}]}}