{"id":132645,"date":"2024-09-20T11:04:20","date_gmt":"2024-09-20T16:04:20","guid":{"rendered":"http:\/\/elcuartopoder.com.mx\/nw\/?p=132645"},"modified":"2024-09-20T11:04:21","modified_gmt":"2024-09-20T16:04:21","slug":"mohamed-al-fayed-el-multimillonario-suegro-de-la-princesa-diana-es-acusado-de-abuso-sexual","status":"publish","type":"post","link":"https:\/\/elcuartopoder.com.mx\/nw\/entretenimiento\/espectaculos\/mohamed-al-fayed-el-multimillonario-suegro-de-la-princesa-diana-es-acusado-de-abuso-sexual\/","title":{"rendered":"Mohamed Al Fayed, el multimillonario suegro de la princesa Diana, es acusado de abuso sexual"},"content":{"rendered":"\n<p class=\"wp-block-paragraph\">El nombre del fallecido empresario egipcio\u00a0<strong>Mohamed Al Fayed<\/strong>, quien perdi\u00f3 la vida el 30 de agosto de 2023 a los 94 a\u00f1os de edad, resurgi\u00f3 debido a que es acusado de\u00a0<strong>abuso sexual<\/strong>. El magnate se hizo conocido a nivel global en la d\u00e9cada de los a\u00f1os 90 porque fue<strong>\u00a0suegro\u00a0<\/strong>de la<strong>\u00a0princesa Diana<\/strong>.\u00a0La princesa de Gales\u00a0tuvo un t\u00f3rrido romance con\u00a0<strong>Dodi Al-Fayed<\/strong>\u00a0hasta que ambos fallecieron el 31 de agosto de 1997 luego del accidente automovil\u00edstico que sufrieron en el Puente del Alma, en Par\u00eds, Francia.<\/p>\n\n\n\n<p class=\"wp-block-paragraph\">De acuerdo con una&nbsp;<strong>investigaci\u00f3n period\u00edstica&nbsp;\u201cAl-Fayed: Predator at Harrods\u201d<\/strong>&nbsp;(\u201cAl Fayed: depredador en Harrods\u201d, en espa\u00f1ol) presentada por la cadena de televisi\u00f3n BBC, el empresario egipcio es acusado por un grupo de&nbsp;<strong>20 extrabajadoras<\/strong>&nbsp;de los<strong>&nbsp;almacenes Harrods<\/strong>&nbsp;situados en Londres que compr\u00f3 en 1985 y vendi\u00f3 en 2010 tras afianzar su carrera como empresario.<\/p>\n\n\n\n<p class=\"wp-block-paragraph\">Como parte de la investigaci\u00f3n del medio brit\u00e1nico, las exempleadas dieron testimonios e\u00a0indicaron que\u00a0<strong>Mohamed Al Fayed\u00a0<\/strong>las agredi\u00f3 de varias formas, partiendo desde las\u00a0<strong>humillaciones<\/strong>\u00a0hasta el\u00a0<strong>abuso<\/strong>;\u00a0adem\u00e1s, cinco de las entrevistadas aseguraron que fueron v\u00edctimas de\u00a0<strong>violaciones sexuales<\/strong>.<\/p>\n\n\n\n<h2 class=\"wp-block-heading\"><strong>Mohamed Al Fayed<\/strong>, acusado de&nbsp;<strong>abusos sexuales<\/strong>&nbsp;ocurridos en cuatro ciudades<\/h2>\n\n\n\n<p class=\"wp-block-paragraph\">Los<strong>&nbsp;atropellos&nbsp;<\/strong>del hombre de negocios no s\u00f3lo habr\u00edan ocurrido en&nbsp;<strong>Londres<\/strong>, sino tambi\u00e9n en&nbsp;<strong>Abu Dhabi<\/strong>, la capital de los Emiratos \u00c1rabes Unidos,&nbsp;<strong>Saint Tropez<\/strong>&nbsp;y&nbsp;<strong>Par\u00eds<\/strong>, en Francia, que son sitios que el fallecido empresario visitaba.&nbsp;Adem\u00e1s, la investigaci\u00f3n presentada como documental y podcast precisa que la empresa encubri\u00f3 las acusaciones de abuso.<\/p>\n\n\n\n<p class=\"wp-block-paragraph\">El grupo de mujeres que alz\u00f3 la voz contra el fallecido&nbsp;<strong>Mohamed Al Fayed<\/strong>&nbsp;es representado por varios abogados, como Bruce Drummond, quien expuso que \u201cla telara\u00f1a de&nbsp;<strong>corrupci\u00f3n y abuso<\/strong>&nbsp;en esta empresa era incre\u00edble y muy oscura\u201d.<\/p>\n\n\n\n<h2 class=\"wp-block-heading\"><strong>Exmpleadas&nbsp;<\/strong>de Mohamed Al Fayed dan<strong>&nbsp;testimonios<\/strong><\/h2>\n\n\n\n<p class=\"wp-block-paragraph\">La BBC mantuvo en privado el nombre de las\u00a0<strong>exempleadas<\/strong>, quienes expresaron lo siguiente en sus<strong>\u00a0testimonios<\/strong>: \u201cEst\u00e1bamos muy asustados. \u00c9l cultiv\u00f3 activamente el miedo. Si dec\u00eda &#8216;salten&#8217;, los empleados solo hubieran preguntado &#8216;\u00bfa qu\u00e9 altura?\u201d.<\/p>\n\n\n\n<blockquote class=\"wp-block-quote is-layout-flow wp-block-quote-is-layout-flow\"><p>\u201cMohamed Al Fayed era un monstruo, un depredador sexual sin br\u00fajula moral alguna\u201d, expuso una de las mujeres en su testimonio y agreg\u00f3 que los trabajadores de los almacenes Harrods eran los \u201cjuguetes\u201d del empresario.<\/p><\/blockquote>\n\n\n\n<p class=\"wp-block-paragraph\">Una de las extrabajadores de Mohamed Al Fayed destac\u00f3 que el empresario la viol\u00f3 en su departamento, asegurando \u201cdej\u00e9 en claro que no quer\u00eda que eso sucediera.&nbsp;<strong>No di mi consentimiento<\/strong>. S\u00f3lo quer\u00eda que todo terminara\u201d.<\/p>\n","protected":false},"excerpt":{"rendered":"<p>El nombre del fallecido empresario egipcio\u00a0Mohamed Al Fayed, quien perdi\u00f3 la vida el 30 de agosto de 2023 a los 94 a\u00f1os de edad, resurgi\u00f3 debido a que es acusado de\u00a0abuso sexual. El magnate se hizo conocido a nivel global en la d\u00e9cada de los a\u00f1os 90 porque fue\u00a0suegro\u00a0de la\u00a0princesa Diana.\u00a0La princesa de Gales\u00a0tuvo un [&hellip;]<\/p>\n","protected":false},"author":2,"featured_media":132646,"comment_status":"open","ping_status":"open","sticky":false,"template":"","format":"standard","meta":{"footnotes":""},"categories":[11],"tags":[],"class_list":["post-132645","post","type-post","status-publish","format-standard","has-post-thumbnail","hentry","category-espectaculos"],"_links":{"self":[{"href":"https:\/\/elcuartopoder.com.mx\/nw\/wp-json\/wp\/v2\/posts\/132645","targetHints":{"allow":["GET"]}}],"collection":[{"href":"https:\/\/elcuartopoder.com.mx\/nw\/wp-json\/wp\/v2\/posts"}],"about":[{"href":"https:\/\/elcuartopoder.com.mx\/nw\/wp-json\/wp\/v2\/types\/post"}],"author":[{"embeddable":true,"href":"https:\/\/elcuartopoder.com.mx\/nw\/wp-json\/wp\/v2\/users\/2"}],"replies":[{"embeddable":true,"href":"https:\/\/elcuartopoder.com.mx\/nw\/wp-json\/wp\/v2\/comments?post=132645"}],"version-history":[{"count":1,"href":"https:\/\/elcuartopoder.com.mx\/nw\/wp-json\/wp\/v2\/posts\/132645\/revisions"}],"predecessor-version":[{"id":132647,"href":"https:\/\/elcuartopoder.com.mx\/nw\/wp-json\/wp\/v2\/posts\/132645\/revisions\/132647"}],"wp:featuredmedia":[{"embeddable":true,"href":"https:\/\/elcuartopoder.com.mx\/nw\/wp-json\/wp\/v2\/media\/132646"}],"wp:attachment":[{"href":"https:\/\/elcuartopoder.com.mx\/nw\/wp-json\/wp\/v2\/media?parent=132645"}],"wp:term":[{"taxonomy":"category","embeddable":true,"href":"https:\/\/elcuartopoder.com.mx\/nw\/wp-json\/wp\/v2\/categories?post=132645"},{"taxonomy":"post_tag","embeddable":true,"href":"https:\/\/elcuartopoder.com.mx\/nw\/wp-json\/wp\/v2\/tags?post=132645"}],"curies":[{"name":"wp","href":"https:\/\/api.w.org\/{rel}","templated":true}]}}