{"id":132677,"date":"2024-09-20T11:59:30","date_gmt":"2024-09-20T16:59:30","guid":{"rendered":"http:\/\/elcuartopoder.com.mx\/nw\/?p=132677"},"modified":"2024-09-20T11:59:34","modified_gmt":"2024-09-20T16:59:34","slug":"hay-vision-de-largo-plazo-para-recuperar-la-paz-en-quintana-roo","status":"publish","type":"post","link":"https:\/\/elcuartopoder.com.mx\/nw\/estatales\/hay-vision-de-largo-plazo-para-recuperar-la-paz-en-quintana-roo\/","title":{"rendered":"HAY VISI\u00d3N DE LARGO PLAZO PARA RECUPERAR LA PAZ EN QUINTANA ROO"},"content":{"rendered":"\n<p class=\"wp-block-paragraph\"><strong>CHETUMAL, MX.-<\/strong>&nbsp;Al tomar protesta del cargo por los siguientes doce a\u00f1os, el fiscal general del Estado Raciel Lopez Salazar asegur\u00f3 que en tanto solo un a\u00f1o en el que ha estado en la dependencia \u201cse sigue el camino correcto y hay una visi\u00f3n a largo plazo para recuperar la paz en Quintana Roo y que se puedan mantener las inversiones\u201d.<\/p>\n\n\n\n<p class=\"wp-block-paragraph\">Despu\u00e9s del acto de rigor ante los 25 diputados, ya que la reforma constitucional aprobada por la D\u00e9cimo Octava legislatura establece su permanencia en el cargo, asegur\u00f3 que tiene un compromiso con Quintana Roo al ser cuestionado de una posible salida antes del tiempo establecido en la ley.<\/p>\n\n\n\n<p class=\"wp-block-paragraph\">La visi\u00f3n que tenemos en estos doce a\u00f1os es a largo plazo para acabar con la inseguridad que afecta a Quintana Roo, inseguridad que se trae desde hace muchos a\u00f1os. Es un reto y una oportunidad para tener elementos m\u00e1s capacitados y m\u00e1s sensibles para atender a la ciudadan\u00eda que acude en busca de apoyo, subray\u00f3.<\/p>\n\n\n\n<p class=\"wp-block-paragraph\">Acompa\u00f1ado de sus m\u00e1s cercanos colaboradores, L\u00f3pez Salazar asegur\u00f3 que se puede confiar en la FGE \u201cporque el compromiso es recuperar la armon\u00eda y la paz para que vengan m\u00e1s inversiones y m\u00e1s turistas y que la gente viva en paz y armon\u00eda\u201d.<\/p>\n\n\n\n<figure class=\"wp-block-image\"><img decoding=\"async\" src=\"https:\/\/noticaribe.com.mx\/wp\/wp-content\/uploads\/2024\/09\/Imagen-de-WhatsApp-2024-09-19-a-las-17.09.04_996f9cf2.jpg\" alt=\"\" class=\"wp-image-720636\"\/><\/figure>\n\n\n\n<p class=\"wp-block-paragraph\">Durante entrevista concedida a medios de comunicaci\u00f3n, el fiscal general habl\u00f3 de resultados obtenidos en el a\u00f1o que ha permanecido en el cargo y dijo que dieron de baja a 290 empleados y rotado, seg\u00fan sus perfiles, a 700 personas.<\/p>\n\n\n\n<p class=\"wp-block-paragraph\">Adem\u00e1s, que han combatido a 25 grupos delictivos que operan en el Estado y detenido a 51 de sus integrantes de los cuales el 88 por ciento han sido vinculados a proceso.<br><\/p>\n\n\n\n<p class=\"wp-block-paragraph\">Tenemos un mapa delictivo donde est\u00e1n definidos los generadores de violencia ya que en Canc\u00fan se concentra el 55 por ciento de la incidencia delictiva, 18 por ciento en Playa del Carmen; 14 por ciento en Chetumal y 4 por ciento en Tulum.<\/p>\n\n\n\n<p class=\"wp-block-paragraph\">L\u00f3pez Salazar dijo que hay resultados tangibles y que van por la ruta correcta en el proceso de saneamiento de la dependencia ya que se iniciaron 40 procedimientos administrativos, as\u00ed como tambi\u00e9n inhabilitados, separados del cargo y judicializados. (<strong>Noticaribe<\/strong>)<\/p>\n","protected":false},"excerpt":{"rendered":"<p>CHETUMAL, MX.-&nbsp;Al tomar protesta del cargo por los siguientes doce a\u00f1os, el fiscal general del Estado Raciel Lopez Salazar asegur\u00f3 que en tanto solo un a\u00f1o en el que ha estado en la dependencia \u201cse sigue el camino correcto y hay una visi\u00f3n a largo plazo para recuperar la paz en Quintana Roo y que [&hellip;]<\/p>\n","protected":false},"author":2,"featured_media":132678,"comment_status":"open","ping_status":"open","sticky":false,"template":"","format":"standard","meta":{"footnotes":""},"categories":[60],"tags":[],"class_list":["post-132677","post","type-post","status-publish","format-standard","has-post-thumbnail","hentry","category-estatales"],"_links":{"self":[{"href":"https:\/\/elcuartopoder.com.mx\/nw\/wp-json\/wp\/v2\/posts\/132677","targetHints":{"allow":["GET"]}}],"collection":[{"href":"https:\/\/elcuartopoder.com.mx\/nw\/wp-json\/wp\/v2\/posts"}],"about":[{"href":"https:\/\/elcuartopoder.com.mx\/nw\/wp-json\/wp\/v2\/types\/post"}],"author":[{"embeddable":true,"href":"https:\/\/elcuartopoder.com.mx\/nw\/wp-json\/wp\/v2\/users\/2"}],"replies":[{"embeddable":true,"href":"https:\/\/elcuartopoder.com.mx\/nw\/wp-json\/wp\/v2\/comments?post=132677"}],"version-history":[{"count":1,"href":"https:\/\/elcuartopoder.com.mx\/nw\/wp-json\/wp\/v2\/posts\/132677\/revisions"}],"predecessor-version":[{"id":132679,"href":"https:\/\/elcuartopoder.com.mx\/nw\/wp-json\/wp\/v2\/posts\/132677\/revisions\/132679"}],"wp:featuredmedia":[{"embeddable":true,"href":"https:\/\/elcuartopoder.com.mx\/nw\/wp-json\/wp\/v2\/media\/132678"}],"wp:attachment":[{"href":"https:\/\/elcuartopoder.com.mx\/nw\/wp-json\/wp\/v2\/media?parent=132677"}],"wp:term":[{"taxonomy":"category","embeddable":true,"href":"https:\/\/elcuartopoder.com.mx\/nw\/wp-json\/wp\/v2\/categories?post=132677"},{"taxonomy":"post_tag","embeddable":true,"href":"https:\/\/elcuartopoder.com.mx\/nw\/wp-json\/wp\/v2\/tags?post=132677"}],"curies":[{"name":"wp","href":"https:\/\/api.w.org\/{rel}","templated":true}]}}