{"id":132702,"date":"2024-09-23T10:04:51","date_gmt":"2024-09-23T15:04:51","guid":{"rendered":"http:\/\/elcuartopoder.com.mx\/nw\/?p=132702"},"modified":"2024-09-23T10:04:54","modified_gmt":"2024-09-23T15:04:54","slug":"la-dura-y-cruel-realidad","status":"publish","type":"post","link":"https:\/\/elcuartopoder.com.mx\/nw\/editorial\/la-dura-y-cruel-realidad\/","title":{"rendered":"La dura y cruel realidad"},"content":{"rendered":"\n<p class=\"wp-block-paragraph\">No hay palabras, mucho menos ret\u00f3rica alguna, que nos exima de topar con una realidad viscosa, opaca, que no admite presunciones de entendimiento ni bravatas para proyectarla. Estamos pasmados o en el pantano y, para algunos colegas que cultivan el pesimismo, al borde o de plano ya en el abismo.<\/p>\n\n\n\n<p class=\"wp-block-paragraph\">Cantar las glorias del gladiador, vencedor de mil batallas con las oligarqu\u00edas y los corruptos se ha vuelto cansina y pat\u00e9tica pr\u00e1ctica de los creyentes. Mentar la madre a los oficiantes del culto, o al patriarca mismo, ha perdido todo efecto movilizador hasta el grado de que las oposiciones, formalmente existentes, no aciertan a ir m\u00e1s all\u00e1 del ditirambo. Sus c\u00e1lculos resultan rid\u00edculos y su voluntad parece m\u00e1s bien una acumulaci\u00f3n de decepciones y lamentos por las oportunidades perdidas.<\/p>\n\n\n\n<p class=\"wp-block-paragraph\">Podr\u00edamos proponer, otra vez, que navegamos sin rumbo, a la deriva o al pairo, pero as\u00ed vista, la coyuntura est\u00e1 poblada de m\u00faltiples realizaciones y perspectivas voluntariosas, hasta optimistas, que la pol\u00edtica no puede soslayar. Menos la que presume de democr\u00e1tica.<\/p>\n\n\n\n<p class=\"wp-block-paragraph\">El espect\u00e1culo deprimente y bufo del tr\u00e1fico de votos y malos gustos, usos y costumbres que nos asestaron los integrantes del Congreso, en particular en el Senado, no debe quedar en ning\u00fan difuso e impreciso ayer. Es indispensable no s\u00f3lo tomar nota, sino convocar a la construcci\u00f3n de unos reclamos articulados y unificados por el reclamo democr\u00e1tico revisado y reconstruido.<\/p>\n\n\n\n<p class=\"wp-block-paragraph\">Tenemos que exigir cuentas claras y puntuales a los partidos, los gobernantes y los que se oponen, junto con su pl\u00e9yade de organismos de la sociedad civil, tan s\u00f3lo por el hecho de que son los ciudadanos los primeros acreedores del compromiso y el subsidio que devengan esos partidos y deber\u00edan devengar dichas organizaciones.<\/p>\n\n\n\n<p class=\"wp-block-paragraph\">Vendr\u00e1 luego, pero muy cerca, el c\u00famulo de problemas no resueltos en la econom\u00eda pol\u00edtica y la subsistencia social, la vida comunitaria y los muchos males mentales, poco registrados y, me temo, menos entendidos. No contamos con remedios buenos y eficaces, tampoco con capacidad e infraestructura hospitalaria.<\/p>\n\n\n\n<p class=\"wp-block-paragraph\">Reconocer y admitir, hasta llegar a una verdadera y consistente autocr\u00edtica, deber\u00eda ser el tema de las sesiones inaugurales del Congreso de la Uni\u00f3n, antes de que diputados y senadores encaren las propuestas de Hacienda sobre una \u201cconsolidaci\u00f3n fiscal\u201d que m\u00e1s bien parece acto de contrici\u00f3n ante el Alt\u00edsimo. Se dice que gastamos de m\u00e1s y no pocos agregan que mal. Pero, en el caso de las aporreadas finanzas p\u00fablicas, parece indispensable andarse con buen cuidado para no echar al ni\u00f1o con el agua sucia de la ba\u00f1era.<\/p>\n\n\n\n<p class=\"wp-block-paragraph\">En estos y otros agrios&nbsp;<em>queveres<\/em>, hemos recorrido un largo y amargo trecho que, en nuestro caso no es, no ha sido sin\u00f3nimo de aprendizaje. Mucho talento administrativo, de programaci\u00f3n y asignaci\u00f3n de recursos parece haberse perdido y, como hemos tenido que aprender en estos tristes y largos a\u00f1os de penuria y exceso, son p\u00e9rdidas que no se pueden subsanar con cargo a la voluntad del mandatario y la lealtad del servidor p\u00fablico.<\/p>\n\n\n\n<p class=\"wp-block-paragraph\">De aqu\u00ed la necesidad urgente de empezar a tejer un entramado de voluntades para el entendimiento y la asunci\u00f3n de compromisos que duren y puedan renovarse hasta llegar a la olvidada y vilipendiada reforma del Estado, que no se ha hecho con votos y mayor\u00edas porque su tu\u00e9tano es la voluntad y la disposici\u00f3n de acordar y darle al conocimiento y la racionalidad el lugar central y decisivo que merecen.<\/p>\n\n\n\n<p class=\"wp-block-paragraph\">Presumir de originalidad en el gobierno del Estado sirve para bien poco y, de convertirse en pr\u00e1ctica pol\u00edtica de los que mandan, es letal si de capear los temporales que vienen se trata. Nos urgen los recursos escasos, muy escasos, que conoce el flanco financiero del Estado, as\u00ed como los que se han ausentado del ejercicio cotidiano del servicio p\u00fablico. Devolverles dignidad y credibilidad es misi\u00f3n prioritaria de legisladores y dirigentes de todos los partidos, aunque una presencia organizada de las universidades y entes de investigaci\u00f3n profesionales no es mala idea.<\/p>\n\n\n\n<p class=\"wp-block-paragraph\">Al final de cuentas, conviene reconocerlo, lo que tenemos enfrente es una redici\u00f3n del Estado y sus formas de gobernarse y gobernarnos porque las actuales est\u00e1n llegando a un punto peligroso, sin semejanza con alg\u00fan otro momento a todo lo largo del dif\u00edcil siglo XX. Dada nuestra complejidad endiablada, es fundamental que todo esto tenga lugar en un contexto de armas depuestas y esp\u00edritus cooperativos.<\/p>\n\n\n\n<p class=\"wp-block-paragraph\">Dif\u00edcil y rejega, azotada por la incredulidad y la desconfianza, la sociedad tiene que empezar a trazar v\u00edas y rutas por mares que podamos surcar. Y para ello no hay otra manera que la conversaci\u00f3n y la convicci\u00f3n de que el otro, adversario o enemigo, igual que uno.<\/p>\n\n\n\n<p class=\"wp-block-paragraph\">Fuente: jornada<\/p>\n","protected":false},"excerpt":{"rendered":"<p>No hay palabras, mucho menos ret\u00f3rica alguna, que nos exima de topar con una realidad viscosa, opaca, que no admite presunciones de entendimiento ni bravatas para proyectarla. Estamos pasmados o en el pantano y, para algunos colegas que cultivan el pesimismo, al borde o de plano ya en el abismo. Cantar las glorias del gladiador, [&hellip;]<\/p>\n","protected":false},"author":2,"featured_media":132703,"comment_status":"open","ping_status":"open","sticky":false,"template":"","format":"standard","meta":{"footnotes":""},"categories":[63],"tags":[],"class_list":["post-132702","post","type-post","status-publish","format-standard","has-post-thumbnail","hentry","category-editorial"],"_links":{"self":[{"href":"https:\/\/elcuartopoder.com.mx\/nw\/wp-json\/wp\/v2\/posts\/132702","targetHints":{"allow":["GET"]}}],"collection":[{"href":"https:\/\/elcuartopoder.com.mx\/nw\/wp-json\/wp\/v2\/posts"}],"about":[{"href":"https:\/\/elcuartopoder.com.mx\/nw\/wp-json\/wp\/v2\/types\/post"}],"author":[{"embeddable":true,"href":"https:\/\/elcuartopoder.com.mx\/nw\/wp-json\/wp\/v2\/users\/2"}],"replies":[{"embeddable":true,"href":"https:\/\/elcuartopoder.com.mx\/nw\/wp-json\/wp\/v2\/comments?post=132702"}],"version-history":[{"count":1,"href":"https:\/\/elcuartopoder.com.mx\/nw\/wp-json\/wp\/v2\/posts\/132702\/revisions"}],"predecessor-version":[{"id":132704,"href":"https:\/\/elcuartopoder.com.mx\/nw\/wp-json\/wp\/v2\/posts\/132702\/revisions\/132704"}],"wp:featuredmedia":[{"embeddable":true,"href":"https:\/\/elcuartopoder.com.mx\/nw\/wp-json\/wp\/v2\/media\/132703"}],"wp:attachment":[{"href":"https:\/\/elcuartopoder.com.mx\/nw\/wp-json\/wp\/v2\/media?parent=132702"}],"wp:term":[{"taxonomy":"category","embeddable":true,"href":"https:\/\/elcuartopoder.com.mx\/nw\/wp-json\/wp\/v2\/categories?post=132702"},{"taxonomy":"post_tag","embeddable":true,"href":"https:\/\/elcuartopoder.com.mx\/nw\/wp-json\/wp\/v2\/tags?post=132702"}],"curies":[{"name":"wp","href":"https:\/\/api.w.org\/{rel}","templated":true}]}}