{"id":132705,"date":"2024-09-23T10:10:37","date_gmt":"2024-09-23T15:10:37","guid":{"rendered":"http:\/\/elcuartopoder.com.mx\/nw\/?p=132705"},"modified":"2024-09-23T10:10:38","modified_gmt":"2024-09-23T15:10:38","slug":"la-destitucion-de-de-rossi-provoca-un-cataclismo-en-la-roma","status":"publish","type":"post","link":"https:\/\/elcuartopoder.com.mx\/nw\/entretenimiento\/deportes\/la-destitucion-de-de-rossi-provoca-un-cataclismo-en-la-roma\/","title":{"rendered":"La destituci\u00f3n de De Rossi provoca un cataclismo en la Roma"},"content":{"rendered":"\n<p class=\"wp-block-paragraph\">El pasado 19 de septiembre,\u00a0<strong>Lina Souloukou<\/strong>, CEO de la\u00a0Roma, tom\u00f3 la decisi\u00f3n de destituir a\u00a0Daniele De Rossi\u00a0como t\u00e9cnico del primer equipo. La decisi\u00f3n caus\u00f3 mucho revuelo entre los aficionados, al punto de que muchos de ellos llegaron a amenazar a la directora griega. Ante la dram\u00e1tica situaci\u00f3n,\u00a0<strong>Souloukou<\/strong>\u00a0tuvo que ponerse bajo \u00abmedidas de protecci\u00f3n\u00bb que le proporcion\u00f3 el propio club, tambi\u00e9n para su familia.<\/p>\n\n\n\n<p class=\"wp-block-paragraph\">Sin embargo, ante el incremento de las amenazas y el excesivo refuerzo de las medidas de seguridad que se ha visto obligada a asumir en las \u00faltimas horas,&nbsp;<strong>Souloukou<\/strong>&nbsp;ha decidido dejar el cargo. El propio club ha hecho un comunicado oficial para dar a conocer la noticia, expresando en \u00e9l su gratitud hacia la griega por \u00absu dedicaci\u00f3n en una fase especialmente cr\u00edtica para el club\u00bb.<\/p>\n\n\n\n<p class=\"wp-block-paragraph\">La ya exmandataria de la\u00a0<strong>Roma<\/strong>\u00a0tiene dos hijos peque\u00f1os, motivo por el que en las \u00faltimas horas se hab\u00eda reforzado la seguridad en torno a su domicilio.<\/p>\n\n\n\n<p class=\"wp-block-paragraph\">Este domingo, la\u00a0<strong>Roma<\/strong>\u00a0estrenar\u00e1 nuevo entrenador ante el\u00a0<strong>Udinese<\/strong>\u00a0en el\u00a0<strong>Estadio Ol\u00edmpico<\/strong>. Por parte de la afici\u00f3n, se espera que haya una fuerte cr\u00edtica a la directiva. De hecho, el sector m\u00e1s radical no estar\u00e1 en la primera media hora del encuentro e inst\u00f3 al resto de aficionados a hacer lo mismo.<\/p>\n\n\n\n<p class=\"wp-block-paragraph\">Tampoco lo estar\u00e1n los due\u00f1os del club, que se vieron obligados a exiliarse a Am\u00e9rica temporalmente tras la destituci\u00f3n de la leyenda romana. Se esperaba que\u00a0<strong>Souloukou<\/strong>\u00a0estuviera en el encuentro como m\u00e1xima mandataria de la\u00a0<strong>Roma<\/strong>. Sin embargo, su repentina dimisi\u00f3n ha dejado al club sin la asistencia de un alto cargo al encuentro.<\/p>\n\n\n\n<p class=\"wp-block-paragraph\">Fuente: ABC<\/p>\n","protected":false},"excerpt":{"rendered":"<p>El pasado 19 de septiembre,\u00a0Lina Souloukou, CEO de la\u00a0Roma, tom\u00f3 la decisi\u00f3n de destituir a\u00a0Daniele De Rossi\u00a0como t\u00e9cnico del primer equipo. La decisi\u00f3n caus\u00f3 mucho revuelo entre los aficionados, al punto de que muchos de ellos llegaron a amenazar a la directora griega. Ante la dram\u00e1tica situaci\u00f3n,\u00a0Souloukou\u00a0tuvo que ponerse bajo \u00abmedidas de protecci\u00f3n\u00bb que le [&hellip;]<\/p>\n","protected":false},"author":2,"featured_media":132706,"comment_status":"open","ping_status":"open","sticky":false,"template":"","format":"standard","meta":{"footnotes":""},"categories":[7],"tags":[],"class_list":["post-132705","post","type-post","status-publish","format-standard","has-post-thumbnail","hentry","category-deportes"],"_links":{"self":[{"href":"https:\/\/elcuartopoder.com.mx\/nw\/wp-json\/wp\/v2\/posts\/132705","targetHints":{"allow":["GET"]}}],"collection":[{"href":"https:\/\/elcuartopoder.com.mx\/nw\/wp-json\/wp\/v2\/posts"}],"about":[{"href":"https:\/\/elcuartopoder.com.mx\/nw\/wp-json\/wp\/v2\/types\/post"}],"author":[{"embeddable":true,"href":"https:\/\/elcuartopoder.com.mx\/nw\/wp-json\/wp\/v2\/users\/2"}],"replies":[{"embeddable":true,"href":"https:\/\/elcuartopoder.com.mx\/nw\/wp-json\/wp\/v2\/comments?post=132705"}],"version-history":[{"count":1,"href":"https:\/\/elcuartopoder.com.mx\/nw\/wp-json\/wp\/v2\/posts\/132705\/revisions"}],"predecessor-version":[{"id":132707,"href":"https:\/\/elcuartopoder.com.mx\/nw\/wp-json\/wp\/v2\/posts\/132705\/revisions\/132707"}],"wp:featuredmedia":[{"embeddable":true,"href":"https:\/\/elcuartopoder.com.mx\/nw\/wp-json\/wp\/v2\/media\/132706"}],"wp:attachment":[{"href":"https:\/\/elcuartopoder.com.mx\/nw\/wp-json\/wp\/v2\/media?parent=132705"}],"wp:term":[{"taxonomy":"category","embeddable":true,"href":"https:\/\/elcuartopoder.com.mx\/nw\/wp-json\/wp\/v2\/categories?post=132705"},{"taxonomy":"post_tag","embeddable":true,"href":"https:\/\/elcuartopoder.com.mx\/nw\/wp-json\/wp\/v2\/tags?post=132705"}],"curies":[{"name":"wp","href":"https:\/\/api.w.org\/{rel}","templated":true}]}}