{"id":132731,"date":"2024-09-23T22:44:06","date_gmt":"2024-09-24T03:44:06","guid":{"rendered":"http:\/\/elcuartopoder.com.mx\/nw\/?p=132731"},"modified":"2024-09-23T22:44:11","modified_gmt":"2024-09-24T03:44:11","slug":"celebramos-la-cancelacion-de-la-estampilla-postal-por-el-50aniversarioquintanaroo","status":"publish","type":"post","link":"https:\/\/elcuartopoder.com.mx\/nw\/estatales\/celebramos-la-cancelacion-de-la-estampilla-postal-por-el-50aniversarioquintanaroo\/","title":{"rendered":"Celebramos la Cancelaci\u00f3n de la Estampilla Postal por el #50AniversarioQuintanaRoo"},"content":{"rendered":"\n<p class=\"wp-block-paragraph\"><img loading=\"lazy\" decoding=\"async\" height=\"16\" width=\"16\" src=\"https:\/\/static.xx.fbcdn.net\/images\/emoji.php\/v9\/tea\/1\/16\/1f4ec.png\" alt=\"\ud83d\udcec\"><img loading=\"lazy\" decoding=\"async\" height=\"16\" width=\"16\" src=\"https:\/\/static.xx.fbcdn.net\/images\/emoji.php\/v9\/t6d\/1\/16\/1f973.png\" alt=\"\ud83e\udd73\"> \u00a1Celebramos la Cancelaci\u00f3n de la Estampilla Postal por el <a href=\"https:\/\/www.facebook.com\/hashtag\/50aniversarioquintanaroo?__eep__=6&amp;__cft__[0]=AZVRQH0dUZRTbln-zm7uz8cFK-a_cK8afu2IlOGzGc-DOyW_Sx2_clMNJVeuIm8yQ6iGvtMqUxINwQCJ5MD55JOu0sXZ7EuyCtsoqDAWFsUMh8Ch_zmfYgpCUO0XQ-HGYbtkxPaucA18kJYvHD95vj-awiFCxpb4rhS0HDZdnMJnvA&amp;__tn__=*NK-R\">#50AniversarioQuintanaRoo<\/a>, desde el ic\u00f3nico Palacio Postal en CDMX! <img loading=\"lazy\" decoding=\"async\" height=\"16\" width=\"16\" src=\"https:\/\/static.xx.fbcdn.net\/images\/emoji.php\/v9\/tec\/1\/16\/1f4ee.png\" alt=\"\ud83d\udcee\">Gracias al trabajo en conjunto entre el <a href=\"https:\/\/www.facebook.com\/GobQuintanaRoo?__cft__[0]=AZVRQH0dUZRTbln-zm7uz8cFK-a_cK8afu2IlOGzGc-DOyW_Sx2_clMNJVeuIm8yQ6iGvtMqUxINwQCJ5MD55JOu0sXZ7EuyCtsoqDAWFsUMh8Ch_zmfYgpCUO0XQ-HGYbtkxPaucA18kJYvHD95vj-awiFCxpb4rhS0HDZdnMJnvA&amp;__tn__=-]K-R\">Gobierno de Quintana Roo<\/a> y el Servicio Postal Mexicano, esta estampilla llevar\u00e1 el nombre y la esencia de nuestro estado a cada rinc\u00f3n de M\u00e9xico y el mundo, con un total de 300 mil estampillas que se imprimieron en 500 hojillas.<img loading=\"lazy\" decoding=\"async\" height=\"16\" width=\"16\" src=\"https:\/\/static.xx.fbcdn.net\/images\/emoji.php\/v9\/tc0\/1\/16\/1f30e.png\" alt=\"\ud83c\udf0e\"><img loading=\"lazy\" decoding=\"async\" height=\"16\" width=\"16\" src=\"https:\/\/static.xx.fbcdn.net\/images\/emoji.php\/v9\/t37\/1\/16\/2709.png\" alt=\"\u2709\"> Esta suma de esfuerzos con Roc\u00edo B\u00e1rcena Molina, titular de <a href=\"https:\/\/www.facebook.com\/CorreosdeMexico.Mexpost?__cft__[0]=AZVRQH0dUZRTbln-zm7uz8cFK-a_cK8afu2IlOGzGc-DOyW_Sx2_clMNJVeuIm8yQ6iGvtMqUxINwQCJ5MD55JOu0sXZ7EuyCtsoqDAWFsUMh8Ch_zmfYgpCUO0XQ-HGYbtkxPaucA18kJYvHD95vj-awiFCxpb4rhS0HDZdnMJnvA&amp;__tn__=-]K-R\">Correos de M\u00e9xico<\/a> y con el apoyo de todas y todos los presidentes municipales del estado, tambi\u00e9n permite que los productos con el distintivo \u201cHecho en Quintana Roo\u201d se comercialicen globalmente a trav\u00e9s de \u201cCorreosClic\u201d, sin comisiones para nuestras MIPYMES. \u00a1Un logro que abre nuevas puertas para artesanos y emprendedores! <img loading=\"lazy\" decoding=\"async\" height=\"16\" width=\"16\" src=\"https:\/\/static.xx.fbcdn.net\/images\/emoji.php\/v9\/t82\/1\/16\/1f3a8.png\" alt=\"\ud83c\udfa8\"><img loading=\"lazy\" decoding=\"async\" height=\"16\" width=\"16\" src=\"https:\/\/static.xx.fbcdn.net\/images\/emoji.php\/v9\/t21\/1\/16\/1f9f6.png\" alt=\"\ud83e\uddf6\"><img loading=\"lazy\" decoding=\"async\" height=\"16\" width=\"16\" src=\"https:\/\/static.xx.fbcdn.net\/images\/emoji.php\/v9\/ta9\/1\/16\/1faa1.png\" alt=\"\ud83e\udea1\"><img loading=\"lazy\" decoding=\"async\" height=\"16\" width=\"16\" src=\"https:\/\/static.xx.fbcdn.net\/images\/emoji.php\/v9\/t3d\/1\/16\/1f4e6.png\" alt=\"\ud83d\udce6\"> \u00a1Lo hecho en Quintana Roo, est\u00e1 bien hecho! <img loading=\"lazy\" decoding=\"async\" height=\"16\" width=\"16\" src=\"https:\/\/static.xx.fbcdn.net\/images\/emoji.php\/v9\/tba\/1\/16\/1f64c_1f3fd.png\" alt=\"\ud83d\ude4c\ud83c\udffd\"><a href=\"https:\/\/www.facebook.com\/hashtag\/unidosparatransformar?__eep__=6&amp;__cft__[0]=AZVRQH0dUZRTbln-zm7uz8cFK-a_cK8afu2IlOGzGc-DOyW_Sx2_clMNJVeuIm8yQ6iGvtMqUxINwQCJ5MD55JOu0sXZ7EuyCtsoqDAWFsUMh8Ch_zmfYgpCUO0XQ-HGYbtkxPaucA18kJYvHD95vj-awiFCxpb4rhS0HDZdnMJnvA&amp;__tn__=*NK-R\">#UnidosParaTransformar<\/a><\/p>\n\n\n\n<figure class=\"wp-block-image size-large\"><img loading=\"lazy\" decoding=\"async\" width=\"1024\" height=\"683\" src=\"http:\/\/elcuartopoder.com.mx\/nw\/wp-content\/uploads\/2024\/09\/461123659_1068656927964404_699114118437021577_n-1024x683.jpg\" alt=\"\" class=\"wp-image-132733\" srcset=\"https:\/\/elcuartopoder.com.mx\/nw\/wp-content\/uploads\/2024\/09\/461123659_1068656927964404_699114118437021577_n-1024x683.jpg 1024w, https:\/\/elcuartopoder.com.mx\/nw\/wp-content\/uploads\/2024\/09\/461123659_1068656927964404_699114118437021577_n-300x200.jpg 300w, https:\/\/elcuartopoder.com.mx\/nw\/wp-content\/uploads\/2024\/09\/461123659_1068656927964404_699114118437021577_n-768x512.jpg 768w, https:\/\/elcuartopoder.com.mx\/nw\/wp-content\/uploads\/2024\/09\/461123659_1068656927964404_699114118437021577_n-1536x1025.jpg 1536w, https:\/\/elcuartopoder.com.mx\/nw\/wp-content\/uploads\/2024\/09\/461123659_1068656927964404_699114118437021577_n-696x464.jpg 696w, https:\/\/elcuartopoder.com.mx\/nw\/wp-content\/uploads\/2024\/09\/461123659_1068656927964404_699114118437021577_n.jpg 2048w\" sizes=\"auto, (max-width: 1024px) 100vw, 1024px\" \/><\/figure>\n","protected":false},"excerpt":{"rendered":"<p>\u00a1Celebramos la Cancelaci\u00f3n de la Estampilla Postal por el #50AniversarioQuintanaRoo, desde el ic\u00f3nico Palacio Postal en CDMX! Gracias al trabajo en conjunto entre el Gobierno de Quintana Roo y el Servicio Postal Mexicano, esta estampilla llevar\u00e1 el nombre y la esencia de nuestro estado a cada rinc\u00f3n de M\u00e9xico y el mundo, con un total [&hellip;]<\/p>\n","protected":false},"author":2,"featured_media":132732,"comment_status":"open","ping_status":"open","sticky":false,"template":"","format":"standard","meta":{"footnotes":""},"categories":[60],"tags":[],"class_list":["post-132731","post","type-post","status-publish","format-standard","has-post-thumbnail","hentry","category-estatales"],"_links":{"self":[{"href":"https:\/\/elcuartopoder.com.mx\/nw\/wp-json\/wp\/v2\/posts\/132731","targetHints":{"allow":["GET"]}}],"collection":[{"href":"https:\/\/elcuartopoder.com.mx\/nw\/wp-json\/wp\/v2\/posts"}],"about":[{"href":"https:\/\/elcuartopoder.com.mx\/nw\/wp-json\/wp\/v2\/types\/post"}],"author":[{"embeddable":true,"href":"https:\/\/elcuartopoder.com.mx\/nw\/wp-json\/wp\/v2\/users\/2"}],"replies":[{"embeddable":true,"href":"https:\/\/elcuartopoder.com.mx\/nw\/wp-json\/wp\/v2\/comments?post=132731"}],"version-history":[{"count":1,"href":"https:\/\/elcuartopoder.com.mx\/nw\/wp-json\/wp\/v2\/posts\/132731\/revisions"}],"predecessor-version":[{"id":132734,"href":"https:\/\/elcuartopoder.com.mx\/nw\/wp-json\/wp\/v2\/posts\/132731\/revisions\/132734"}],"wp:featuredmedia":[{"embeddable":true,"href":"https:\/\/elcuartopoder.com.mx\/nw\/wp-json\/wp\/v2\/media\/132732"}],"wp:attachment":[{"href":"https:\/\/elcuartopoder.com.mx\/nw\/wp-json\/wp\/v2\/media?parent=132731"}],"wp:term":[{"taxonomy":"category","embeddable":true,"href":"https:\/\/elcuartopoder.com.mx\/nw\/wp-json\/wp\/v2\/categories?post=132731"},{"taxonomy":"post_tag","embeddable":true,"href":"https:\/\/elcuartopoder.com.mx\/nw\/wp-json\/wp\/v2\/tags?post=132731"}],"curies":[{"name":"wp","href":"https:\/\/api.w.org\/{rel}","templated":true}]}}