{"id":132735,"date":"2024-09-23T22:48:37","date_gmt":"2024-09-24T03:48:37","guid":{"rendered":"http:\/\/elcuartopoder.com.mx\/nw\/?p=132735"},"modified":"2024-09-23T22:48:41","modified_gmt":"2024-09-24T03:48:41","slug":"elimina-xviii-legislatura-requisito-quintanarroense-para-ser-director-general-en-el-gobierno","status":"publish","type":"post","link":"https:\/\/elcuartopoder.com.mx\/nw\/estatales\/elimina-xviii-legislatura-requisito-quintanarroense-para-ser-director-general-en-el-gobierno\/","title":{"rendered":"Elimina XVIII Legislatura requisito quintanarroense para ser Director General en el gobierno"},"content":{"rendered":"\n<p class=\"wp-block-paragraph\">Chetumal.- Durante la Sesi\u00f3n N\u00famero 11 del Primer Periodo de Sesiones Ordinarias del Primer A\u00f1o de Ejercicio Constitucional de la Honorable XVIII Legislatura del Estado, fueron tratados dos asuntos, uno que tiene que ver con reestablecer el visado digital brasile\u00f1o para visitar Quintana Roo y las modificaciones administrativas de los organismos descentralizados.<br>El primer acuerdo por el que la Legislatura exhorta respetuosamente a la C\u00e1mara de Diputados del Poder Legislativo Federal, para que, en el Ejercicio de sus facultades, d\u00e9 aviso a la persona Titular de la Secretar\u00eda de Gobernaci\u00f3n, para que se reestablezca el servicio de visa digital para personas con pasaporte brasile\u00f1o; fue aprobado por mayor\u00eda.<br>En el segundo tema, que tiene que ver con reformar diversas disposiciones de la Ley de Entidades de la Administraci\u00f3n P\u00fablica Paraestatal del Estado de Quintana Roo y reformar diversas disposiciones de la Ley de Movilidad.<br>Al dar lectura de dicha iniciativa, el secretario de la Mesa Directiva, diputado Ricardo Velazco, justific\u00f3 que este proceso es para que las instituciones sean m\u00e1s eficientes, as\u00ed como salvaguardar el derecho de las mujeres.<br>Articulo 21 de la Ley de Movilidad, para especificar el lenguaje inclusive, as\u00ed como el procedimiento de elegibilidad para quien dirija el Instituto de Movilidad; porque el derecho de la mujer reconoce la dignidad de las mismas.<br>Dentro del mismo dictamen, los legisladores conocieron la propuesta para dar facultad al Ejecutivo de evaluar a las entidades paraestatales y \u00f3rganos descentralizados, para que de acuerdo a una evaluaci\u00f3n, proponga la desaparici\u00f3n o integraci\u00f3n de dos o m\u00e1s organismos p\u00fablicos, con el fin de ser m\u00e1s eficientes.<br>La reforma del art\u00edculo 11 de la Ley de Entidades de la Administraci\u00f3n P\u00fablica Paraestatal del Estado de Quintana Roo, quedar\u00eda as\u00ed, \u201cla persona titular del Poder Ejecutivo agrupar\u00e1 a las entidades paraestatales en sectores definidos considerando el objeto de cada una de ellas en relaci\u00f3n con la esfera de competencia que las leyes atribuyen a las dependencias del poder Ejecutivo\u201d.<br>La discusi\u00f3n estuvo en la reforma al art\u00edculo 28 de la mencionada ley, \u201c\u2026 El nombramiento de la persona titular de la Direcci\u00f3n General deber\u00e1 recaer en personas que re\u00fanan los siguientes requisitos: I. Ser persona ciudadana mexicana en pleno goce de sus derechos pol\u00edticos; II. Eliminado (ser ciudadano quintanarroense\u2026).<br>El diputado Jos\u00e9 Luis Pech V\u00e1rguez, tom\u00f3 la palabra para referirse a que los legisladores consideren que las y los quintanarroenses tengan la ciudadan\u00eda del estado en el cual pretenden distinguir; que hay poco trabajo y si se reforman los requisitos para ser en director en el sector p\u00fablico, entonces ser\u00e1 ocupado por \u201cgente de fuera\u201d, as\u00ed que conmin\u00f3 a no votar por esta reforma en particular.<br>Dentro de las m\u00faltiples reformas, los organismos descentralizados y \u00f3rganos aut\u00f3nomos, estar\u00e1n bajo la supervisi\u00f3n de la Secretar\u00eda de Finanzas y Planeaci\u00f3n (Sefiplan), quien evaluar\u00e1 y recomendar\u00e1 cu\u00e1les deben seguir y cu\u00e1les deben ser fusionadas o extinguidas.<\/p>\n","protected":false},"excerpt":{"rendered":"<p>Chetumal.- Durante la Sesi\u00f3n N\u00famero 11 del Primer Periodo de Sesiones Ordinarias del Primer A\u00f1o de Ejercicio Constitucional de la Honorable XVIII Legislatura del Estado, fueron tratados dos asuntos, uno que tiene que ver con reestablecer el visado digital brasile\u00f1o para visitar Quintana Roo y las modificaciones administrativas de los organismos descentralizados.El primer acuerdo por [&hellip;]<\/p>\n","protected":false},"author":2,"featured_media":132736,"comment_status":"open","ping_status":"open","sticky":false,"template":"","format":"standard","meta":{"footnotes":""},"categories":[60],"tags":[],"class_list":["post-132735","post","type-post","status-publish","format-standard","has-post-thumbnail","hentry","category-estatales"],"_links":{"self":[{"href":"https:\/\/elcuartopoder.com.mx\/nw\/wp-json\/wp\/v2\/posts\/132735","targetHints":{"allow":["GET"]}}],"collection":[{"href":"https:\/\/elcuartopoder.com.mx\/nw\/wp-json\/wp\/v2\/posts"}],"about":[{"href":"https:\/\/elcuartopoder.com.mx\/nw\/wp-json\/wp\/v2\/types\/post"}],"author":[{"embeddable":true,"href":"https:\/\/elcuartopoder.com.mx\/nw\/wp-json\/wp\/v2\/users\/2"}],"replies":[{"embeddable":true,"href":"https:\/\/elcuartopoder.com.mx\/nw\/wp-json\/wp\/v2\/comments?post=132735"}],"version-history":[{"count":1,"href":"https:\/\/elcuartopoder.com.mx\/nw\/wp-json\/wp\/v2\/posts\/132735\/revisions"}],"predecessor-version":[{"id":132737,"href":"https:\/\/elcuartopoder.com.mx\/nw\/wp-json\/wp\/v2\/posts\/132735\/revisions\/132737"}],"wp:featuredmedia":[{"embeddable":true,"href":"https:\/\/elcuartopoder.com.mx\/nw\/wp-json\/wp\/v2\/media\/132736"}],"wp:attachment":[{"href":"https:\/\/elcuartopoder.com.mx\/nw\/wp-json\/wp\/v2\/media?parent=132735"}],"wp:term":[{"taxonomy":"category","embeddable":true,"href":"https:\/\/elcuartopoder.com.mx\/nw\/wp-json\/wp\/v2\/categories?post=132735"},{"taxonomy":"post_tag","embeddable":true,"href":"https:\/\/elcuartopoder.com.mx\/nw\/wp-json\/wp\/v2\/tags?post=132735"}],"curies":[{"name":"wp","href":"https:\/\/api.w.org\/{rel}","templated":true}]}}