{"id":132742,"date":"2024-09-24T15:17:56","date_gmt":"2024-09-24T20:17:56","guid":{"rendered":"http:\/\/elcuartopoder.com.mx\/nw\/?p=132742"},"modified":"2024-09-24T15:17:59","modified_gmt":"2024-09-24T20:17:59","slug":"nosotros-ya-no-somos-los-mismos-3","status":"publish","type":"post","link":"https:\/\/elcuartopoder.com.mx\/nw\/opinion\/nosotros-ya-no-somos-los-mismos-3\/","title":{"rendered":"Nosotros ya no somos los mismos"},"content":{"rendered":"\n<p class=\"wp-block-paragraph\">R\u00e1pida contestaci\u00f3n a mi saltillense&nbsp;amigo Indalecio L\u00f3pez, a quien le intriga por qu\u00e9 me retiraba del acto pol\u00edtico en el que hab\u00eda aceptado participar. Cuando toda la lista (enorme) de tribunos hab\u00eda llegado a su fin y solamente quedaba pendiente tu servidor y amigo, el maestro de ceremonias comenz\u00f3 el anuncio de un individuo a quien otorgaba t\u00edtulos y m\u00e9ritos de excepci\u00f3n. O\u00edr esa descripci\u00f3n me convenci\u00f3 de inmediato que, sin explicaci\u00f3n, hab\u00eda sido injustamente sustituido y en medio de mi inevitable indignaci\u00f3n decid\u00ed realizar altivo mutis y retirarme de escena.<\/p>\n\n\n\n<p class=\"wp-block-paragraph\">Cuando ante mi asombro descubr\u00ed que el locutor se estaba refiriendo a m\u00ed, un garrudo custodio me sembr\u00f3 frente a los micr\u00f3fonos. Y ya, sin pa\u2019 d\u00f3nde hacerme, comenc\u00e9 a hacer algunas referencias gratas de nuestra com\u00fan ciudad, que fueron calmando lo participativo de la audiencia. Por ejemplo, me refer\u00ed a un hecho de nuestra vida cotidiana al que ya por costumbre ni siquiera se le registra, ni menos se le da importancia alguna: la nomenclatura de las calles, callejones, parques, calzadas y avenidas del Saltillo antiguo, fundacional, est\u00e1 conformada por los nombres de los mexicanos m\u00e1s distinguidos en los hitos esenciales de nuestra historia. Tal vez esto influya para que la juventud saltillense sea innatamente independentista, liberal, republicana, democr\u00e1tica, revolucionaria, y que sus banderas hayan sido, y sigan siendo, la&nbsp;<q>democracia y la justicia social<\/q>. (Esta \u00faltima frase arranc\u00f3 el \u00fanico aplauso espont\u00e1neo en mi favor durante toda la noche).<\/p>\n\n\n\n<p class=\"wp-block-paragraph\">Ya encarrerado iba a seguir por este camino, pero el maestro de ceremonias, virtualmente dio un zarpazo y se apoder\u00f3 del micr\u00f3fono diciendo: \u201cGracias, muchas gracias al valioso joven que esta noche nos ilustr\u00f3 con sus amplios conocimientos y por el manejo del idioma\u2026\u201d Con estas palabras me sac\u00f3 del ring y me mand\u00f3 a vestidores, no sin antes recibir felicitaciones y semiabrazos del candidato y acompa\u00f1antes. Sal\u00eda del escenario cuando top\u00e9 con el orador estrella encargado del cierre del acto. Mientras el locutor dec\u00eda: \u201cCon ustedes la voz que habla por cada uno nosotros, la voz que dice lo que pensamos todos, lo que es lo mismo, tiene palabra el&nbsp;<q>orador del pueblo<\/q>: Perfecto Delgado\u201d.<\/p>\n\n\n\n<p class=\"wp-block-paragraph\">Lo examin\u00e9 con curiosidad, asombro y, para qu\u00e9 negarlo, con rencor. Era corpulento, ventrudo, desfachatado y sin afeite de meses, rostro malqueriente y mirada (como dir\u00eda el Piporro), muy pesada. Y \u00a1Oh sorpresa! tambi\u00e9n rengo o paticojo. Para igualar la diferencia entre sus piernas, usaba un zapato de gruesa madera y de unos 20 cent\u00edmetros de largo. Se afianz\u00f3 en la tribuna y dijo: \u201cHijos\u2026 del Ojo de Agua, \u00bfNo nos hab\u00edamos visto antes? \u00a1Claro!, contestaron los presentes, al un\u00edsono. Entonces todos los que estamos aqu\u00ed ya sabemos que venimos a escuchar las mismas mentiras de cada tres a\u00f1os o d\u00edganme si no. Me presentaron como Perfecto Delgado \u00bfy ustedes me ven delgado con esta barriga que me llega a las rodillas? \u00bfPiensan que soy perfecto con una pata que est\u00e1 tan mal hecha que de ese lado no hago tierra sin ayuda del tronco que traigo amarrado? \u00bfSoy orador, cuando las palabras que me s\u00e9 son bien poquitas? Pero eso s\u00ed, siempre las uso para decir claridades aunque con eso las amistades no sean muchas.<\/p>\n\n\n\n<p class=\"wp-block-paragraph\">\u201c\u00bfDespu\u00e9s de esto \u2013continu\u00f3\u2013 les vamos a volver a creer, que ahora s\u00ed nuestro barrio va a ser el consentido de la \u2018autorid\u00e1\u2019, porque en nuestras casillas es donde m\u00e1s votos consiguen? \u00a1Claro que no! Nos prometen agua potable en nuestras llaves y s\u00f3lo nos llegan escasos chorritos, y eso, porque somos el ojo de agua. Limpia de los drenajes que est\u00e1n a reventar y las inundaciones se dan cada d\u00eda m\u00e1s seguido, las luminarias en las calles son tan escasas que en la noche no reconocemos ni a nuestras viejas (hoy dir\u00edamos tambi\u00e9n, y viejos). Las escuelas las reconstruimos nosotros con materiales que nos proporcion\u00f3 la presidencia municipal y est\u00e1n a toda madre, pero lo m\u00e1s importante fue el trato directo y personal que nos dio Vald\u00e9s Villarreal, que siempre nos recibi\u00f3 en sus oficinas y nos acompa\u00f1\u00f3 a nuestras fiestas tradicionales. Con nosotros siempre ha sido cuaderno de doble ralla, reconozc\u00e1moslo y hagamos honor a una costumbre muy de nosotros: amor con amor se paga (como ven, nada es nuevo en esta lengua). Nosotros jam\u00e1s votaremos por los apretados de Acci\u00f3n Nacional&#8230;\u201d Continuar\u00e1\u2026<\/p>\n\n\n\n<p class=\"wp-block-paragraph\">Perd\u00f3n por el abuso de tanta palabrer\u00eda. El pr\u00f3ximo lunes el ep\u00edlogo ser\u00e1 muy breve, s\u00f3lo lo indispensable.<\/p>\n","protected":false},"excerpt":{"rendered":"<p>R\u00e1pida contestaci\u00f3n a mi saltillense&nbsp;amigo Indalecio L\u00f3pez, a quien le intriga por qu\u00e9 me retiraba del acto pol\u00edtico en el que hab\u00eda aceptado participar. Cuando toda la lista (enorme) de tribunos hab\u00eda llegado a su fin y solamente quedaba pendiente tu servidor y amigo, el maestro de ceremonias comenz\u00f3 el anuncio de un individuo a [&hellip;]<\/p>\n","protected":false},"author":2,"featured_media":132743,"comment_status":"open","ping_status":"open","sticky":false,"template":"","format":"standard","meta":{"footnotes":""},"categories":[62],"tags":[],"class_list":["post-132742","post","type-post","status-publish","format-standard","has-post-thumbnail","hentry","category-opinion"],"_links":{"self":[{"href":"https:\/\/elcuartopoder.com.mx\/nw\/wp-json\/wp\/v2\/posts\/132742","targetHints":{"allow":["GET"]}}],"collection":[{"href":"https:\/\/elcuartopoder.com.mx\/nw\/wp-json\/wp\/v2\/posts"}],"about":[{"href":"https:\/\/elcuartopoder.com.mx\/nw\/wp-json\/wp\/v2\/types\/post"}],"author":[{"embeddable":true,"href":"https:\/\/elcuartopoder.com.mx\/nw\/wp-json\/wp\/v2\/users\/2"}],"replies":[{"embeddable":true,"href":"https:\/\/elcuartopoder.com.mx\/nw\/wp-json\/wp\/v2\/comments?post=132742"}],"version-history":[{"count":1,"href":"https:\/\/elcuartopoder.com.mx\/nw\/wp-json\/wp\/v2\/posts\/132742\/revisions"}],"predecessor-version":[{"id":132744,"href":"https:\/\/elcuartopoder.com.mx\/nw\/wp-json\/wp\/v2\/posts\/132742\/revisions\/132744"}],"wp:featuredmedia":[{"embeddable":true,"href":"https:\/\/elcuartopoder.com.mx\/nw\/wp-json\/wp\/v2\/media\/132743"}],"wp:attachment":[{"href":"https:\/\/elcuartopoder.com.mx\/nw\/wp-json\/wp\/v2\/media?parent=132742"}],"wp:term":[{"taxonomy":"category","embeddable":true,"href":"https:\/\/elcuartopoder.com.mx\/nw\/wp-json\/wp\/v2\/categories?post=132742"},{"taxonomy":"post_tag","embeddable":true,"href":"https:\/\/elcuartopoder.com.mx\/nw\/wp-json\/wp\/v2\/tags?post=132742"}],"curies":[{"name":"wp","href":"https:\/\/api.w.org\/{rel}","templated":true}]}}