{"id":132759,"date":"2024-09-24T20:43:28","date_gmt":"2024-09-25T01:43:28","guid":{"rendered":"http:\/\/elcuartopoder.com.mx\/nw\/?p=132759"},"modified":"2024-09-24T20:43:32","modified_gmt":"2024-09-25T01:43:32","slug":"por-que-el-mar-es-el-gran-olvidado-de-los-compromisos-de-sostenibilidad","status":"publish","type":"post","link":"https:\/\/elcuartopoder.com.mx\/nw\/destacadas\/por-que-el-mar-es-el-gran-olvidado-de-los-compromisos-de-sostenibilidad\/","title":{"rendered":"Por qu\u00e9 el mar es el gran olvidado de los compromisos de sostenibilidad"},"content":{"rendered":"\n<p class=\"wp-block-paragraph\">Si se preguntase a una persona cualquiera por la calle sobre protecci\u00f3n de la naturaleza, seguramente hablar\u00eda de bosques, animales o contaminaci\u00f3n. Parece poco probable que mencionase a&nbsp;<a href=\"https:\/\/www.abc.es\/antropia\/abci-oceanos-diagnostico-pulmon-planeta-20220608172209_noticia.html\">los oc\u00e9anos<\/a>, que \u2014y a pesar de su importancia extrema en el equilibrio del planeta\u2014 suelen quedarse un tanto olvidados. Tambi\u00e9n lo son para las empresas en sus estrategias y compromisos de sostenibilidad.<\/p>\n\n\n\n<p class=\"wp-block-paragraph\">As\u00ed lo demuestra un estudio reciente, elaborado por Pacto Mundial Espa\u00f1a, indica que solo el 10% de las empresas espa\u00f1olas prioriza el cuidado de los oc\u00e9anos en sus estrategias de sostenibilidad. \u00abLa conclusi\u00f3n es que el ODS n\u00famero 14 es el objetivo menos importante de los 17, lo que indica que los oc\u00e9anos y el compromiso con el mar no est\u00e1 en las prioridades de las empresas\u00bb, apunta Irene Hurtado, project manager en&nbsp;<a href=\"https:\/\/www.abc.es\/antropia\/abci-muebles-hechos-redes-recicladas-20221123140032_noticia.html\">Gravity Wave<\/a>, una compa\u00f1\u00eda especializada en la recuperaci\u00f3n y revaloraci\u00f3n del pl\u00e1stico en los mares.<\/p>\n\n\n\n<p class=\"wp-block-paragraph\">Los datos del informe se completan con un an\u00e1lisis de esta compa\u00f1\u00eda, que ha establecido un ranking de los sectores que m\u00e1s trabajan en la protecci\u00f3n de los oc\u00e9anos. Lo lideran las compa\u00f1\u00edas de productos farmac\u00e9uticos, seguidas en este orden por la banca, la industria del ocio, viajes y turismo, los fabricantes de mobiliario y la automoci\u00f3n.<\/p>\n\n\n\n<p class=\"wp-block-paragraph\">En el orden sorprende que la banca adelante al turismo \u2014que vive en Espa\u00f1a en alto grado de los oc\u00e9anos\u2014 en la protecci\u00f3n de los mares. \u00abLa raz\u00f3n principal es que hay nuevos bancos que est\u00e1n cada vez m\u00e1s enfoc\u00e1ndose en conectar la salud financiera con la salud medioambiental\u00bb, explica Hurtado. Sus clientes les demandan un \u00abcompromiso m\u00e1s fuerte con la sostenibilidad\u00bb y tienen tambi\u00e9n \u00abun mayor margen econ\u00f3mico para poder apostar por este tipo de proyectos a largo plazo\u00bb. El m\u00fasculo econ\u00f3mico limita los movimientos del sector tur\u00edstico.<\/p>\n\n\n\n<h3 class=\"wp-block-heading\">El olvido del mar<\/h3>\n\n\n\n<p class=\"wp-block-paragraph\">M\u00e1s all\u00e1 de lo que ocurre con ciertos sectores concretos, cabe preguntarse qu\u00e9 lleva a las empresas en general en pensar menos en el mar cuando trabajan en sostenibilidad. \u00bfEs que el mar resulta m\u00e1s dif\u00edcil luego de vender en comunicaci\u00f3n o se asume que es una responsabilidad que recae, sobre todo, en las compa\u00f1\u00edas que trabajan directamente con sus recursos?<\/p>\n\n\n\n<p class=\"wp-block-paragraph\">\u00abEl mar suele ser olvidado por varias razones\u00bb, apunta Hurtado. Asumir que su cuidado es cosa de la industria que trabaja de forma directa con \u00e9l es una de ellas, aunque, como recuerda la experta, eso no es realmente as\u00ed. \u00abEl compromiso con el mar no es exclusivo de las empresas del sector mar\u00edtimo\u00bb, indica.<\/p>\n\n\n\n<p class=\"wp-block-paragraph\">Por otro, suma, a los oc\u00e9anos les perjudica la propia naturaleza de sus problemas. Son muy complejos y parece que son demasiado dif\u00edciles de solucionar. \u00abLos problemas del mar no son tan visibles como la deforestaci\u00f3n o la contaminaci\u00f3n del aire, lo que hace m\u00e1s dif\u00edcil comunicarlos de manera efectiva\u00bb, a\u00f1ade.<\/p>\n\n\n\n<p class=\"wp-block-paragraph\">En cierto modo, esto funciona como la pescadilla que se muerde la cola, porque se prioriza lo visible y \u00abtangible\u00bb en los compromisos medioambientales y los problemas del mar se perciben como algo abstracto.<\/p>\n\n\n\n<p class=\"wp-block-paragraph\">Por eso, no solo las empresas piensan poco en el tema, tampoco lo hace la ciudadan\u00eda. \u00abCuando nos hablan de compromiso verde, lo primero que pensamos es en plantar \u00e1rboles y reciclar\u00bb, se\u00f1ala Hurtado. \u00abEl mar no suele estar en nuestro radar porque sus problemas no son tan evidentes como los de la tierra\u00bb, apunta. Es m\u00e1s f\u00e1cil ver un \u00e1rbol talado y hemos hablado mucho m\u00e1s de cuestiones como la deforestaci\u00f3n o la contaminaci\u00f3n que sobre los desaf\u00edos a los que se enfrentan los ecosistemas marinos. \u00abPero eso est\u00e1 cambiando poco a poco, y cada vez m\u00e1s gente se da cuenta de lo crucial que es cuidar nuestros oc\u00e9anos\u00bb, se\u00f1ala.<\/p>\n\n\n\n<p class=\"wp-block-paragraph\">Al fin y al cabo, los mares son uno de los pulmones cruciales del planeta. Son uno de los &#8216;sumideros&#8217; de carbono, uno que se encarga de capturar el exceso de calor. De ellos dependen desde el clima hasta la alimentaci\u00f3n humana y se ven como una de las emergentes fuentes de energ\u00eda limpia del futuro. Sin embargo, la&nbsp;<a href=\"https:\/\/www.abc.es\/diario_abc\/noticias\/202409\/04\/antropia\/VISUAL-contaminacion-plastico.xml\">contaminaci\u00f3n<\/a>&nbsp;y el calentamiento los est\u00e1n llevando a situaciones l\u00edmite, que podr\u00edan derivar en una p\u00e9rdida de&nbsp;<a href=\"https:\/\/www.abc.es\/antropia\/cangrejo-ermitano-cambia-concha-tapon-plastico-20240215163319-nt.html\">biodiversidad<\/a>, en una mayor frecuencia de olas de calor marinas (con terribles consecuencias) o en una&nbsp;<a href=\"https:\/\/www.abc.es\/antropia\/abci-deshielo-artico-cambio-climatico-montana-nueva-expedicion-sosartic-20220623072324_noticia.html\">subida de los niveles del mar<\/a>.<\/p>\n\n\n\n<p class=\"wp-block-paragraph\">La situaci\u00f3n es complicada. \u00abLamentablemente, los estudios cient\u00edficos muestran que la situaci\u00f3n est\u00e1 empeorando en muchos casos\u00bb, recuerda Hurtado. Los a\u00f1os de experiencia en recolecci\u00f3n de pl\u00e1sticos en los mares les han demostrado que las redes de pesca abandonadas son uno de los grandes problemas con los que se cruzan, porque son \u00abde los residuos m\u00e1s abundantes y da\u00f1inos para la vida marina\u00bb. A eso suma los micropl\u00e1sticos y pl\u00e1sticos en general que flotan a la deriva. Limpiar los mares, recuerda, es fundamental.<\/p>\n","protected":false},"excerpt":{"rendered":"<p>Si se preguntase a una persona cualquiera por la calle sobre protecci\u00f3n de la naturaleza, seguramente hablar\u00eda de bosques, animales o contaminaci\u00f3n. Parece poco probable que mencionase a&nbsp;los oc\u00e9anos, que \u2014y a pesar de su importancia extrema en el equilibrio del planeta\u2014 suelen quedarse un tanto olvidados. Tambi\u00e9n lo son para las empresas en sus [&hellip;]<\/p>\n","protected":false},"author":2,"featured_media":132760,"comment_status":"open","ping_status":"open","sticky":false,"template":"","format":"standard","meta":{"footnotes":""},"categories":[59],"tags":[],"class_list":["post-132759","post","type-post","status-publish","format-standard","has-post-thumbnail","hentry","category-destacadas"],"_links":{"self":[{"href":"https:\/\/elcuartopoder.com.mx\/nw\/wp-json\/wp\/v2\/posts\/132759","targetHints":{"allow":["GET"]}}],"collection":[{"href":"https:\/\/elcuartopoder.com.mx\/nw\/wp-json\/wp\/v2\/posts"}],"about":[{"href":"https:\/\/elcuartopoder.com.mx\/nw\/wp-json\/wp\/v2\/types\/post"}],"author":[{"embeddable":true,"href":"https:\/\/elcuartopoder.com.mx\/nw\/wp-json\/wp\/v2\/users\/2"}],"replies":[{"embeddable":true,"href":"https:\/\/elcuartopoder.com.mx\/nw\/wp-json\/wp\/v2\/comments?post=132759"}],"version-history":[{"count":1,"href":"https:\/\/elcuartopoder.com.mx\/nw\/wp-json\/wp\/v2\/posts\/132759\/revisions"}],"predecessor-version":[{"id":132761,"href":"https:\/\/elcuartopoder.com.mx\/nw\/wp-json\/wp\/v2\/posts\/132759\/revisions\/132761"}],"wp:featuredmedia":[{"embeddable":true,"href":"https:\/\/elcuartopoder.com.mx\/nw\/wp-json\/wp\/v2\/media\/132760"}],"wp:attachment":[{"href":"https:\/\/elcuartopoder.com.mx\/nw\/wp-json\/wp\/v2\/media?parent=132759"}],"wp:term":[{"taxonomy":"category","embeddable":true,"href":"https:\/\/elcuartopoder.com.mx\/nw\/wp-json\/wp\/v2\/categories?post=132759"},{"taxonomy":"post_tag","embeddable":true,"href":"https:\/\/elcuartopoder.com.mx\/nw\/wp-json\/wp\/v2\/tags?post=132759"}],"curies":[{"name":"wp","href":"https:\/\/api.w.org\/{rel}","templated":true}]}}