{"id":132771,"date":"2024-09-25T10:07:26","date_gmt":"2024-09-25T15:07:26","guid":{"rendered":"http:\/\/elcuartopoder.com.mx\/nw\/?p=132771"},"modified":"2024-09-25T10:07:28","modified_gmt":"2024-09-25T15:07:28","slug":"la-presidenta-de-mexico-no-ha-invitado-al-rey-a-su-toma-de-posesion-por-no-responder-a-la-carta-de-lopez-obrador-sobre-la-conquista","status":"publish","type":"post","link":"https:\/\/elcuartopoder.com.mx\/nw\/destacadas\/la-presidenta-de-mexico-no-ha-invitado-al-rey-a-su-toma-de-posesion-por-no-responder-a-la-carta-de-lopez-obrador-sobre-la-conquista\/","title":{"rendered":"La presidenta de M\u00e9xico no ha invitado al Rey a su toma de posesi\u00f3n por no responder a la carta de L\u00f3pez Obrador sobre la conquista"},"content":{"rendered":"\n<p class=\"wp-block-paragraph\">La presidenta electa de M\u00e9xico, Claudia Sheinbaum, ha explicado este mi\u00e9rcoles que no invit\u00f3 al Rey de Espa\u00f1a, Felipe VI, a su ceremonia de investidura, el 1 de octubre, porque&nbsp;<strong>el monarca no respondi\u00f3 a la carta del actual mandatario<\/strong>, Andr\u00e9s Manuel L\u00f3pez Obrador, para pedir perd\u00f3n por la conquista.<\/p>\n\n\n\n<p class=\"wp-block-paragraph\">En un comunicado difundido en sus redes sociales, Sheinbaum ha explicado que el pasado julio<strong>&nbsp;\u00abse envi\u00f3 una nota diplom\u00e1tica\u00bb<\/strong>&nbsp;para invitar a S\u00e1nchez a la toma de posesi\u00f3n y ella misma habl\u00f3 con el jefe del Ejecutivo \u00abhace un par de d\u00edas\u00bb sobre este asunto.<\/p>\n\n\n\n<p class=\"wp-block-paragraph\">Asimismo, la presidenta electa ha recordado que el actual inquilino de Los Pinos envi\u00f3 en marzo de 2019 una carta a Felipe VI en la que, con motivo del 200 aniversario de la independencia en 2021, planteaba que \u00abel Reino de Espa\u00f1a expresase de manera p\u00fablica y oficial\u00a0<strong>el reconocimiento de los agravias causados<\/strong>\u00bb durante la Conquista.<\/p>\n\n\n\n<p class=\"wp-block-paragraph\">En la carta que L\u00f3pez Obrador envi\u00f3 al Rey hace cinco a\u00f1os, propon\u00eda que se trabajase \u00abde forma bilateral en una hoja de ruta\u00bb para organizar \u00abuna ceremonia conjunta al m\u00e1s alto nivel\u00bb en 2021 y que, tras el reconocimiento de los presuntos agravios, ambos pa\u00edses acordasen y redactasen\u00a0<strong>\u00abun relato compartido, p\u00fablico y socializado de su historia com\u00fan\u00bb<\/strong>.<\/p>\n\n\n\n<p class=\"wp-block-paragraph\">El objetivo era, seg\u00fan el presidente, iniciar \u00abuna nueva etapa plenamente apegada a los principios que orientan en la actualidad\u00bb a ambos Estados y \u00abbrindar a las pr\u00f3ximas generaciones de ambas orillas del Atl\u00e1ntico los cauces para&nbsp;<strong>una convivencia m\u00e1s estrecha, m\u00e1s fluida y m\u00e1s fraternal<\/strong>\u00bb.<\/p>\n\n\n\n<p class=\"wp-block-paragraph\">\u00abLamentablemente, dicha misiva no mereci\u00f3 respuesta alguna de forma directa,&nbsp;<strong>como hubiera correspondido a la mejor pr\u00e1ctica diplom\u00e1tica<\/strong>&nbsp;de las relaciones bilaterales. En cambio, parte de la carta se filtr\u00f3 en medios de comunicaci\u00f3n\u00bb, expuso Sheinbaum en un comunicado difundido en redes sociales.<\/p>\n\n\n\n<p class=\"wp-block-paragraph\">La presidenta electa se ha referido tambi\u00e9n la Guerra Civil espa\u00f1ola, sobre la que ha dicho que M\u00e9xico fue&nbsp;<strong>\u00abun aliado solidario y un destino generoso para muchos espa\u00f1oles republicanos\u00bb<\/strong>. \u00abPrecisamente por todo ello, nuestra relaci\u00f3n se beneficiar\u00eda con una renovada perspectiva hist\u00f3rica, acorde al desarrollo de nuestros pueblos y en la que el reconocimiento cabal a nuestras identidades, sea el eje de una relaci\u00f3n respetuosa, s\u00f3lida y fruct\u00edfera\u00bb, ha escrito en al comunicado.<\/p>\n\n\n\n<p class=\"wp-block-paragraph\">Sheinbaum ha terminado su misiva con el deseo de una temprana comprensi\u00f3n entre las dos naciones: \u00abConf\u00edo en que esta circunstancia, que hoy pone de manifiesto nuestra diversidad de opiniones, sea tambi\u00e9n punto de partida para que\u00a0<strong>M\u00e9xico y Espa\u00f1a encuentren pronto nuevas v\u00edas de entendimiento\u00a0<\/strong>basadas en nuestras soberan\u00edas y respeto mutuo, en beneficio de nuestras naciones y nuestros pueblos\u00bb.<\/p>\n\n\n\n<p class=\"wp-block-paragraph\">Fuente: ABC<\/p>\n","protected":false},"excerpt":{"rendered":"<p>La presidenta electa de M\u00e9xico, Claudia Sheinbaum, ha explicado este mi\u00e9rcoles que no invit\u00f3 al Rey de Espa\u00f1a, Felipe VI, a su ceremonia de investidura, el 1 de octubre, porque&nbsp;el monarca no respondi\u00f3 a la carta del actual mandatario, Andr\u00e9s Manuel L\u00f3pez Obrador, para pedir perd\u00f3n por la conquista. En un comunicado difundido en sus [&hellip;]<\/p>\n","protected":false},"author":2,"featured_media":132772,"comment_status":"open","ping_status":"open","sticky":false,"template":"","format":"standard","meta":{"footnotes":""},"categories":[59],"tags":[],"class_list":["post-132771","post","type-post","status-publish","format-standard","has-post-thumbnail","hentry","category-destacadas"],"_links":{"self":[{"href":"https:\/\/elcuartopoder.com.mx\/nw\/wp-json\/wp\/v2\/posts\/132771","targetHints":{"allow":["GET"]}}],"collection":[{"href":"https:\/\/elcuartopoder.com.mx\/nw\/wp-json\/wp\/v2\/posts"}],"about":[{"href":"https:\/\/elcuartopoder.com.mx\/nw\/wp-json\/wp\/v2\/types\/post"}],"author":[{"embeddable":true,"href":"https:\/\/elcuartopoder.com.mx\/nw\/wp-json\/wp\/v2\/users\/2"}],"replies":[{"embeddable":true,"href":"https:\/\/elcuartopoder.com.mx\/nw\/wp-json\/wp\/v2\/comments?post=132771"}],"version-history":[{"count":1,"href":"https:\/\/elcuartopoder.com.mx\/nw\/wp-json\/wp\/v2\/posts\/132771\/revisions"}],"predecessor-version":[{"id":132773,"href":"https:\/\/elcuartopoder.com.mx\/nw\/wp-json\/wp\/v2\/posts\/132771\/revisions\/132773"}],"wp:featuredmedia":[{"embeddable":true,"href":"https:\/\/elcuartopoder.com.mx\/nw\/wp-json\/wp\/v2\/media\/132772"}],"wp:attachment":[{"href":"https:\/\/elcuartopoder.com.mx\/nw\/wp-json\/wp\/v2\/media?parent=132771"}],"wp:term":[{"taxonomy":"category","embeddable":true,"href":"https:\/\/elcuartopoder.com.mx\/nw\/wp-json\/wp\/v2\/categories?post=132771"},{"taxonomy":"post_tag","embeddable":true,"href":"https:\/\/elcuartopoder.com.mx\/nw\/wp-json\/wp\/v2\/tags?post=132771"}],"curies":[{"name":"wp","href":"https:\/\/api.w.org\/{rel}","templated":true}]}}