{"id":132777,"date":"2024-09-25T10:11:28","date_gmt":"2024-09-25T15:11:28","guid":{"rendered":"http:\/\/elcuartopoder.com.mx\/nw\/?p=132777"},"modified":"2024-09-25T10:11:32","modified_gmt":"2024-09-25T15:11:32","slug":"el-aplaudido-alegato-de-meryl-streep-ante-la-onu-una-ardilla-tiene-mas-derechos-que-una-nina-en-afganistan","status":"publish","type":"post","link":"https:\/\/elcuartopoder.com.mx\/nw\/entretenimiento\/espectaculos\/el-aplaudido-alegato-de-meryl-streep-ante-la-onu-una-ardilla-tiene-mas-derechos-que-una-nina-en-afganistan\/","title":{"rendered":"El aplaudido alegato de Meryl Streep ante la ONU: \u00abUna ardilla tiene m\u00e1s derechos que una ni\u00f1a en Afganist\u00e1n\u00bb"},"content":{"rendered":"\n<p class=\"wp-block-paragraph\">La actriz estadounidense\u00a0Meryl Streep, de 75 a\u00f1os, ha vuelto a hacer gala su\u00a0<strong>conocido coraje y valent\u00eda<\/strong>\u00a0al asegurar ante la ONU que \u00abuna ardilla tiene m\u00e1s derechos\u00bb que una ni\u00f1a afgana bajo el actual\u00a0<strong>r\u00e9gimen talib\u00e1n<\/strong>, lo que le ha valido el aplauso de miles de activistas.<\/p>\n\n\n\n<p class=\"wp-block-paragraph\">Meryl Streep\u00a0asisti\u00f3 a un evento sobre la situaci\u00f3n de las mujeres y las ni\u00f1as en Afganist\u00e1n en el marco de la\u00a0<strong>Asamblea General de la ONU<\/strong>\u00a0en Nueva York y calific\u00f3 las dur\u00edsimas restricciones de los talibanes a la vida de las mujeres como una forma de \u00ab<strong>asfixia<\/strong>\u00bb.<\/p>\n\n\n\n<p class=\"wp-block-paragraph\">\u00abUna ardilla tiene m\u00e1s derechos que una ni\u00f1a en Afganist\u00e1n hoy en d\u00eda porque los talibanes<strong>&nbsp;han cerrado los parques p\u00fablicos para las mujeres y las ni\u00f1as<\/strong>\u00bb, explic\u00f3 la actriz durante su intervenci\u00f3n. \u00abUn p\u00e1jaro puede cantar en Kabul, pero una ni\u00f1a no, y una mujer no puede hacerlo en p\u00fablico\u00bb, a\u00f1adi\u00f3 en su discurso.<\/p>\n\n\n\n<h3 class=\"wp-block-heading\">Privaci\u00f3n de derechos a las mujeres<\/h3>\n\n\n\n<p class=\"wp-block-paragraph\">En los tres a\u00f1os que han pasado desde que los talibanes tomaron el control de Afganist\u00e1n, las mujeres han visto c\u00f3mo se les privaba de sus derechos y libertades de forma sistem\u00e1tica y progresiva. Por ejemplo, se les ha prohibido acceder a la mayor\u00eda de las formas de empleo remunerado, caminar por parques p\u00fablicos y a las ni\u00f1as se les ha negado\u00a0<strong>la posibilidad de asistir a la escuela secundaria o la universidad<\/strong>.<\/p>\n\n\n\n<p class=\"wp-block-paragraph\">El mes pasado, los talibanes publicaron un nuevo conjunto de leyes sobre lo que ellos denominaron como \u00ab<strong>vicio y virtud<\/strong>\u00bb por el cual se establece que las mujeres no pueden salir de casa sin estar completamente cubiertas y tampoco pueden cantar ni alzar la voz en p\u00fablico.<\/p>\n\n\n\n<p class=\"wp-block-paragraph\"><a href=\"https:\/\/www.abc.es\/gente\/meryl-streep-desata-euforia-admiradores-recibimiento-oficial-20231018132706-vi.html\">Meryl Streep<\/a>\u00a0habl\u00f3 junto a un grupo de activistas afganos y defensores de los derechos humanos, que pidieron a la\u00a0<strong>ONU que actuara para<\/strong>\u00a0proteger y restablecer los derechos de las mujeres y las ni\u00f1as en Afganist\u00e1n.<\/p>\n\n\n\n<h3 class=\"wp-block-heading\">Un \u00abapartheid\u00bb de g\u00e9nero<\/h3>\n\n\n\n<p class=\"wp-block-paragraph\">Asila Wardak, l\u00edder del Foro de Mujeres sobre Afganist\u00e1n, explic\u00f3 que el sistema de lo que se ha descrito como \u00abapartheid de g\u00e9nero\u00bb impuesto a las mujeres y ni\u00f1as en Afganist\u00e1n no es solo un problema afgano, sino parte de la \u00ab<strong>lucha global contra el extremismo<\/strong>\u00bb.<\/p>\n\n\n\n<p class=\"wp-block-paragraph\">Los comentarios de Meryl Streep han sido&nbsp;<strong>ampliamente compartidos en las redes sociales<\/strong>&nbsp;por activistas de derechos humanos, que elogiaron a la actriz por exponer su fama como plataforma para amplificar las voces de las mujeres afganas.<\/p>\n\n\n\n<p class=\"wp-block-paragraph\">Cabe recordar que el a\u00f1o pasado ya se lanz\u00f3 una campa\u00f1a para que el trato de los talibanes a las mujeres se reconozca como \u00abapartheid de g\u00e9nero\u00bb y \u00abcrimen contra la humanidad\u00bb en un intento de&nbsp;<strong>exigir cuentas al grupo<\/strong>&nbsp;que lleva el mando del pa\u00eds.<\/p>\n\n\n\n<p class=\"wp-block-paragraph\">Los activistas esperan que la codificaci\u00f3n del apartheid de g\u00e9nero en Afganist\u00e1n bajo el derecho internacional se discuta y se acuerde en la asamblea general de la ONU en las pr\u00f3ximas semanas, y desean que una voz tan popular como es la de Meryl Streep contribuya a ello.<\/p>\n","protected":false},"excerpt":{"rendered":"<p>La actriz estadounidense\u00a0Meryl Streep, de 75 a\u00f1os, ha vuelto a hacer gala su\u00a0conocido coraje y valent\u00eda\u00a0al asegurar ante la ONU que \u00abuna ardilla tiene m\u00e1s derechos\u00bb que una ni\u00f1a afgana bajo el actual\u00a0r\u00e9gimen talib\u00e1n, lo que le ha valido el aplauso de miles de activistas. Meryl Streep\u00a0asisti\u00f3 a un evento sobre la situaci\u00f3n de las [&hellip;]<\/p>\n","protected":false},"author":2,"featured_media":132778,"comment_status":"open","ping_status":"open","sticky":false,"template":"","format":"standard","meta":{"footnotes":""},"categories":[11],"tags":[],"class_list":["post-132777","post","type-post","status-publish","format-standard","has-post-thumbnail","hentry","category-espectaculos"],"_links":{"self":[{"href":"https:\/\/elcuartopoder.com.mx\/nw\/wp-json\/wp\/v2\/posts\/132777","targetHints":{"allow":["GET"]}}],"collection":[{"href":"https:\/\/elcuartopoder.com.mx\/nw\/wp-json\/wp\/v2\/posts"}],"about":[{"href":"https:\/\/elcuartopoder.com.mx\/nw\/wp-json\/wp\/v2\/types\/post"}],"author":[{"embeddable":true,"href":"https:\/\/elcuartopoder.com.mx\/nw\/wp-json\/wp\/v2\/users\/2"}],"replies":[{"embeddable":true,"href":"https:\/\/elcuartopoder.com.mx\/nw\/wp-json\/wp\/v2\/comments?post=132777"}],"version-history":[{"count":1,"href":"https:\/\/elcuartopoder.com.mx\/nw\/wp-json\/wp\/v2\/posts\/132777\/revisions"}],"predecessor-version":[{"id":132779,"href":"https:\/\/elcuartopoder.com.mx\/nw\/wp-json\/wp\/v2\/posts\/132777\/revisions\/132779"}],"wp:featuredmedia":[{"embeddable":true,"href":"https:\/\/elcuartopoder.com.mx\/nw\/wp-json\/wp\/v2\/media\/132778"}],"wp:attachment":[{"href":"https:\/\/elcuartopoder.com.mx\/nw\/wp-json\/wp\/v2\/media?parent=132777"}],"wp:term":[{"taxonomy":"category","embeddable":true,"href":"https:\/\/elcuartopoder.com.mx\/nw\/wp-json\/wp\/v2\/categories?post=132777"},{"taxonomy":"post_tag","embeddable":true,"href":"https:\/\/elcuartopoder.com.mx\/nw\/wp-json\/wp\/v2\/tags?post=132777"}],"curies":[{"name":"wp","href":"https:\/\/api.w.org\/{rel}","templated":true}]}}