{"id":132783,"date":"2024-09-25T10:18:43","date_gmt":"2024-09-25T15:18:43","guid":{"rendered":"http:\/\/elcuartopoder.com.mx\/nw\/?p=132783"},"modified":"2024-09-25T10:18:46","modified_gmt":"2024-09-25T15:18:46","slug":"morena-rompe-con-claudia","status":"publish","type":"post","link":"https:\/\/elcuartopoder.com.mx\/nw\/editorial\/morena-rompe-con-claudia\/","title":{"rendered":"Morena rompe con Claudia"},"content":{"rendered":"\n<p class=\"wp-block-paragraph\">Consummatum est o, dicho en espa\u00f1ol, \u2018se acab\u00f3 todo\u2019 y eso que todav\u00eda no empieza\u2026<\/p>\n\n\n\n<p class=\"wp-block-paragraph\">El domingo con la renovaci\u00f3n \u2014que m\u00e1s bien fue involuci\u00f3n\u2014 de la dirigencia de Morena, realizada celebrando su congreso nacional, qued\u00f3 plasmado lo que ya se sab\u00eda: Morena deja sola a Claudia.<\/p>\n\n\n\n<p class=\"wp-block-paragraph\">Aunque intent\u00f3 presentar las cosas de otra forma, como si la iniciativa de separaci\u00f3n con el partido en el poder surgiera de ella, la verdad todos la conocemos: son Morena y su nueva dirigencia las que hace tiempo anunciaron que a la presidenta no la necesitan. Es m\u00e1s, que les estorba.<\/p>\n\n\n\n<p class=\"wp-block-paragraph\">En estricto sentido est\u00e1 bien que Sheinbaum quiera implantar una suerte de nueva \u2018sana distancia\u2019; la diferencia es que aquella, la original, s\u00ed surgi\u00f3 de Ernesto Zedillo, un convencido de la democracia y de la separaci\u00f3n de los poderes de la Uni\u00f3n, y la de Claudia no. El expresidente fue quien marc\u00f3 la sana distancia con el PRI; hoy es Morena el que marca distancia con la que se estrenar\u00e1 como primera mandataria en unos d\u00edas.<\/p>\n\n\n\n<p class=\"wp-block-paragraph\">Otra cosa m\u00e1s: \u00bfse dar\u00e1 cuenta Claudia que ella no es Zedillo y no podr\u00e1 democratizar a su partido (lean la columna de Lorenzo Curzio ayer en El Universal, \u2018Una democracia de Carne y Hueso\u2019?)? Uno, porque ella no quiere forzarle a Morena esa conversi\u00f3n. Dos, porque Andr\u00e9s Manuel ya coloc\u00f3 a su hijo para evitar cualquier intento si ella se lo propone.<\/p>\n\n\n\n<p class=\"wp-block-paragraph\">Y si bien es cierto que el juego de la sucesi\u00f3n empieza el d\u00eda mismo en que el presidente electo jura como constitucional, el caso de Claudia es distinto. Ella no tiene el apoyo de su partido y \u00e9ste ya tiene al delf\u00edn entronizado como ganso heredero dando instrucciones para el 2030, si no es que para bastante antes\u2026<\/p>\n\n\n\n<p class=\"wp-block-paragraph\">Morena y los morenistas \u2014que son casi sin excepci\u00f3n primero que nada obradoristas\u2014 le recuerdan a Claudia que en dicha organizaci\u00f3n pol\u00edtica no hay lugar para dos, que el nombramiento de c\u00fapulas tuvo como prop\u00f3sito acomodar a los equipos de Andy L\u00f3pez Beltr\u00e1n. Ella no tiene ni voz ni control en Morena a pesar de su manifiesto y sus recomendaciones para el instituto pol\u00edtico. Pide Sheinbaum evitar que Regeneraci\u00f3n Nacional sea partido de Estado. \u00a1Si ella se hizo de la victoria electoral gracias a eso mismo! \u00bfNo aclama a un l\u00edder saliente (me refiero a AMLO, por supuesto) que se desempe\u00f1\u00f3 seis a\u00f1os como jefe de Estado, pero tambi\u00e9n de partido? Y luego, \u00bfella pedir licencia? Eso es una trampa que Claudia ha tendido y en la que ella misma ha ca\u00eddo. \u00bfLicencia en qu\u00e9 sentido? \u00a1Su presencia o ausencia de las filas partidistas de cualquier forma les daba a todos exactamente lo mismo!<\/p>\n\n\n\n<p class=\"wp-block-paragraph\">Hasta el \u00faltimo instante de su mandato, L\u00f3pez Obrador y su familia demuestran que Regeneraci\u00f3n Nacional nunca estuvo pensado para compartirse o legarse a otros? De hecho, en estos momentos Morena es para Andr\u00e9s Manuel y para su hijo. Luego para los nietos y dem\u00e1s familiares del tabasque\u00f1o. Nada m\u00e1s.<\/p>\n\n\n\n<p class=\"wp-block-paragraph\">No s\u00e9 que habr\u00e1 sentido Claudia Sheinbaum cuando, en los inicios del&nbsp;obradorismo&nbsp;le dieron la espalda a su ex marido, Carlos Imaz. No s\u00e9 si ahora se d\u00e9 cuenta que la est\u00e1n desconociendo a ella \u2014la primera mujer presidenta, lo que es todav\u00eda m\u00e1s delicado\u2014 en materia de pol\u00edtica partidista\/electoral y que pronto ser\u00e1 tambi\u00e9n en t\u00e9rminos de administraci\u00f3n p\u00fablica y gesti\u00f3n. Porque es inocente quien piense que el gobierno federal, sobre todo sus programas y pol\u00edticas sociales, podr\u00e1n marchar sin el apoyo total e irrestricto de Morena. Las personas del partido est\u00e1n sembradas en muchos de los puestos de nivel medio de la burocracia; no pocos secretarios, subsecretarios y directores generales tambi\u00e9n. Y que no se llamen sorprendidas tampoco Luisa Mar\u00eda Alcalde o Carolina Rangel; presidenta y secretaria general reci\u00e9n electas.<\/p>\n\n\n\n<p class=\"wp-block-paragraph\">Este es un pa\u00eds de machos, con un gobierno de machos y un partido en el poder de machos. No importar\u00e1 que Sheinbaum detente la titularidad de la Presidencia de la Rep\u00fablica. El que viajar\u00e1, mover\u00e1, organizar\u00e1, decidir\u00e1 y trazar\u00e1 el rumbo para el pa\u00eds, adem\u00e1s de para el partido, es Andr\u00e9s Manuel L\u00f3pez Obrador. Y cuando \u00e9l falte, ser\u00e1 en t\u00e9rminos absolutos Andr\u00e9s Manuel L\u00f3pez Beltr\u00e1n. Ellas, ls damas, si acaso recibir\u00e1n las inconformidades; Morena y sus verdaderos due\u00f1os, el poder, la dicha, la gloria y el goce.<\/p>\n\n\n\n<p class=\"wp-block-paragraph\">Morena, con los cambios a sus estatutos, le muestra su lado menos amable a Claudia; cambios relevantes para los pr\u00f3ximos a\u00f1os y de manera espec\u00edfica estrat\u00e9gicamente realizados para el brillo y crecimiento de una persona en espec\u00edfico. Bajo esta l\u00f3gica, Claudia r\u00e1pidamente se quedar\u00e1 sola.<\/p>\n\n\n\n<p class=\"wp-block-paragraph\">POR VER\u00d3NICA MALO GUZM\u00c1N&nbsp;<\/p>\n","protected":false},"excerpt":{"rendered":"<p>Consummatum est o, dicho en espa\u00f1ol, \u2018se acab\u00f3 todo\u2019 y eso que todav\u00eda no empieza\u2026 El domingo con la renovaci\u00f3n \u2014que m\u00e1s bien fue involuci\u00f3n\u2014 de la dirigencia de Morena, realizada celebrando su congreso nacional, qued\u00f3 plasmado lo que ya se sab\u00eda: Morena deja sola a Claudia. Aunque intent\u00f3 presentar las cosas de otra forma, [&hellip;]<\/p>\n","protected":false},"author":2,"featured_media":132784,"comment_status":"open","ping_status":"open","sticky":false,"template":"","format":"standard","meta":{"footnotes":""},"categories":[63],"tags":[],"class_list":["post-132783","post","type-post","status-publish","format-standard","has-post-thumbnail","hentry","category-editorial"],"_links":{"self":[{"href":"https:\/\/elcuartopoder.com.mx\/nw\/wp-json\/wp\/v2\/posts\/132783","targetHints":{"allow":["GET"]}}],"collection":[{"href":"https:\/\/elcuartopoder.com.mx\/nw\/wp-json\/wp\/v2\/posts"}],"about":[{"href":"https:\/\/elcuartopoder.com.mx\/nw\/wp-json\/wp\/v2\/types\/post"}],"author":[{"embeddable":true,"href":"https:\/\/elcuartopoder.com.mx\/nw\/wp-json\/wp\/v2\/users\/2"}],"replies":[{"embeddable":true,"href":"https:\/\/elcuartopoder.com.mx\/nw\/wp-json\/wp\/v2\/comments?post=132783"}],"version-history":[{"count":1,"href":"https:\/\/elcuartopoder.com.mx\/nw\/wp-json\/wp\/v2\/posts\/132783\/revisions"}],"predecessor-version":[{"id":132785,"href":"https:\/\/elcuartopoder.com.mx\/nw\/wp-json\/wp\/v2\/posts\/132783\/revisions\/132785"}],"wp:featuredmedia":[{"embeddable":true,"href":"https:\/\/elcuartopoder.com.mx\/nw\/wp-json\/wp\/v2\/media\/132784"}],"wp:attachment":[{"href":"https:\/\/elcuartopoder.com.mx\/nw\/wp-json\/wp\/v2\/media?parent=132783"}],"wp:term":[{"taxonomy":"category","embeddable":true,"href":"https:\/\/elcuartopoder.com.mx\/nw\/wp-json\/wp\/v2\/categories?post=132783"},{"taxonomy":"post_tag","embeddable":true,"href":"https:\/\/elcuartopoder.com.mx\/nw\/wp-json\/wp\/v2\/tags?post=132783"}],"curies":[{"name":"wp","href":"https:\/\/api.w.org\/{rel}","templated":true}]}}