{"id":132786,"date":"2024-09-25T10:21:40","date_gmt":"2024-09-25T15:21:40","guid":{"rendered":"http:\/\/elcuartopoder.com.mx\/nw\/?p=132786"},"modified":"2024-09-25T10:21:44","modified_gmt":"2024-09-25T15:21:44","slug":"israel-delirio-belico","status":"publish","type":"post","link":"https:\/\/elcuartopoder.com.mx\/nw\/editorial\/israel-delirio-belico\/","title":{"rendered":"Israel: delirio b\u00e9lico"},"content":{"rendered":"\n<p class=\"wp-block-paragraph\">Al quedarse sin nada m\u00e1s que destruir en Gaza, Israel ha extendido su furor b\u00e9lico a L\u00edbano, donde toma todos los pasos para convertir su conflicto de baja intensidad con el grupo armado Hezbollah en una guerra a gran escala. Al igual que en el enclave palestino, usa de pretexto la presencia de una milicia islamita hostil para lanzar ataques devastadores y absolutamente desproporcionados cuyas principales v\u00edctimas son mujeres, ni\u00f1os y civiles en general que nada tienen que ver con la lucha armada.<\/p>\n\n\n\n<p class=\"wp-block-paragraph\">S\u00f3lo ayer, una oleada de bombardeos ordenada por Tel Aviv dej\u00f3 al menos 492 muertos y m\u00e1s de mil 600 heridos; a los que deben sumarse las 37 v\u00edctimas del lanzamiento de misiles sobre edificios residenciales de la capital, Beirut; los 39 asesinados y m\u00e1s de 3 mil heridos por la operaci\u00f3n terrorista en la que miles de dispositivos de comunicaci\u00f3n estallaron al mismo tiempo (con el sadismo adicional de detonar una segunda serie de explosiones durante los funerales de quienes murieron en la primera), as\u00ed como las incontables agresiones diarias de menor escala. En contraste, los anticuados misiles con los que Hezbollah trat\u00f3 de responder a dichas matanzas s\u00f3lo dejaron, hasta donde se ha informado, tres heridos.<\/p>\n\n\n\n<p class=\"wp-block-paragraph\">Contrariamente a la versi\u00f3n reduccionista que ubica el inicio de las actuales hostilidades en el ataque llevado a cabo por Hamas el 7 de octubre del a\u00f1o pasado, el acto de violencia que dio origen a todos los que se han sucedido desde entonces fue perpetrado en 1948, cuando los grupos paramilitares del sionismo israel\u00ed expulsaron a m\u00e1s de 600 mil palestinos de las tierras donde habitaron durante generaciones, se apoderaron de ellas y comenzaron una ocupaci\u00f3n colonial que no ha cesado. A\u00f1o tras a\u00f1o, Israel construye nuevos asentamientos ilegales que dividen los territorios palestinos y exponen a la poblaci\u00f3n \u00e1rabe a permanentes agresiones de los soldados israel\u00edes y de colonos fan\u00e1ticos de gatillo f\u00e1cil, siempre a la busca de una oportunidad para descargar su odio racista sobre los desplazados y oprimidos. La negativa rotunda de Tel Aviv a devolver los territorios conquistados, en la peor l\u00f3gica colonialista, el desprecio y la deshumanizaci\u00f3n con las que se conduce hacia quienes subyuga, y a emprender una salida negociada en los t\u00e9rminos que marca la legalidad internacional, son lo que alimenta el fanatismo y pone en peligro a la poblaci\u00f3n civil del propio Israel.<\/p>\n\n\n\n<p class=\"wp-block-paragraph\">En este contexto en que una de las partes es una potencia ocupante con un arsenal nuclear, los llamados a la moderaci\u00f3n de ambos bandos suenan como un cruel sarcasmo y como una revictimizaci\u00f3n de los millones de palestinos que sobreviven en los jirones de tierra que les quedan, convertidos por Israel en campos de concentraci\u00f3n, si no es que de exterminio. Por ello genera indignaci\u00f3n, aunque ya no asombra a nadie, que Washington, Bruselas y el resto de Occidente \u2013as\u00ed como los gobiernos de naciones en desarrollo sometidos a ellos\u2013 no s\u00f3lo no pongan un alto al r\u00e9gimen de Benjamin Netanyahu, sino que lo provean de armas y de un escudo diplom\u00e1tico en su obcecaci\u00f3n por llevar a Medio Oriente a una guerra total.<\/p>\n\n\n\n<p class=\"wp-block-paragraph\">La \u00fanica manera de frenar la barbarie consiste en cortar los env\u00edos de armamento a Tel Aviv y, en el marco de Naciones Unidas, imponerle sanciones comerciales, financieras y diplom\u00e1ticas que lo convenzan de que se termin\u00f3 la paciencia global con sus pr\u00e1cticas genocidas. Lamentablemente, tal escenario se ve hoy m\u00e1s lejano que nunca.<\/p>\n","protected":false},"excerpt":{"rendered":"<p>Al quedarse sin nada m\u00e1s que destruir en Gaza, Israel ha extendido su furor b\u00e9lico a L\u00edbano, donde toma todos los pasos para convertir su conflicto de baja intensidad con el grupo armado Hezbollah en una guerra a gran escala. Al igual que en el enclave palestino, usa de pretexto la presencia de una milicia [&hellip;]<\/p>\n","protected":false},"author":2,"featured_media":132787,"comment_status":"open","ping_status":"open","sticky":false,"template":"","format":"standard","meta":{"footnotes":""},"categories":[63],"tags":[],"class_list":["post-132786","post","type-post","status-publish","format-standard","has-post-thumbnail","hentry","category-editorial"],"_links":{"self":[{"href":"https:\/\/elcuartopoder.com.mx\/nw\/wp-json\/wp\/v2\/posts\/132786","targetHints":{"allow":["GET"]}}],"collection":[{"href":"https:\/\/elcuartopoder.com.mx\/nw\/wp-json\/wp\/v2\/posts"}],"about":[{"href":"https:\/\/elcuartopoder.com.mx\/nw\/wp-json\/wp\/v2\/types\/post"}],"author":[{"embeddable":true,"href":"https:\/\/elcuartopoder.com.mx\/nw\/wp-json\/wp\/v2\/users\/2"}],"replies":[{"embeddable":true,"href":"https:\/\/elcuartopoder.com.mx\/nw\/wp-json\/wp\/v2\/comments?post=132786"}],"version-history":[{"count":1,"href":"https:\/\/elcuartopoder.com.mx\/nw\/wp-json\/wp\/v2\/posts\/132786\/revisions"}],"predecessor-version":[{"id":132788,"href":"https:\/\/elcuartopoder.com.mx\/nw\/wp-json\/wp\/v2\/posts\/132786\/revisions\/132788"}],"wp:featuredmedia":[{"embeddable":true,"href":"https:\/\/elcuartopoder.com.mx\/nw\/wp-json\/wp\/v2\/media\/132787"}],"wp:attachment":[{"href":"https:\/\/elcuartopoder.com.mx\/nw\/wp-json\/wp\/v2\/media?parent=132786"}],"wp:term":[{"taxonomy":"category","embeddable":true,"href":"https:\/\/elcuartopoder.com.mx\/nw\/wp-json\/wp\/v2\/categories?post=132786"},{"taxonomy":"post_tag","embeddable":true,"href":"https:\/\/elcuartopoder.com.mx\/nw\/wp-json\/wp\/v2\/tags?post=132786"}],"curies":[{"name":"wp","href":"https:\/\/api.w.org\/{rel}","templated":true}]}}