{"id":136893,"date":"2025-01-17T09:24:22","date_gmt":"2025-01-17T14:24:22","guid":{"rendered":"https:\/\/elcuartopoder.com.mx\/nw\/?p=136893"},"modified":"2025-01-17T09:24:24","modified_gmt":"2025-01-17T14:24:24","slug":"inicia-el-mayan-wind-fest-2025-en-cancun","status":"publish","type":"post","link":"https:\/\/elcuartopoder.com.mx\/nw\/municipales\/inicia-el-mayan-wind-fest-2025-en-cancun\/","title":{"rendered":"INICIA EL MAYAN WIND FEST 2025 EN CANC\u00daN"},"content":{"rendered":"\n<p>Con la participaci\u00f3n de alrededor de 400 atletas y amantes del Wind Surf, inici\u00f3 el Mayan Wind Fest 2025 en el Club de Playa de Puerto Canc\u00fan del 16 al 19 de enero, donde deportistas de 16 pa\u00edses, participan en esta competencia que buscar\u00e1n a toda costa ser el mejor en esta dif\u00edcil disciplina.<\/p>\n\n\n\n<p>Quintana Roo participa en este evento con 44 deportistas, adem\u00e1s de representantes nacionales de 5 estados de la Rep\u00fablica Mexicana, esta edici\u00f3n forma parte de la segunda etapa de regatas de las 4 que conforman el circuito nacional de Optimist 2025.<\/p>\n\n\n\n<p>De igual forma, esta justa deportiva es un selectivo para los juegos panamericanos juveniles de asunci\u00f3n 2025, en las modalidades ILCA,&nbsp;IQFOIL y F\u00f3rmula KITE.<\/p>\n\n\n\n<p>Durante la inauguraci\u00f3n oficial, en representaci\u00f3n de la Presidenta Municipal, Ana Paty Peralta, el Secretario General del Ayuntamiento, Pablo Guti\u00e9rrez Fern\u00e1ndez, indic\u00f3 que \u201csumando esfuerzos seguiremos transformando el destino en una ciudad pr\u00f3spera, que se posiciona y destaca en el turismo deportivo, que refleja a nivel mundial un abanico de oportunidades para diversificar las atracciones y actividades que tenemos para ofrecer\u201d.<\/p>\n\n\n\n<p>Cabe se\u00f1alar que las actividades iniciar\u00e1n este viernes 17, pero podr\u00edan reprogramarse para el s\u00e1bado y domingo, de acuerdo con las condiciones climatol\u00f3gicas.<\/p>\n\n\n\n<p>En el podio estuvieron presentes el presidente de la Comisi\u00f3n del Deporte de Quintana Roo, Jacobo Arzate Hop; la Directora Deportiva de Mayan Wind Fest 2025, Ana Paula Ri\u00f3n; de Sabino Producciones, Ernesto Rivas Butcher; el vicepresidente de World Sailing, Beatriz Gonz\u00e1les Luna y de Puerto Canc\u00fan, Javier Barros, quienes dieron la bienvenida a los participantes.<\/p>\n\n\n\n<figure class=\"wp-block-gallery has-nested-images columns-default is-cropped wp-block-gallery-1 is-layout-flex wp-block-gallery-is-layout-flex\">\n<figure class=\"wp-block-image size-large\"><img loading=\"lazy\" decoding=\"async\" width=\"1024\" height=\"768\" data-id=\"136896\" src=\"https:\/\/elcuartopoder.com.mx\/nw\/wp-content\/uploads\/2025\/01\/01-1-1024x768.jpeg\" alt=\"\" class=\"wp-image-136896\" srcset=\"https:\/\/elcuartopoder.com.mx\/nw\/wp-content\/uploads\/2025\/01\/01-1-1024x768.jpeg 1024w, https:\/\/elcuartopoder.com.mx\/nw\/wp-content\/uploads\/2025\/01\/01-1-300x225.jpeg 300w, https:\/\/elcuartopoder.com.mx\/nw\/wp-content\/uploads\/2025\/01\/01-1-768x576.jpeg 768w, https:\/\/elcuartopoder.com.mx\/nw\/wp-content\/uploads\/2025\/01\/01-1-1536x1152.jpeg 1536w, https:\/\/elcuartopoder.com.mx\/nw\/wp-content\/uploads\/2025\/01\/01-1-80x60.jpeg 80w, https:\/\/elcuartopoder.com.mx\/nw\/wp-content\/uploads\/2025\/01\/01-1-265x198.jpeg 265w, https:\/\/elcuartopoder.com.mx\/nw\/wp-content\/uploads\/2025\/01\/01-1-696x522.jpeg 696w, https:\/\/elcuartopoder.com.mx\/nw\/wp-content\/uploads\/2025\/01\/01-1.jpeg 1600w\" sizes=\"auto, (max-width: 1024px) 100vw, 1024px\" \/><\/figure>\n\n\n\n<figure class=\"wp-block-image size-large\"><img loading=\"lazy\" decoding=\"async\" width=\"1024\" height=\"768\" data-id=\"136895\" src=\"https:\/\/elcuartopoder.com.mx\/nw\/wp-content\/uploads\/2025\/01\/03-1-1024x768.jpeg\" alt=\"\" class=\"wp-image-136895\" srcset=\"https:\/\/elcuartopoder.com.mx\/nw\/wp-content\/uploads\/2025\/01\/03-1-1024x768.jpeg 1024w, https:\/\/elcuartopoder.com.mx\/nw\/wp-content\/uploads\/2025\/01\/03-1-300x225.jpeg 300w, https:\/\/elcuartopoder.com.mx\/nw\/wp-content\/uploads\/2025\/01\/03-1-768x576.jpeg 768w, https:\/\/elcuartopoder.com.mx\/nw\/wp-content\/uploads\/2025\/01\/03-1-1536x1152.jpeg 1536w, https:\/\/elcuartopoder.com.mx\/nw\/wp-content\/uploads\/2025\/01\/03-1-80x60.jpeg 80w, https:\/\/elcuartopoder.com.mx\/nw\/wp-content\/uploads\/2025\/01\/03-1-265x198.jpeg 265w, https:\/\/elcuartopoder.com.mx\/nw\/wp-content\/uploads\/2025\/01\/03-1-696x522.jpeg 696w, https:\/\/elcuartopoder.com.mx\/nw\/wp-content\/uploads\/2025\/01\/03-1.jpeg 1600w\" sizes=\"auto, (max-width: 1024px) 100vw, 1024px\" \/><\/figure>\n\n\n\n<figure class=\"wp-block-image size-large\"><img loading=\"lazy\" decoding=\"async\" width=\"1024\" height=\"768\" data-id=\"136894\" src=\"https:\/\/elcuartopoder.com.mx\/nw\/wp-content\/uploads\/2025\/01\/04-1-1024x768.jpeg\" alt=\"\" class=\"wp-image-136894\" srcset=\"https:\/\/elcuartopoder.com.mx\/nw\/wp-content\/uploads\/2025\/01\/04-1-1024x768.jpeg 1024w, https:\/\/elcuartopoder.com.mx\/nw\/wp-content\/uploads\/2025\/01\/04-1-300x225.jpeg 300w, https:\/\/elcuartopoder.com.mx\/nw\/wp-content\/uploads\/2025\/01\/04-1-768x576.jpeg 768w, https:\/\/elcuartopoder.com.mx\/nw\/wp-content\/uploads\/2025\/01\/04-1-1536x1152.jpeg 1536w, https:\/\/elcuartopoder.com.mx\/nw\/wp-content\/uploads\/2025\/01\/04-1-80x60.jpeg 80w, https:\/\/elcuartopoder.com.mx\/nw\/wp-content\/uploads\/2025\/01\/04-1-265x198.jpeg 265w, https:\/\/elcuartopoder.com.mx\/nw\/wp-content\/uploads\/2025\/01\/04-1-696x522.jpeg 696w, https:\/\/elcuartopoder.com.mx\/nw\/wp-content\/uploads\/2025\/01\/04-1.jpeg 1600w\" sizes=\"auto, (max-width: 1024px) 100vw, 1024px\" \/><\/figure>\n<\/figure>\n","protected":false},"excerpt":{"rendered":"<p>Con la participaci\u00f3n de alrededor de 400 atletas y amantes del Wind Surf, inici\u00f3 el Mayan Wind Fest 2025 en el Club de Playa de Puerto Canc\u00fan del 16 al 19 de enero, donde deportistas de 16 pa\u00edses, participan en esta competencia que buscar\u00e1n a toda costa ser el mejor en esta dif\u00edcil disciplina. Quintana [&hellip;]<\/p>\n","protected":false},"author":2,"featured_media":136894,"comment_status":"open","ping_status":"open","sticky":false,"template":"","format":"standard","meta":{"footnotes":""},"categories":[6],"tags":[],"class_list":["post-136893","post","type-post","status-publish","format-standard","has-post-thumbnail","hentry","category-municipales"],"_links":{"self":[{"href":"https:\/\/elcuartopoder.com.mx\/nw\/wp-json\/wp\/v2\/posts\/136893","targetHints":{"allow":["GET"]}}],"collection":[{"href":"https:\/\/elcuartopoder.com.mx\/nw\/wp-json\/wp\/v2\/posts"}],"about":[{"href":"https:\/\/elcuartopoder.com.mx\/nw\/wp-json\/wp\/v2\/types\/post"}],"author":[{"embeddable":true,"href":"https:\/\/elcuartopoder.com.mx\/nw\/wp-json\/wp\/v2\/users\/2"}],"replies":[{"embeddable":true,"href":"https:\/\/elcuartopoder.com.mx\/nw\/wp-json\/wp\/v2\/comments?post=136893"}],"version-history":[{"count":1,"href":"https:\/\/elcuartopoder.com.mx\/nw\/wp-json\/wp\/v2\/posts\/136893\/revisions"}],"predecessor-version":[{"id":136897,"href":"https:\/\/elcuartopoder.com.mx\/nw\/wp-json\/wp\/v2\/posts\/136893\/revisions\/136897"}],"wp:featuredmedia":[{"embeddable":true,"href":"https:\/\/elcuartopoder.com.mx\/nw\/wp-json\/wp\/v2\/media\/136894"}],"wp:attachment":[{"href":"https:\/\/elcuartopoder.com.mx\/nw\/wp-json\/wp\/v2\/media?parent=136893"}],"wp:term":[{"taxonomy":"category","embeddable":true,"href":"https:\/\/elcuartopoder.com.mx\/nw\/wp-json\/wp\/v2\/categories?post=136893"},{"taxonomy":"post_tag","embeddable":true,"href":"https:\/\/elcuartopoder.com.mx\/nw\/wp-json\/wp\/v2\/tags?post=136893"}],"curies":[{"name":"wp","href":"https:\/\/api.w.org\/{rel}","templated":true}]}}