{"id":137415,"date":"2025-01-31T14:26:22","date_gmt":"2025-01-31T19:26:22","guid":{"rendered":"https:\/\/elcuartopoder.com.mx\/nw\/?p=137415"},"modified":"2025-01-31T14:26:23","modified_gmt":"2025-01-31T19:26:23","slug":"percepcion-de-la-inseguridad-en-mexico","status":"publish","type":"post","link":"https:\/\/elcuartopoder.com.mx\/nw\/nacionales\/percepcion-de-la-inseguridad-en-mexico\/","title":{"rendered":"Percepci\u00f3n de la inseguridad en M\u00e9xico"},"content":{"rendered":"\n<p>A finales del sexenio de L\u00f3pez Obrador, la poblaci\u00f3n mexicana mostraba dos exigencias fundamentales de acuerdo con una encuesta publicada por el Diario El Financiero el 2 de septiembre de 2024.&nbsp;<\/p>\n\n\n\n<p>La primera es la calificaci\u00f3n que la poblaci\u00f3n le otorgaba al gobierno del expresidente en materia de corrupci\u00f3n que mostraba que en agosto del a\u00f1o pasado el 59% la calificaba como Muy mal y mal.&nbsp; En tanto, la calificaci\u00f3n otorgada a la estrategia de seguridad p\u00fablica alcanz\u00f3 niveles inimaginables; en enero de 2023 registr\u00f3 que el 71% de la poblaci\u00f3n la calificaba tambi\u00e9n como Muy Mal y mal.<\/p>\n\n\n\n<p>Esta encuesta revela que la inseguridad p\u00fablica es el principal problema que tiene nuestra naci\u00f3n.<\/p>\n\n\n\n<p>Ahora bien, ante un cambio de administraci\u00f3n p\u00fablica federal, \u00bfc\u00f3mo percibe la poblaci\u00f3n la inseguridad en M\u00e9xico?<\/p>\n\n\n\n<p>De acuerdo con la Encuesta Nacional de Seguridad P\u00fablica Urbana (ENSU) a cargo del INEGI, publicada recientemente el pasado 23 de enero de este 2025, la percepci\u00f3n de la inseguridad de las y los mexicanos de 18 a\u00f1os y m\u00e1s, subi\u00f3 en un 61.7% a diciembre de 2024, es decir, con registros que abarcan ya tres meses de la presente administraci\u00f3n federal.<\/p>\n\n\n\n<p>De acuerdo con la metodolog\u00eda utilizada por el INEGI, estos registros est\u00e1n captados en las principales ciudades de las 32 entidades federativas del pa\u00eds que suman en total 91 \u00e1reas urbanas.<\/p>\n\n\n\n<p>De las ciudades donde la poblaci\u00f3n percibe mayor inseguridad encabezan la lista: Villahermosa, Tabasco con 95.3%; este dato es por dem\u00e1s lamentable, ya que, de cada 100 personas, 95, se sienten inseguras.&nbsp; Le sigue en la lista la ciudad de Uruapan, Michoac\u00e1n, con 92.5%; Fresnillo, Zacatecas con 90.9%; Culiac\u00e1n, Sinaloa con 90.6%, Tuxtla Guti\u00e9rrez y Tapachula, Chiapas con 90.6%, entre varias m\u00e1s.&nbsp;<\/p>\n\n\n\n<p>Del lado contrario muy pocas ciudades tuvieron los menores porcentajes respecto a la percepci\u00f3n de inseguridad: San Pedro Garza Garc\u00eda, Nuevo Le\u00f3n (14%); Piedras Negras, Coahuila (18.7%); Benito Ju\u00e1rez, ciudad de M\u00e9xico (20.7%), y Saltillo, Coahuila (23%).<\/p>\n\n\n\n<p>Para el caso de particular de Baja California Sur, desde que Morena lleg\u00f3 al poder, se ha observado un notable incremento en los \u00edndices de criminalidad.&nbsp; As\u00ed, en 2023 se reportaron 27 homicidios dolosos, lo que representa un incremento en comparaci\u00f3n con a\u00f1os anteriores.<\/p>\n\n\n\n<p>Asimismo, de acuerdo con la Encuesta de Victimizaci\u00f3n y Percepci\u00f3n sobre la Seguridad (ENVIPE) 2024, la tasa de v\u00edctimas por cada 100 mil habitantes en esta entidad fue de 19,330 hombres por 23,818 mujeres.<\/p>\n\n\n\n<p>Ante estos registros los datos m\u00e1s lapidarios se concentran en la expectativa social sobre la seguridad p\u00fablica referidas en la ENSU.&nbsp; As\u00ed, la poblaci\u00f3n manifest\u00f3, en un 30.9% que, durante los pr\u00f3ximos 12 meses, la situaci\u00f3n de la delincuencia y la inseguridad \u201cseguir\u00e1 igual de mal\u201d, en tanto que el 21.5% de la ciudadan\u00eda manifest\u00f3 que la situaci\u00f3n \u201cempeorar\u00e1\u201d en los pr\u00f3ximos 12 meses.&nbsp; Es decir, m\u00e1s de la mitad de la poblaci\u00f3n no percibe mejoras en la estrategia de seguridad en al menos los pr\u00f3ximos 12 meses.<\/p>\n\n\n\n<p>Ante estos terribles registros queda claro que el Estado mexicano no est\u00e1 cumpliendo con su obligaci\u00f3n constitucional de garantizar la seguridad y la protecci\u00f3n de diversos derechos fundamentales de la poblaci\u00f3n mexicana, a pesar de que \u00e9stos constituyen los elementos m\u00e1s importantes que garantizan la estabilidad, seguridad y la paz social de cualquier naci\u00f3n.<\/p>\n\n\n\n<p>Es hora de que el gobierno escuche a la oposici\u00f3n; de que tome en cuenta sus propuestas y estrategias planteadas para acabar con este c\u00e1ncer que gangrena a la sociedad.&nbsp; Es tiempo de que el gobierno atienda las demandas de la poblaci\u00f3n incluida, por supuesto, la terrible situaci\u00f3n de inseguridad y violencia que vive el pa\u00eds.<\/p>\n\n\n\n<p>M\u00e9xico no puede irse al abismo y acabar con lo m\u00e1s importante que tiene: su poblaci\u00f3n.<\/p>\n\n\n\n<p>POR SUSANA ZATARAIN<br>SENADORA POR EL PAN<\/p>\n","protected":false},"excerpt":{"rendered":"<p>A finales del sexenio de L\u00f3pez Obrador, la poblaci\u00f3n mexicana mostraba dos exigencias fundamentales de acuerdo con una encuesta publicada por el Diario El Financiero el 2 de septiembre de 2024.&nbsp; La primera es la calificaci\u00f3n que la poblaci\u00f3n le otorgaba al gobierno del expresidente en materia de corrupci\u00f3n que mostraba que en agosto del [&hellip;]<\/p>\n","protected":false},"author":2,"featured_media":137416,"comment_status":"open","ping_status":"open","sticky":false,"template":"","format":"standard","meta":{"footnotes":""},"categories":[55],"tags":[],"class_list":["post-137415","post","type-post","status-publish","format-standard","has-post-thumbnail","hentry","category-nacionales"],"_links":{"self":[{"href":"https:\/\/elcuartopoder.com.mx\/nw\/wp-json\/wp\/v2\/posts\/137415","targetHints":{"allow":["GET"]}}],"collection":[{"href":"https:\/\/elcuartopoder.com.mx\/nw\/wp-json\/wp\/v2\/posts"}],"about":[{"href":"https:\/\/elcuartopoder.com.mx\/nw\/wp-json\/wp\/v2\/types\/post"}],"author":[{"embeddable":true,"href":"https:\/\/elcuartopoder.com.mx\/nw\/wp-json\/wp\/v2\/users\/2"}],"replies":[{"embeddable":true,"href":"https:\/\/elcuartopoder.com.mx\/nw\/wp-json\/wp\/v2\/comments?post=137415"}],"version-history":[{"count":1,"href":"https:\/\/elcuartopoder.com.mx\/nw\/wp-json\/wp\/v2\/posts\/137415\/revisions"}],"predecessor-version":[{"id":137417,"href":"https:\/\/elcuartopoder.com.mx\/nw\/wp-json\/wp\/v2\/posts\/137415\/revisions\/137417"}],"wp:featuredmedia":[{"embeddable":true,"href":"https:\/\/elcuartopoder.com.mx\/nw\/wp-json\/wp\/v2\/media\/137416"}],"wp:attachment":[{"href":"https:\/\/elcuartopoder.com.mx\/nw\/wp-json\/wp\/v2\/media?parent=137415"}],"wp:term":[{"taxonomy":"category","embeddable":true,"href":"https:\/\/elcuartopoder.com.mx\/nw\/wp-json\/wp\/v2\/categories?post=137415"},{"taxonomy":"post_tag","embeddable":true,"href":"https:\/\/elcuartopoder.com.mx\/nw\/wp-json\/wp\/v2\/tags?post=137415"}],"curies":[{"name":"wp","href":"https:\/\/api.w.org\/{rel}","templated":true}]}}