{"id":137421,"date":"2025-01-31T14:30:03","date_gmt":"2025-01-31T19:30:03","guid":{"rendered":"https:\/\/elcuartopoder.com.mx\/nw\/?p=137421"},"modified":"2025-01-31T14:30:04","modified_gmt":"2025-01-31T19:30:04","slug":"ofertan-mas-de-1100-vacantes-en-la-primera-feria-municipal-del-empleo-y-servicios-laborales-en-solidaridad","status":"publish","type":"post","link":"https:\/\/elcuartopoder.com.mx\/nw\/municipales\/ofertan-mas-de-1100-vacantes-en-la-primera-feria-municipal-del-empleo-y-servicios-laborales-en-solidaridad\/","title":{"rendered":"Ofertan m\u00e1s de 1,100 vacantes en la Primera Feria Municipal del Empleo y Servicios Laborales, en Solidaridad"},"content":{"rendered":"\n<p><strong>PLAYA DEL CARMEN, MX.\u2014<\/strong>&nbsp;El gobierno de Solidaridad, por conducto de la Secretar\u00eda de Desarrollo Econ\u00f3mico y de Atracci\u00f3n de Inversiones, con el apoyo del Estado, ofert\u00f3 m\u00e1s de 1,100 vacantes en la Primera Feria Municipal del Empleo y Servicios Laborales para la Prosperidad, en el domo del fraccionamiento Misi\u00f3n de las Flores.<\/p>\n\n\n\n<p>En la inauguraci\u00f3n del evento, Ant\u00f3n Boj\u00f3rquez, secretario de Desarrollo Econ\u00f3mico y de Atracci\u00f3n de Inversiones, destac\u00f3 el compromiso de la presidenta municipal Estefan\u00eda Mercado de llevar bienestar a las y los trabajadores solidarenses con m\u00e1s oportunidades laborales, adem\u00e1s de capacitaci\u00f3n y mejores salarios.<\/p>\n\n\n\n<p>El objetivo, dijo el funcionario, es fortalecer la econom\u00eda familiar e impulsar el empleo formal a trav\u00e9s de las empresas participantes que, en esta ocasi\u00f3n, fueron un total de 32.<\/p>\n\n\n\n<p>\u201cEsta colaboraci\u00f3n permite que las acciones sean m\u00e1s efectivas y lleguen a un mayor n\u00famero de ciudadanos; en esta primera feria se reunieron 32 empresas, sobre todo tur\u00edsticas, ofreciendo m\u00e1s de 1,100 vacantes para que quienes buscan empleo puedan encontrar una oportunidad formal y las empresas capten el talento que necesitan\u201d, dijo.<br><br>En tanto, Jos\u00e9 Francisco Trujillo Brandi, subsecretario de Trabajo y Previsi\u00f3n Social del Gobierno del Estado, hizo hincapi\u00e9 en que el Nuevo Acuerdo por el Bienestar y Desarrollo de Quintana Roo, que impulsa la gobernadora Mara Lezama, pretende que los buscadores de empleo, hombres y mujeres, tengan acceso a todas las opciones laborales en un mismo lugar, garantizando m\u00e1s oportunidades de trabajo formal y bien remunerado.<\/p>\n\n\n\n<p>Comprometi\u00f3 el apoyo del Servicio Estatal de Empleo y Capacitaci\u00f3n para el Trabajo (Seecat) para seguir organizando este tipo de ferias laborales, como estrategia para reducir las brechas de la desigualdad y fomentar la prosperidad compartida en Quintana Roo y Solidaridad.<\/p>\n\n\n\n<p>Finalmente, Enrique Gonz\u00e1lez Contreras, coordinador general del Seecat, reconoci\u00f3 la suma de esfuerzos entre los diferentes niveles de gobierno para la realizaci\u00f3n de la Primera Feria de Empleo, que result\u00f3 todo un \u00e9xito para las empresas participantes y para los propios buscadores de empleo.<\/p>\n\n\n\n<p>Adem\u00e1s de la oferta laboral, se ofrecieron servicios de expedici\u00f3n inmediata de antecedentes no penales, certificados m\u00e9dicos gratuitos proporcionados por el DIF, asesor\u00eda sobre la cartilla del Servicio Militar y constancias de residencia y vecindad.<\/p>\n\n\n\n<p>En el evento participaron representantes de PRODECON, Junta Municipal de Reclutamiento, Procuradur\u00eda de la Defensa del Trabajo, Centro de Conciliaci\u00f3n Laboral, J\u00f3venes Construyendo el Futuro y Registro Civil, entre otras instituciones.&nbsp; &nbsp; &nbsp; &nbsp; &nbsp; &nbsp; &nbsp; &nbsp; &nbsp; &nbsp; &nbsp; &nbsp; &nbsp; &nbsp;(<strong>Fuente: Ayuntamiento de Solidaridad<\/strong>)<\/p>\n","protected":false},"excerpt":{"rendered":"<p>PLAYA DEL CARMEN, MX.\u2014&nbsp;El gobierno de Solidaridad, por conducto de la Secretar\u00eda de Desarrollo Econ\u00f3mico y de Atracci\u00f3n de Inversiones, con el apoyo del Estado, ofert\u00f3 m\u00e1s de 1,100 vacantes en la Primera Feria Municipal del Empleo y Servicios Laborales para la Prosperidad, en el domo del fraccionamiento Misi\u00f3n de las Flores. En la inauguraci\u00f3n [&hellip;]<\/p>\n","protected":false},"author":2,"featured_media":137422,"comment_status":"open","ping_status":"open","sticky":false,"template":"","format":"standard","meta":{"footnotes":""},"categories":[6],"tags":[],"class_list":["post-137421","post","type-post","status-publish","format-standard","has-post-thumbnail","hentry","category-municipales"],"_links":{"self":[{"href":"https:\/\/elcuartopoder.com.mx\/nw\/wp-json\/wp\/v2\/posts\/137421","targetHints":{"allow":["GET"]}}],"collection":[{"href":"https:\/\/elcuartopoder.com.mx\/nw\/wp-json\/wp\/v2\/posts"}],"about":[{"href":"https:\/\/elcuartopoder.com.mx\/nw\/wp-json\/wp\/v2\/types\/post"}],"author":[{"embeddable":true,"href":"https:\/\/elcuartopoder.com.mx\/nw\/wp-json\/wp\/v2\/users\/2"}],"replies":[{"embeddable":true,"href":"https:\/\/elcuartopoder.com.mx\/nw\/wp-json\/wp\/v2\/comments?post=137421"}],"version-history":[{"count":1,"href":"https:\/\/elcuartopoder.com.mx\/nw\/wp-json\/wp\/v2\/posts\/137421\/revisions"}],"predecessor-version":[{"id":137423,"href":"https:\/\/elcuartopoder.com.mx\/nw\/wp-json\/wp\/v2\/posts\/137421\/revisions\/137423"}],"wp:featuredmedia":[{"embeddable":true,"href":"https:\/\/elcuartopoder.com.mx\/nw\/wp-json\/wp\/v2\/media\/137422"}],"wp:attachment":[{"href":"https:\/\/elcuartopoder.com.mx\/nw\/wp-json\/wp\/v2\/media?parent=137421"}],"wp:term":[{"taxonomy":"category","embeddable":true,"href":"https:\/\/elcuartopoder.com.mx\/nw\/wp-json\/wp\/v2\/categories?post=137421"},{"taxonomy":"post_tag","embeddable":true,"href":"https:\/\/elcuartopoder.com.mx\/nw\/wp-json\/wp\/v2\/tags?post=137421"}],"curies":[{"name":"wp","href":"https:\/\/api.w.org\/{rel}","templated":true}]}}