{"id":137438,"date":"2025-02-03T14:58:27","date_gmt":"2025-02-03T19:58:27","guid":{"rendered":"https:\/\/elcuartopoder.com.mx\/nw\/?p=137438"},"modified":"2025-02-03T14:58:53","modified_gmt":"2025-02-03T19:58:53","slug":"brasil-y-otra-vez-la-destruccion-del-medio-ambiente","status":"publish","type":"post","link":"https:\/\/elcuartopoder.com.mx\/nw\/internacionales\/brasil-y-otra-vez-la-destruccion-del-medio-ambiente\/","title":{"rendered":"Brasil y (otra vez) la destrucci\u00f3n del medio ambiente"},"content":{"rendered":"\n<p>S\u00ed, s\u00ed, vale reiterar: en su tercer mandato presidencial Lula da Silva sigue exhibiendo datos positivos, algunos sorprendentes hasta para sus m\u00e1s animados seguidores.<\/p>\n\n\n\n<p>Por ejemplo, en 2024, el segundo a\u00f1o de su tercer gobierno, Lula pudo celebrar un logro formidable: el desempleo, tal como es medido desde hace casi medio siglo, se desplom\u00f3 a su menor nivel en toda la historia.<\/p>\n\n\n\n<p>El pasado viernes, el d\u00f3lar cay\u00f3 frente al real por d\u00e9cimo d\u00eda consecutivo. Es verdad que sigue por encima de la meta establecida, o deseada, por el gobierno, pero sigue cayendo.<\/p>\n\n\n\n<p>Fueron 10 d\u00edas seguidos a la baja, y no hay se\u00f1ales de viento en sentido contrario. Se rumorea en Brasilia que la esperanza del gobierno es que pronto la moneda estadunidense caiga en los l\u00edmites previstos.<\/p>\n\n\n\n<p>Pero surgen con frecuencia cada vez m\u00e1s estruendosas denuncias sobre lo que pasa en el medio ambiente.<\/p>\n\n\n\n<p>Y no hay nada que indique que el gobierno adoptar\u00e1 medidas urgentes para cambiar el escenario, y menos a\u00fan que las denuncias bajen de tono y volumen. Al contrario.<\/p>\n\n\n\n<p>En general, y trat\u00e1ndose del gobierno, persiste, por cierto, un misterio que ni siquiera los supuestos grandes conocedores del alma humana logran explicar: \u00bfc\u00f3mo puede ser que con esos y tantos otros datos positivos la aprobaci\u00f3n de Lula y de su actual mandato sigan bajos, a punto de ser sobrepasados por los que lo reprueban, acorde con algunos sondeos realizados por empresas respetadas entre analistas y miembros del gobierno?<\/p>\n\n\n\n<p>Y no se trata de ser reprobado por seguidores del desequilibrado ex mandatario Jair Bolsonaro: muchos de los encuestados declaran haber votado por Lula justo para evitar la relecci\u00f3n del provocador de desastres y cr\u00edmenes cuyo precio el pa\u00eds sigue pagando.<\/p>\n\n\n\n<p>La respuesta, y que vale tanto para un ciudadano com\u00fan como para los grandes conocedores del alma humana, es corta y sencilla: le falta al gobierno, y principalmente a Lula, un sistema de comunicaci\u00f3n.<\/p>\n\n\n\n<p>El presidente siempre fue un comunicador seductor, algo reconocido hasta por sus m\u00e1s feroces (siempre que civilizados, claro) adversarios.<\/p>\n\n\n\n<p>\u00bfQu\u00e9 le pasa ahora? \u00bfC\u00f3mo puede ser que con tantas conquistas no est\u00e9 flotando en las m\u00e1s altas olas del oc\u00e9ano de la popularidad? S\u00ed, es cierto, mucho ya se habl\u00f3 de ese tema. Pero \u00e9l sigue presente.<\/p>\n\n\n\n<p>\u00bfHay otros temas? Por cierto, una infinidad. Algunos son parte de la historia, otros se arrastran por d\u00e9cadas hasta saltar a la superficie a espera de soluci\u00f3n, y esa soluci\u00f3n no llega nunca.<\/p>\n\n\n\n<p>Sin embargo, la estridencia explosiva que algunos de esos temas provocan cuando salen a la superficie merece atenci\u00f3n especial.<\/p>\n\n\n\n<p>Entre tantas otras, el a\u00f1o pasado tuvo como marca la cuesti\u00f3n ambiental, la ampliaci\u00f3n brutal de \u00e1reas quemadas de manera criminal por estancieros o invasores de tierras, tanto privadas como p\u00fablicas.<\/p>\n\n\n\n<p>El crecimiento fue de 79 por ciento con relaci\u00f3n a 2023. Super\u00f3 las 30 millones de hect\u00e1reas, un \u00e1rea mayor que la superficie de Italia.<\/p>\n\n\n\n<p>Eso: una Italia entera de floresta natural destrozada por fuego criminal, junto a \u00e1reas destinadas al pasto. En este caso, el fuego sirve para ayudar a plantar nuevos espacios que crecer\u00e1n m\u00e1s r\u00e1pido.<\/p>\n\n\n\n<p>Los mismos estudios que tratan de esa devastaci\u00f3n feroz muestran que son los ind\u00edgenas los que m\u00e1s se esfuerzan por proteger a la naturaleza.<\/p>\n\n\n\n<p>Sin apoyo amplio del gobierno, muchas veces arriesgando la vida, son ellos los que s\u00ed intentan hacer algo. Y por eso cada vez m\u00e1s son blanco de la furia de los apropiadores ilegales de tierras p\u00fablicas, e incluso de tierras consideradas reservas de los pueblos originarios.<\/p>\n","protected":false},"excerpt":{"rendered":"<p>S\u00ed, s\u00ed, vale reiterar: en su tercer mandato presidencial Lula da Silva sigue exhibiendo datos positivos, algunos sorprendentes hasta para sus m\u00e1s animados seguidores. Por ejemplo, en 2024, el segundo a\u00f1o de su tercer gobierno, Lula pudo celebrar un logro formidable: el desempleo, tal como es medido desde hace casi medio siglo, se desplom\u00f3 a [&hellip;]<\/p>\n","protected":false},"author":2,"featured_media":137439,"comment_status":"open","ping_status":"open","sticky":false,"template":"","format":"standard","meta":{"footnotes":""},"categories":[8],"tags":[],"class_list":["post-137438","post","type-post","status-publish","format-standard","has-post-thumbnail","hentry","category-internacionales"],"_links":{"self":[{"href":"https:\/\/elcuartopoder.com.mx\/nw\/wp-json\/wp\/v2\/posts\/137438","targetHints":{"allow":["GET"]}}],"collection":[{"href":"https:\/\/elcuartopoder.com.mx\/nw\/wp-json\/wp\/v2\/posts"}],"about":[{"href":"https:\/\/elcuartopoder.com.mx\/nw\/wp-json\/wp\/v2\/types\/post"}],"author":[{"embeddable":true,"href":"https:\/\/elcuartopoder.com.mx\/nw\/wp-json\/wp\/v2\/users\/2"}],"replies":[{"embeddable":true,"href":"https:\/\/elcuartopoder.com.mx\/nw\/wp-json\/wp\/v2\/comments?post=137438"}],"version-history":[{"count":1,"href":"https:\/\/elcuartopoder.com.mx\/nw\/wp-json\/wp\/v2\/posts\/137438\/revisions"}],"predecessor-version":[{"id":137440,"href":"https:\/\/elcuartopoder.com.mx\/nw\/wp-json\/wp\/v2\/posts\/137438\/revisions\/137440"}],"wp:featuredmedia":[{"embeddable":true,"href":"https:\/\/elcuartopoder.com.mx\/nw\/wp-json\/wp\/v2\/media\/137439"}],"wp:attachment":[{"href":"https:\/\/elcuartopoder.com.mx\/nw\/wp-json\/wp\/v2\/media?parent=137438"}],"wp:term":[{"taxonomy":"category","embeddable":true,"href":"https:\/\/elcuartopoder.com.mx\/nw\/wp-json\/wp\/v2\/categories?post=137438"},{"taxonomy":"post_tag","embeddable":true,"href":"https:\/\/elcuartopoder.com.mx\/nw\/wp-json\/wp\/v2\/tags?post=137438"}],"curies":[{"name":"wp","href":"https:\/\/api.w.org\/{rel}","templated":true}]}}