{"id":139311,"date":"2025-03-28T16:33:03","date_gmt":"2025-03-28T21:33:03","guid":{"rendered":"https:\/\/elcuartopoder.com.mx\/nw\/?p=139311"},"modified":"2025-03-28T16:33:05","modified_gmt":"2025-03-28T21:33:05","slug":"la-fiscalia-pide-siete-anos-de-carcel-para-el-expresidente-frances-sarkozy-en-el-juicio-por-libia","status":"publish","type":"post","link":"https:\/\/elcuartopoder.com.mx\/nw\/politica\/la-fiscalia-pide-siete-anos-de-carcel-para-el-expresidente-frances-sarkozy-en-el-juicio-por-libia\/","title":{"rendered":"La Fiscal\u00eda pide siete a\u00f1os de c\u00e1rcel para el expresidente franc\u00e9s Sarkozy en el juicio por Libia"},"content":{"rendered":"\n<p>La Fiscal\u00eda Nacional Financiera (PNF) ha solicitado este jueves\u00a0<strong>siete a\u00f1os de prisi\u00f3n y una multa de 300.000<\/strong>\u00a0euros para\u00a0Nicolas Sarkozy\u00a0en el juicio por haber financiado su campa\u00f1a presidencial de 2007 gracias a las autoridades libias.<\/p>\n\n\n\n<p>El Ministerio P\u00fablico tambi\u00e9n ha pedido penas de seis a\u00f1os de prisi\u00f3n y 100.000 euros de multa para&nbsp;<strong>Claude Gu\u00e9ant&nbsp;<\/strong>y de tres a\u00f1os de prisi\u00f3n y 150.000 euros de multa para&nbsp;<strong>Brice Hortefeux<\/strong>, dos ex ministros tambi\u00e9n procesados \u200b\u200bpor este caso.<\/p>\n\n\n\n<p>Los hechos se remontan a un acuerdo suscrito en el a\u00f1o 2005 con un r\u00e9gimen que los fiscales<strong>&nbsp;no han dudado en tachar de \u00absanguinario\u00bb<\/strong>. Un pacto, a\u00f1aden, dentro del que Sarkozy ser\u00eda el \u00abverdadero patrocinador\u00bb, quien tomaba las decisiones.<\/p>\n\n\n\n<p>En el caso de Sarkozy, la lista de delitos que se le imputan conllevan una potencial condena a diez a\u00f1os de c\u00e1rcel, tres m\u00e1s de lo que&nbsp;<strong>ha solicitado este jueves la Fiscal\u00eda<\/strong>. Para Gu\u00e9ant, el Ministerio P\u00fablico reclama una pena de seis a\u00f1os de c\u00e1rcel, mientras que para Hortefeux y Woerth plantea tres y un a\u00f1o, respectivamente, informa la cadena BFM TV.<\/p>\n\n\n\n<p>Las dudas suscitadas por la supuesta<strong>\u00a0entrega de 50 millones de euros<\/strong>\u00a0a la campa\u00f1a de Sarkozy no representan el \u00fanico frente judicial abierto sobre el expresidente, sobre quien ya pesa una condena en firme por corrupci\u00f3n y tr\u00e1fico de influencias que le obliga a llevar una pulsera electr\u00f3nica para evitar entrar en la c\u00e1rcel.<\/p>\n","protected":false},"excerpt":{"rendered":"<p>La Fiscal\u00eda Nacional Financiera (PNF) ha solicitado este jueves\u00a0siete a\u00f1os de prisi\u00f3n y una multa de 300.000\u00a0euros para\u00a0Nicolas Sarkozy\u00a0en el juicio por haber financiado su campa\u00f1a presidencial de 2007 gracias a las autoridades libias. El Ministerio P\u00fablico tambi\u00e9n ha pedido penas de seis a\u00f1os de prisi\u00f3n y 100.000 euros de multa para&nbsp;Claude Gu\u00e9ant&nbsp;y de tres [&hellip;]<\/p>\n","protected":false},"author":2,"featured_media":139312,"comment_status":"open","ping_status":"open","sticky":false,"template":"","format":"standard","meta":{"footnotes":""},"categories":[61],"tags":[],"class_list":["post-139311","post","type-post","status-publish","format-standard","has-post-thumbnail","hentry","category-politica"],"_links":{"self":[{"href":"https:\/\/elcuartopoder.com.mx\/nw\/wp-json\/wp\/v2\/posts\/139311","targetHints":{"allow":["GET"]}}],"collection":[{"href":"https:\/\/elcuartopoder.com.mx\/nw\/wp-json\/wp\/v2\/posts"}],"about":[{"href":"https:\/\/elcuartopoder.com.mx\/nw\/wp-json\/wp\/v2\/types\/post"}],"author":[{"embeddable":true,"href":"https:\/\/elcuartopoder.com.mx\/nw\/wp-json\/wp\/v2\/users\/2"}],"replies":[{"embeddable":true,"href":"https:\/\/elcuartopoder.com.mx\/nw\/wp-json\/wp\/v2\/comments?post=139311"}],"version-history":[{"count":1,"href":"https:\/\/elcuartopoder.com.mx\/nw\/wp-json\/wp\/v2\/posts\/139311\/revisions"}],"predecessor-version":[{"id":139313,"href":"https:\/\/elcuartopoder.com.mx\/nw\/wp-json\/wp\/v2\/posts\/139311\/revisions\/139313"}],"wp:featuredmedia":[{"embeddable":true,"href":"https:\/\/elcuartopoder.com.mx\/nw\/wp-json\/wp\/v2\/media\/139312"}],"wp:attachment":[{"href":"https:\/\/elcuartopoder.com.mx\/nw\/wp-json\/wp\/v2\/media?parent=139311"}],"wp:term":[{"taxonomy":"category","embeddable":true,"href":"https:\/\/elcuartopoder.com.mx\/nw\/wp-json\/wp\/v2\/categories?post=139311"},{"taxonomy":"post_tag","embeddable":true,"href":"https:\/\/elcuartopoder.com.mx\/nw\/wp-json\/wp\/v2\/tags?post=139311"}],"curies":[{"name":"wp","href":"https:\/\/api.w.org\/{rel}","templated":true}]}}