{"id":139320,"date":"2025-03-28T16:39:41","date_gmt":"2025-03-28T21:39:41","guid":{"rendered":"https:\/\/elcuartopoder.com.mx\/nw\/?p=139320"},"modified":"2025-03-28T16:39:42","modified_gmt":"2025-03-28T21:39:42","slug":"hamas-convoca-tres-dias-de-ira-global-y-pide-incrementar-manifestaciones-y-cercos-a-las-embajadas-israelies","status":"publish","type":"post","link":"https:\/\/elcuartopoder.com.mx\/nw\/destacadas\/hamas-convoca-tres-dias-de-ira-global-y-pide-incrementar-manifestaciones-y-cercos-a-las-embajadas-israelies\/","title":{"rendered":"Ham\u00e1s convoca tres d\u00edas de \u00abira global\u00bb y pide incrementar manifestaciones y cercos a las embajadas israel\u00edes"},"content":{"rendered":"\n<p>Ham\u00e1s ha convocado<strong>&nbsp;tres d\u00edas de \u00abira global\u00bb entre el viernes y el domingo<\/strong>&nbsp;para protestar contra los \u00abcr\u00edmenes sionistas\u00bb en los Territorios Palestinos Ocupados, incluida la reactivaci\u00f3n de la ofensiva militar de Israel contra la Franja de Gaza.<\/p>\n\n\n\n<p>\u00ab<strong>Que el viernes, el s\u00e1bado y el domingo sean d\u00edas de ira y movilizaci\u00f3n global en apoyo a Gaza, Jerusal\u00e9n y la mezquita de Al Aqsa&nbsp;<\/strong>y en rechazo a los cr\u00edmenes sionistas\u00bb, ha se\u00f1alado el grupo a trav\u00e9s de un comunicado, seg\u00fan ha recogido el diario palestino &#8216;Filastin&#8217;.<\/p>\n\n\n\n<p>As\u00ed, ha reclamado a los palestinos y a los \u00abpueblos libres del mundo\u00bb para que&nbsp;<strong>\u00abincrementen las actividades, marchas, sentadas y cercos de Embajadas israel\u00edes\u00bb&nbsp;<\/strong>para \u00abapoyar y respaldar a Gaza, exponer los cr\u00edmenes de la ocupaci\u00f3n y mantener la presi\u00f3n global hasta que termine la agresi\u00f3n y se levante el cerco\u00bb.<\/p>\n\n\n\n<p>El Gobierno de Israel orden\u00f3 el 18 de marzo al Ej\u00e9rcito que adoptara<strong>&nbsp;\u00abmedidas en\u00e9rgicas\u00bb contra Ham\u00e1s despu\u00e9s de acusar al grupo de \u00abrechazar todas las ofertas\u00bb de los mediadores<\/strong>&nbsp;y ante sus supuestos preparativos para lanzar ataques, si bien el grupo ha negado que estuviera planificando asaltos y ha afirmado incluso que hab\u00eda llegado a aceptar el plan presentado por Washington.<\/p>\n\n\n\n<p><strong>Ham\u00e1s ha insistido en ce\u00f1irse a los t\u00e9rminos originales del acuerdo<\/strong>, que debi\u00f3 entrar hace semanas en su segunda fase, incluida la retirada de militares israel\u00edes de Gaza y un alto el fuego definitivo a cambio de la liberaci\u00f3n del resto de rehenes que siguen con vida, si bien Israel ha dado marcha atr\u00e1s y ha insistido en la necesidad de acabar con el grupo, neg\u00e1ndose a iniciar los contactos para esta segunda etapa.<\/p>\n","protected":false},"excerpt":{"rendered":"<p>Ham\u00e1s ha convocado&nbsp;tres d\u00edas de \u00abira global\u00bb entre el viernes y el domingo&nbsp;para protestar contra los \u00abcr\u00edmenes sionistas\u00bb en los Territorios Palestinos Ocupados, incluida la reactivaci\u00f3n de la ofensiva militar de Israel contra la Franja de Gaza. \u00abQue el viernes, el s\u00e1bado y el domingo sean d\u00edas de ira y movilizaci\u00f3n global en apoyo a [&hellip;]<\/p>\n","protected":false},"author":2,"featured_media":139322,"comment_status":"open","ping_status":"open","sticky":false,"template":"","format":"standard","meta":{"footnotes":""},"categories":[59],"tags":[],"class_list":["post-139320","post","type-post","status-publish","format-standard","has-post-thumbnail","hentry","category-destacadas"],"_links":{"self":[{"href":"https:\/\/elcuartopoder.com.mx\/nw\/wp-json\/wp\/v2\/posts\/139320","targetHints":{"allow":["GET"]}}],"collection":[{"href":"https:\/\/elcuartopoder.com.mx\/nw\/wp-json\/wp\/v2\/posts"}],"about":[{"href":"https:\/\/elcuartopoder.com.mx\/nw\/wp-json\/wp\/v2\/types\/post"}],"author":[{"embeddable":true,"href":"https:\/\/elcuartopoder.com.mx\/nw\/wp-json\/wp\/v2\/users\/2"}],"replies":[{"embeddable":true,"href":"https:\/\/elcuartopoder.com.mx\/nw\/wp-json\/wp\/v2\/comments?post=139320"}],"version-history":[{"count":1,"href":"https:\/\/elcuartopoder.com.mx\/nw\/wp-json\/wp\/v2\/posts\/139320\/revisions"}],"predecessor-version":[{"id":139323,"href":"https:\/\/elcuartopoder.com.mx\/nw\/wp-json\/wp\/v2\/posts\/139320\/revisions\/139323"}],"wp:featuredmedia":[{"embeddable":true,"href":"https:\/\/elcuartopoder.com.mx\/nw\/wp-json\/wp\/v2\/media\/139322"}],"wp:attachment":[{"href":"https:\/\/elcuartopoder.com.mx\/nw\/wp-json\/wp\/v2\/media?parent=139320"}],"wp:term":[{"taxonomy":"category","embeddable":true,"href":"https:\/\/elcuartopoder.com.mx\/nw\/wp-json\/wp\/v2\/categories?post=139320"},{"taxonomy":"post_tag","embeddable":true,"href":"https:\/\/elcuartopoder.com.mx\/nw\/wp-json\/wp\/v2\/tags?post=139320"}],"curies":[{"name":"wp","href":"https:\/\/api.w.org\/{rel}","templated":true}]}}