{"id":139324,"date":"2025-03-28T16:41:06","date_gmt":"2025-03-28T21:41:06","guid":{"rendered":"https:\/\/elcuartopoder.com.mx\/nw\/?p=139324"},"modified":"2025-03-28T16:41:08","modified_gmt":"2025-03-28T21:41:08","slug":"al-menos-24-muertos-y-27-000-evacuados-en-los-peores-incendios-de-la-historia-de-corea-del-sur","status":"publish","type":"post","link":"https:\/\/elcuartopoder.com.mx\/nw\/internacionales\/al-menos-24-muertos-y-27-000-evacuados-en-los-peores-incendios-de-la-historia-de-corea-del-sur\/","title":{"rendered":"Al menos 24 muertos y 27.000 evacuados en los \u00abpeores incendios de la historia\u00bb de Corea del Sur"},"content":{"rendered":"\n<p>Uno de los peores brotes de incendios forestales de la historia de Corea del Sur ha causado la muerte de al menos 24 personas, seg\u00fan informaron el mi\u00e9rcoles las autoridades. Las m\u00faltiples llamas causaron \u00abda\u00f1os sin precedentes\u00bb y amenazaron dos lugares incluidos en la lista de la Unesco.<\/p>\n\n\n\n<p>M\u00e1s de una docena de incendios se declararon durante el fin de semana, calcinando amplias zonas del sureste del pa\u00eds y obligando a evacuar urgentemente a unas 27.000 personas. El n\u00famero de muertos aument\u00f3 a 24 el mi\u00e9rcoles, cuando las llamas provocadas por el viento arrasaron barrios y un antiguo templo.<\/p>\n\n\n\n<h3 class=\"wp-block-heading\">Cifras preliminares de muertos<\/h3>\n\n\n\n<p>Un funcionario del Ministerio del Interior y Seguridad declar\u00f3 a la AFP que \u00abhasta el momento se ha confirmado la muerte de 24 personas en los incendios forestales\u00bb y que 12 de ellas han resultado gravemente heridas, aunque a\u00f1adi\u00f3 que se trataba de \u00abcifras preliminares\u00bb y que el n\u00famero de v\u00edctimas podr\u00eda aumentar.<\/p>\n\n\n\n<p>La mayor\u00eda de los fallecidos eran residentes locales, pero al menos tres bomberos perdieron la vida y un piloto de un helic\u00f3ptero de extinci\u00f3n muri\u00f3 al estrellarse su aparato en una zona monta\u00f1osa, seg\u00fan las autoridades.<\/p>\n\n\n\n<h3 class=\"wp-block-heading\">El segundo mayor incendio de la historia de Corea del Sur<\/h3>\n\n\n\n<p>Seg\u00fan el Ministerio del Interior, el fuego ha calcinado 17.398 hect\u00e1reas, de las cuales el 87% se ha declarado en el condado de Uiseong. La magnitud de los da\u00f1os ya lo convierte en el segundo mayor de Corea del Sur, despu\u00e9s del infierno de abril de 2000, que calcin\u00f3 23.913 hect\u00e1reas en toda la costa este.<\/p>\n\n\n\n<p>El gobierno ha elevado la alerta de crisis a su nivel m\u00e1s alto y ha tomado la rara medida de trasladar a algunos presos fuera de las c\u00e1rceles de la zona.<\/p>\n\n\n\n<p>\u00abLos incendios forestales que arden por quinto d\u00eda consecutivo est\u00e1n causando da\u00f1os sin precedentes\u00bb, declar\u00f3 el presidente en funciones de Corea del Sur, Han Duck-soo. Dijo en una reuni\u00f3n de seguridad de emergencia y desastres que las llamas estaban \u00abdesarroll\u00e1ndose de una manera que est\u00e1 superando tanto los modelos de predicci\u00f3n existentes como las expectativas anteriores.\u00bb \u00abA lo largo de la noche continu\u00f3 el caos, ya que se cortaron las l\u00edneas el\u00e9ctricas y de comunicaci\u00f3n en varias zonas y se bloquearon las carreteras\u00bb, a\u00f1adi\u00f3.<\/p>\n\n\n\n<p>En la ciudad de Andong, algunos evacuados que se refugiaban en el gimnasio de una escuela primaria dijeron a la AFP que tuvieron que huir tan r\u00e1pidamente que no pudieron llevar nada consigo.<\/p>\n\n\n\n<p>\u00abEl viento era muy fuerte\u00bb, declar\u00f3 Kwon So-han, de 79 a\u00f1os, residente en Andong, quien a\u00f1adi\u00f3 que, en cuanto recibi\u00f3 la orden de evacuaci\u00f3n, huy\u00f3. \u00abEl fuego vino de la monta\u00f1a y cay\u00f3 sobre mi casa\u00bb, explic\u00f3. \u00abLos que no lo hayan vivido no lo sabr\u00e1n. S\u00f3lo pude traer mi cuerpo\u00bb.<\/p>\n\n\n\n<h3 class=\"wp-block-heading\">Helic\u00f3pteros para acabar con las llamas<\/h3>\n\n\n\n<p>Las autoridades hab\u00edan estado utilizando helic\u00f3pteros para combatir las llamas, pero suspendieron todas las operaciones despu\u00e9s de que un helic\u00f3ptero se estrellara el mi\u00e9rcoles, matando al piloto que iba a bordo.<\/p>\n\n\n\n<p>Las autoridades dijeron que los cambios en los patrones del viento y el tiempo seco hab\u00edan puesto de manifiesto las limitaciones de los m\u00e9todos convencionales de lucha contra el fuego. Los incendios son \u00ablos m\u00e1s devastadores\u00bb hasta la fecha en Corea del Sur, a\u00f1adi\u00f3 el presidente en funciones Han.<\/p>\n\n\n\n<p>El mi\u00e9rcoles, dos lugares incluidos en la lista de la Unesco y populares entre los turistas, la hist\u00f3rica aldea folcl\u00f3rica de Hahoe y Byeongsan Seowon, estaban amenazados. Las autoridades informaron a \u00faltima hora del mi\u00e9rcoles de que el fuego estaba a s\u00f3lo cinco kil\u00f3metros de Hahoe, un pueblo donde algunas casas estaban cubiertas con tejados de paja.<\/p>\n\n\n\n<p>Los bomberos tambi\u00e9n estaban preparados en la cercana Byeongsan Seowon, conocida por sus antiguas academias de estilo pabell\u00f3n.<\/p>\n\n\n\n<p>Enormes columnas de humo ti\u00f1eron de gris el cielo del pueblo y enormes trozos de ceniza flotaron en el aire, seg\u00fan pudieron comprobar los periodistas de AFP, mientras los camiones de bomberos rociaban agua y retardantes del fuego sobre el lugar hist\u00f3rico en un intento desesperado por salvarlo.<\/p>\n\n\n\n<p>El a\u00f1o pasado fue el m\u00e1s caluroso de la historia de Corea del Sur. Seg\u00fan la Administraci\u00f3n Meteorol\u00f3gica de Corea, la temperatura media anual fue de 14,5 grados cent\u00edgrados, dos grados m\u00e1s que la media de los 30 a\u00f1os anteriores, de 12,5 grados.<\/p>\n\n\n\n<p>Seg\u00fan las autoridades, la regi\u00f3n afectada por los incendios hab\u00eda experimentado un tiempo inusualmente seco, con precipitaciones por debajo de la media, y este a\u00f1o el Sur ha sufrido m\u00e1s del doble de incendios que el a\u00f1o pasado.<\/p>\n\n\n\n<p>Algunos tipos de fen\u00f3menos meteorol\u00f3gicos extremos tienen una relaci\u00f3n bien establecida con el cambio clim\u00e1tico, como las olas de calor o las lluvias torrenciales.<\/p>\n\n\n\n<p>Otros fen\u00f3menos, como los incendios forestales, las sequ\u00edas, las tormentas de nieve y las tormentas tropicales, pueden ser el resultado de una combinaci\u00f3n de factores complejos.<\/p>\n\n\n\n<p>\u00abNo podemos decir que se deba s\u00f3lo al cambio clim\u00e1tico, pero \u00e9ste est\u00e1 afectando directa (e) indirectamente a los cambios que estamos experimentando ahora. Esto es un hecho\u00bb, declar\u00f3 a la AFP Yeh Sang-Wook, profesor de climatolog\u00eda de la Universidad Hanyang de Se\u00fal. \u00abLos incendios forestales ser\u00e1n m\u00e1s frecuentes\u00bb, a\u00f1adi\u00f3.<\/p>\n\n\n\n<p>\u00abA medida que la atm\u00f3sfera se calienta debido al cambio clim\u00e1tico, el vapor de agua del suelo se evapora con m\u00e1s facilidad, por lo que la cantidad de humedad contenida en el suelo disminuye. As\u00ed que todo esto crea las condiciones para que se produzcan incendios forestales con m\u00e1s frecuencia\u00bb.<\/p>\n\n\n\n<p>Al parecer, el gran incendio de Uiseong lo provoc\u00f3 una persona que cuidaba una tumba familiar y prendi\u00f3 las llamas accidentalmente.<\/p>\n\n\n\n<p>Cho Jae-oak, agricultor de manzanas, dijo a la AFP que \u00e9l y su esposa hab\u00edan rociado agua alrededor de su casa durante todo el d\u00eda para protegerla. \u00abSeguimos roci\u00e1ndola y protegi\u00e9ndola. Cuando el fuego estaba ardiendo en la monta\u00f1a, las bolas de fuego volaban hasta aqu\u00ed\u00bb, dijo, a\u00f1adiendo que las llamas les obligaron a marcharse.<\/p>\n","protected":false},"excerpt":{"rendered":"<p>Uno de los peores brotes de incendios forestales de la historia de Corea del Sur ha causado la muerte de al menos 24 personas, seg\u00fan informaron el mi\u00e9rcoles las autoridades. Las m\u00faltiples llamas causaron \u00abda\u00f1os sin precedentes\u00bb y amenazaron dos lugares incluidos en la lista de la Unesco. M\u00e1s de una docena de incendios se [&hellip;]<\/p>\n","protected":false},"author":2,"featured_media":139325,"comment_status":"open","ping_status":"open","sticky":false,"template":"","format":"standard","meta":{"footnotes":""},"categories":[8],"tags":[],"class_list":["post-139324","post","type-post","status-publish","format-standard","has-post-thumbnail","hentry","category-internacionales"],"_links":{"self":[{"href":"https:\/\/elcuartopoder.com.mx\/nw\/wp-json\/wp\/v2\/posts\/139324","targetHints":{"allow":["GET"]}}],"collection":[{"href":"https:\/\/elcuartopoder.com.mx\/nw\/wp-json\/wp\/v2\/posts"}],"about":[{"href":"https:\/\/elcuartopoder.com.mx\/nw\/wp-json\/wp\/v2\/types\/post"}],"author":[{"embeddable":true,"href":"https:\/\/elcuartopoder.com.mx\/nw\/wp-json\/wp\/v2\/users\/2"}],"replies":[{"embeddable":true,"href":"https:\/\/elcuartopoder.com.mx\/nw\/wp-json\/wp\/v2\/comments?post=139324"}],"version-history":[{"count":1,"href":"https:\/\/elcuartopoder.com.mx\/nw\/wp-json\/wp\/v2\/posts\/139324\/revisions"}],"predecessor-version":[{"id":139326,"href":"https:\/\/elcuartopoder.com.mx\/nw\/wp-json\/wp\/v2\/posts\/139324\/revisions\/139326"}],"wp:featuredmedia":[{"embeddable":true,"href":"https:\/\/elcuartopoder.com.mx\/nw\/wp-json\/wp\/v2\/media\/139325"}],"wp:attachment":[{"href":"https:\/\/elcuartopoder.com.mx\/nw\/wp-json\/wp\/v2\/media?parent=139324"}],"wp:term":[{"taxonomy":"category","embeddable":true,"href":"https:\/\/elcuartopoder.com.mx\/nw\/wp-json\/wp\/v2\/categories?post=139324"},{"taxonomy":"post_tag","embeddable":true,"href":"https:\/\/elcuartopoder.com.mx\/nw\/wp-json\/wp\/v2\/tags?post=139324"}],"curies":[{"name":"wp","href":"https:\/\/api.w.org\/{rel}","templated":true}]}}