{"id":144766,"date":"2025-09-10T09:01:08","date_gmt":"2025-09-10T14:01:08","guid":{"rendered":"https:\/\/elcuartopoder.com.mx\/nw\/?p=144766"},"modified":"2025-09-10T09:01:09","modified_gmt":"2025-09-10T14:01:09","slug":"maduro-adelanta-la-navidad-al-1-de-octubre-por-segundo-ano-consecutivo","status":"publish","type":"post","link":"https:\/\/elcuartopoder.com.mx\/nw\/internacionales\/maduro-adelanta-la-navidad-al-1-de-octubre-por-segundo-ano-consecutivo\/","title":{"rendered":"Maduro adelanta la Navidad al 1 de octubre por segundo a\u00f1o consecutivo"},"content":{"rendered":"\n<p>Nicol\u00e1s Maduro asegur\u00f3 a Venezuela que su decisi\u00f3n tiene un trasfondo simb\u00f3lico: \u2018Nada ni nadie en este mundo nos va a quitar el derecho a la felicidad\u2019.<\/p>\n\n\n\n<p>El presidente de Venezuela, Nicol\u00e1s Maduro, anunci\u00f3 que, por segundo a\u00f1o consecutivo, la temporada navide\u00f1a en el pa\u00eds comenzar\u00e1 oficialmente el 1 de octubre en un intento por impulsar la econom\u00eda nacional y defender lo que calific\u00f3 como el \u201cderecho de los venezolanos a la alegr\u00eda\u201d.<\/p>\n\n\n\n<p><em>\u201cVamos a aplicar la f\u00f3rmula de otros a\u00f1os, que nos ha ido muy bien para la econom\u00eda, para la cultura, para la alegr\u00eda, para la felicidad y vamos a decretar (que) desde el 1 de octubre arranca la Navidad en Venezuela otra vez\u201d,&nbsp;<\/em>afirm\u00f3 durante su programa semanal de radio y televisi\u00f3n.<\/p>\n\n\n\n<p><em>\u201cNada ni nadie en este mundo nos va a quitar el derecho a la felicidad, a la vida\u201d.<\/em><\/p>\n\n\n\n<blockquote class=\"wp-block-quote is-layout-flow wp-block-quote-is-layout-flow\"><\/blockquote>\n\n\n\n<h2 class=\"wp-block-heading\">Tensi\u00f3n entre Venezuela y Estados Unidos<\/h2>\n\n\n\n<p>El anuncio llega mientras la relaci\u00f3n entre Venezuela y Estados Unidos se tambalea. El gobierno de Maduro denunci\u00f3 como&nbsp;<strong>\u201cuna agresi\u00f3n\u201d la orden del presidente de Estados Unidos<\/strong>, Donald Trump, de desplegar buques de guerra en aguas cercanas a Venezuela para combatir la presencia de c\u00e1rteles del narcotr\u00e1fico en la regi\u00f3n.<\/p>\n\n\n\n<p>En respuesta, Caracas reforz\u00f3 su presencia militar en las costas y moviliz\u00f3 a lo que denomin\u00f3 millones de voluntarios inscritos en las milicias civiles, destinadas a apoyar a las Fuerzas Armadas en tareas de defensa del territorio.<\/p>\n\n\n\n<p>Con este decreto, el gobierno venezolano busca combinar el ambiente festivo de fin de a\u00f1o con un discurso de resistencia frente a las presiones externas, en un pa\u00eds donde las celebraciones navide\u00f1as se convierten tambi\u00e9n en un escenario pol\u00edtico y social.<\/p>\n\n\n\n<h2 class=\"wp-block-heading\">Maduro es un narcoterrorista fugitivo: Marco Rubio<\/h2>\n\n\n\n<p>El secretario de Estado de Estados Unidos,\u00a0<strong>Marco Rubio<\/strong>, recientemente asegur\u00f3 que Nicol\u00e1s Maduro es un narcoterrorista fugitivo de la justicia estadounidense, afirmando que, adem\u00e1s de carecer de legitimidad, se encuentra implicado en redes criminales ligadas al narcotr\u00e1fico, lo que afecta directamente la estabilidad regional.<\/p>\n\n\n\n<p>El discurso de Rubio tuvo lugar en medio de un clima de creciente tensi\u00f3n diplom\u00e1tica en Am\u00e9rica Latina, con Estados Unidos reiterando que considera a Venezuela un foco de operaciones criminales, al tiempo que busca consolidar el apoyo de gobiernos vecinos para aislar a\u00fan m\u00e1s al chavismo.<\/p>\n\n\n\n<p>Fuente: SIPSE<\/p>\n\n\n\n<blockquote class=\"wp-block-quote is-layout-flow wp-block-quote-is-layout-flow\"><\/blockquote>\n","protected":false},"excerpt":{"rendered":"<p>Nicol\u00e1s Maduro asegur\u00f3 a Venezuela que su decisi\u00f3n tiene un trasfondo simb\u00f3lico: \u2018Nada ni nadie en este mundo nos va a quitar el derecho a la felicidad\u2019. El presidente de Venezuela, Nicol\u00e1s Maduro, anunci\u00f3 que, por segundo a\u00f1o consecutivo, la temporada navide\u00f1a en el pa\u00eds comenzar\u00e1 oficialmente el 1 de octubre en un intento por [&hellip;]<\/p>\n","protected":false},"author":2,"featured_media":144767,"comment_status":"open","ping_status":"open","sticky":false,"template":"","format":"standard","meta":{"footnotes":""},"categories":[8],"tags":[],"class_list":["post-144766","post","type-post","status-publish","format-standard","has-post-thumbnail","hentry","category-internacionales"],"_links":{"self":[{"href":"https:\/\/elcuartopoder.com.mx\/nw\/wp-json\/wp\/v2\/posts\/144766","targetHints":{"allow":["GET"]}}],"collection":[{"href":"https:\/\/elcuartopoder.com.mx\/nw\/wp-json\/wp\/v2\/posts"}],"about":[{"href":"https:\/\/elcuartopoder.com.mx\/nw\/wp-json\/wp\/v2\/types\/post"}],"author":[{"embeddable":true,"href":"https:\/\/elcuartopoder.com.mx\/nw\/wp-json\/wp\/v2\/users\/2"}],"replies":[{"embeddable":true,"href":"https:\/\/elcuartopoder.com.mx\/nw\/wp-json\/wp\/v2\/comments?post=144766"}],"version-history":[{"count":1,"href":"https:\/\/elcuartopoder.com.mx\/nw\/wp-json\/wp\/v2\/posts\/144766\/revisions"}],"predecessor-version":[{"id":144768,"href":"https:\/\/elcuartopoder.com.mx\/nw\/wp-json\/wp\/v2\/posts\/144766\/revisions\/144768"}],"wp:featuredmedia":[{"embeddable":true,"href":"https:\/\/elcuartopoder.com.mx\/nw\/wp-json\/wp\/v2\/media\/144767"}],"wp:attachment":[{"href":"https:\/\/elcuartopoder.com.mx\/nw\/wp-json\/wp\/v2\/media?parent=144766"}],"wp:term":[{"taxonomy":"category","embeddable":true,"href":"https:\/\/elcuartopoder.com.mx\/nw\/wp-json\/wp\/v2\/categories?post=144766"},{"taxonomy":"post_tag","embeddable":true,"href":"https:\/\/elcuartopoder.com.mx\/nw\/wp-json\/wp\/v2\/tags?post=144766"}],"curies":[{"name":"wp","href":"https:\/\/api.w.org\/{rel}","templated":true}]}}