{"id":144775,"date":"2025-09-10T09:08:54","date_gmt":"2025-09-10T14:08:54","guid":{"rendered":"https:\/\/elcuartopoder.com.mx\/nw\/?p=144775"},"modified":"2025-09-10T09:08:56","modified_gmt":"2025-09-10T14:08:56","slug":"fuerzas-federales-golpean-mas-a-la-chapiza-que-a-la-mayiza","status":"publish","type":"post","link":"https:\/\/elcuartopoder.com.mx\/nw\/policiacas\/fuerzas-federales-golpean-mas-a-la-chapiza-que-a-la-mayiza\/","title":{"rendered":"Fuerzas federales golpean m\u00e1s a \u2018La Chapiza\u2019 que a \u2018La Mayiza\u2019"},"content":{"rendered":"\n<p>El choque entre facciones del C\u00e1rtel de Sinaloa ha dejado 1,830 homicidios desde que comenz\u00f3 la disputa territorial hace un a\u00f1o.<\/p>\n\n\n\n<p>La\u00a0guerra en Sinaloa\u00a0entre\u00a0\u2018La Chapiza\u2019 y \u2018La Mayiza\u2019\u00a0cumple hoy un a\u00f1o, con saldo de sangre y dolor.<\/p>\n\n\n\n<p>Cifras oficiales revelan que en ese lapso han habido en Sinaloa mil 830 homicidios, delito que registra un alza de 300 por ciento; el&nbsp;<strong>secuestro&nbsp;<\/strong>y&nbsp;<strong>desaparici\u00f3n de personas<\/strong>&nbsp;tambi\u00e9n tienen importantes repuntes.<\/p>\n\n\n\n<p>El gobierno federal ha desplegado a 11 mil elementos federales que, en un a\u00f1o, han detenido a mil 650 personas, entre ellas unos 40 mandos de ambas facciones del\u00a0C\u00e1rtel de Sinaloa, pero la mayor\u00eda son afines a \u2018Los Chapitos\u2019.<\/p>\n\n\n\n<p>La disputa inici\u00f3 en septiembre de 2024, derivado del secuestro de\u00a0Ismael \u2018El Mayo\u2019 Zambada, l\u00edder hist\u00f3rico del C\u00e1rtel de Sinaloa, y su entrega, presuntamente contra su voluntad, a\u00a0<strong>autoridades de Estados Unidos<\/strong>. \u2018El Mayo\u2019 acus\u00f3 a los\u00a0hijos Joaqu\u00edn Guzm\u00e1n, \u2018El Chapo\u2019, su antiguo socio, de su entrega. En dos ocasiones ha pedido que no haya m\u00e1s violencia en Sinaloa.<\/p>\n\n\n\n<p>Mientras, el gobierno de M\u00e9xico no ha celebrado esa captura y, por el contrario, los gobiernos de L\u00f3pez Obrador y\u00a0Claudia Sheinbaum exigieron aclarar la detenci\u00f3n, pues hay sospecha de que agentes de Estados Unidos laboraron en M\u00e9xico sin autorizaci\u00f3n. La respuesta a\u00fan no llega.<\/p>\n\n\n\n<p>La guerra, sin embargo, sigue viva y pese a la presencia de las fuerzas federales los\u00a0homicidios dolosos en Sinaloa\u00a0se mantienen en un promedio de 152 por mes, cinco al d\u00eda o uno cada cinco horas.<\/p>\n\n\n\n<p>Entre los muertos hay&nbsp;<strong>polic\u00edas locales<\/strong>&nbsp;(50), militares o guardias nacionales (10), y&nbsp;<strong>agentes federales<\/strong>, como Guadalupe, elemento de inteligencia de la SSPC, asesinado en un ataque directo.<\/p>\n\n\n\n<p>Mientras, entre los cientos de detenidos no figuran los l\u00edderes de \u2018La Chapiza\u2019 (Iv\u00e1n Archivaldo\u00a0y\u00a0Jes\u00fas Alfredo Guzm\u00e1n Salazar) ni de \u2018La Mayiza\u2019 (Ismael Zambada Sicairos, \u2018El Mayito\u2019 Flaco), pero s\u00ed gente cercana a ellos.<\/p>\n\n\n\n<p>De \u2018La Chapiza\u2019 han sido detenidos&nbsp;<strong>Mauro Alberto N\u00fa\u00f1ez, \u2018El Jando\u2019<\/strong>, piloto y hombre de confianza de Iv\u00e1n Archivaldo;&nbsp;<strong>Kevin Alonso Gil, El 200<\/strong>, jefe de seguridad de Iv\u00e1n Archivaldo y Jes\u00fas Alfredo Guzm\u00e1n.<\/p>\n\n\n\n<p>Y sufri\u00f3 la baja de\u00a0Jorge Humberto Figueroa Ben\u00edtez, El 27 o \u2018El Perris\u2019, cercano a la c\u00fapula de La Chapiza.<\/p>\n\n\n\n<h2 class=\"wp-block-heading\">\u00bfQu\u00e9 operadores de \u2018La Mayiza\u2019 han sido detenidos?<\/h2>\n\n\n\n<p>Por parte de \u2018La Mayiza\u2019, el mayor golpe ha sido la detenci\u00f3n de\u00a0Juan Carlos F\u00e9lix Gast\u00e9lum, \u2018El Chavo\u2019 F\u00e9lix, operador financiero y yerno de \u2018El Mayo\u2019 Zambada, sujeto ya entregado al gobierno de Estados Unidos.<\/p>\n\n\n\n<p>Adem\u00e1s, se han incautado en Sinaloa, desde el 1 de octubre de 2024, 3 mil armas, entre ellas rifles antia\u00e9reos Barret .50 y han decomisado 64 toneladas de droga, incluida una tonelada de fentanilo y 1.8 millones de pastillas de esa misma droga.<\/p>\n\n\n\n<p>Fuente: EF<\/p>\n","protected":false},"excerpt":{"rendered":"<p>El choque entre facciones del C\u00e1rtel de Sinaloa ha dejado 1,830 homicidios desde que comenz\u00f3 la disputa territorial hace un a\u00f1o. La\u00a0guerra en Sinaloa\u00a0entre\u00a0\u2018La Chapiza\u2019 y \u2018La Mayiza\u2019\u00a0cumple hoy un a\u00f1o, con saldo de sangre y dolor. Cifras oficiales revelan que en ese lapso han habido en Sinaloa mil 830 homicidios, delito que registra un [&hellip;]<\/p>\n","protected":false},"author":2,"featured_media":144776,"comment_status":"open","ping_status":"open","sticky":false,"template":"","format":"standard","meta":{"footnotes":""},"categories":[23],"tags":[],"class_list":["post-144775","post","type-post","status-publish","format-standard","has-post-thumbnail","hentry","category-policiacas"],"_links":{"self":[{"href":"https:\/\/elcuartopoder.com.mx\/nw\/wp-json\/wp\/v2\/posts\/144775","targetHints":{"allow":["GET"]}}],"collection":[{"href":"https:\/\/elcuartopoder.com.mx\/nw\/wp-json\/wp\/v2\/posts"}],"about":[{"href":"https:\/\/elcuartopoder.com.mx\/nw\/wp-json\/wp\/v2\/types\/post"}],"author":[{"embeddable":true,"href":"https:\/\/elcuartopoder.com.mx\/nw\/wp-json\/wp\/v2\/users\/2"}],"replies":[{"embeddable":true,"href":"https:\/\/elcuartopoder.com.mx\/nw\/wp-json\/wp\/v2\/comments?post=144775"}],"version-history":[{"count":1,"href":"https:\/\/elcuartopoder.com.mx\/nw\/wp-json\/wp\/v2\/posts\/144775\/revisions"}],"predecessor-version":[{"id":144777,"href":"https:\/\/elcuartopoder.com.mx\/nw\/wp-json\/wp\/v2\/posts\/144775\/revisions\/144777"}],"wp:featuredmedia":[{"embeddable":true,"href":"https:\/\/elcuartopoder.com.mx\/nw\/wp-json\/wp\/v2\/media\/144776"}],"wp:attachment":[{"href":"https:\/\/elcuartopoder.com.mx\/nw\/wp-json\/wp\/v2\/media?parent=144775"}],"wp:term":[{"taxonomy":"category","embeddable":true,"href":"https:\/\/elcuartopoder.com.mx\/nw\/wp-json\/wp\/v2\/categories?post=144775"},{"taxonomy":"post_tag","embeddable":true,"href":"https:\/\/elcuartopoder.com.mx\/nw\/wp-json\/wp\/v2\/tags?post=144775"}],"curies":[{"name":"wp","href":"https:\/\/api.w.org\/{rel}","templated":true}]}}