{"id":144781,"date":"2025-09-10T09:19:55","date_gmt":"2025-09-10T14:19:55","guid":{"rendered":"https:\/\/elcuartopoder.com.mx\/nw\/?p=144781"},"modified":"2025-09-10T09:19:57","modified_gmt":"2025-09-10T14:19:57","slug":"puerto-vallarta-s-o-s","status":"publish","type":"post","link":"https:\/\/elcuartopoder.com.mx\/nw\/policiacas\/puerto-vallarta-s-o-s\/","title":{"rendered":"Puerto Vallarta: S.O.S."},"content":{"rendered":"\n<p>A la protesta pac\u00edfica se le respondi\u00f3 con campa\u00f1as de desprestigio, ciberacoso y amenazas contra las mujeres que alzaron la voz.<\/p>\n\n\n\n<p>Las \u00faltimas semanas han sido ca\u00f3ticas para Puerto Vallarta. El municipio enfrenta deficiencias graves en los servicios p\u00fablicos y la intenci\u00f3n del Cabildo municipal de aumentar la carga financiera de los habitantes -con alzas en tarifas o nuevos cobros como la instalaci\u00f3n de parqu\u00edmetros- ha incrementado la<strong>&nbsp;tensi\u00f3n entre autoridades y ciudadan\u00eda.<\/strong><\/p>\n\n\n\n<p>Esto deriv\u00f3 en una protesta ciudadana que se top\u00f3 con la represi\u00f3n oficial. En los \u00faltimos d\u00edas de agosto, en ese municipio, mientras mujeres, algunas con ni\u00f1os y adultos mayores<strong>&nbsp;exig\u00edan agua y mejores servicios,&nbsp;<\/strong>el Cabildo que encabeza el&nbsp;<strong>alcalde&nbsp;Luis Ernesto Mungu\u00eda,<\/strong>&nbsp;decidi\u00f3 blindarse con 120 personas de centros de rehabilitaci\u00f3n, invitados por&nbsp;<strong>Christian Bravo Carbajal;<\/strong>&nbsp;\u201cnos invit\u00f3 el regidor&nbsp;Titi&nbsp;Bravo\u201d dec\u00edan. Literal les cerraron el paso a los manifestantes e impedirles un derecho b\u00e1sico: presenciar la sesi\u00f3n.<\/p>\n\n\n\n<p>Dentro del propio Ayuntamiento se denunciaron&nbsp;<strong>agresiones sexuales&nbsp;<\/strong>contra trabajadoras municipales, cometidas por esos mismos \u201cinvitados\u201d que deb\u00edan resguardar el orden. Afuera, a la protesta pac\u00edfica se le respondi\u00f3 con campa\u00f1as de desprestigio,&nbsp;<strong>ciberacoso<\/strong>&nbsp;y amenazas contra las mujeres que alzaron la voz.<\/p>\n\n\n\n<p>Hasta el momento ni el alcalde&nbsp;<strong>Mungu\u00eda, ni su Cabildo,<\/strong>&nbsp;han condenado las agresiones. Ni una palabra sobre la violencia sexual o contra el hostigamiento digital. Apenas un tibio deslinde del Instituto de la Mujer a las v\u00edctimas y eso en nada las protege.<\/p>\n\n\n\n<p>En&nbsp;<strong>Vallarta<\/strong>,&nbsp;los habitantes saben que la exigencia ciudadana por servicios b\u00e1sicos se paga muy caro: con intimidaci\u00f3n, violencia y con un&nbsp;gobierno represor.<\/p>\n\n\n\n<p><strong>***<\/strong><\/p>\n\n\n\n<p><strong>EL TUC\u00c1N CON ALAS PRESTADAS.&nbsp;<\/strong>El&nbsp;<strong>PVEM&nbsp;<\/strong>presume fuerza, pero la realidad lo pone en su lugar: s\u00f3lo gobierna un estado y, seg\u00fan la m\u00e1s reciente encuesta publicada en&nbsp;<strong>El Heraldo de M\u00e9xico&nbsp;<\/strong>en alianza con&nbsp;<strong>QM Estudios de Opini\u00f3n,&nbsp;<\/strong>ni ah\u00ed est\u00e1 arriba en las preferencias. A&nbsp;<strong>San Luis Potos\u00ed,&nbsp;<\/strong>su \u00fanico basti\u00f3n, lo perder\u00eda si va en solitario.<\/p>\n\n\n\n<p>Al Verde no le alcanza para competir solo, ha vivido a costa de los partidos en el poder, as\u00ed lo hizo con el<strong>&nbsp;PRI,<\/strong>&nbsp;con el&nbsp;<strong>PAN<\/strong>&nbsp;y ahora con Morena, por eso no sorprende su actitud, aunque deber\u00eda de dejar la soberbia.<\/p>\n\n\n\n<p>Las grietas en la alianza se acumulan. En Tamaulipas, la dirigente morenista&nbsp;<strong>Mar\u00eda Guadalupe G\u00f3mez&nbsp;<\/strong>descalific\u00f3 al Verde como un \u201ccascar\u00f3n pol\u00edtico\u201d. En San Luis Potos\u00ed,&nbsp;<strong>Luisa Mar\u00eda Alcalde<\/strong>&nbsp;fue tajante: no habr\u00e1 candidaturas familiares, como pretende el gobernador&nbsp;<strong>Ricardo Gallardo&nbsp;<\/strong>con su esposa<strong>&nbsp;Ruth Gonz\u00e1lez.&nbsp;<\/strong>En Quintana Roo, la gobernadora<strong>&nbsp;Mara Lezama&nbsp;<\/strong>se deslind\u00f3 sin rodeos: \u201cni los calzones verdes tiene\u201d. Y en Zacatecas, Guerrero y Veracruz, los roces entre morenistas y el Verde siguen sin resolverse.<\/p>\n\n\n\n<p>El a\u00f1o 2027 est\u00e1 cerca y las alianzas ser\u00e1n la diferencia entre gobernar o regresar a la irrelevancia. El Verde puede inflar el pecho, pero&nbsp;<strong>los datos no mienten.<\/strong><\/p>\n\n\n\n<p>Fuente: Heraldo de M\u00e9xico<\/p>\n","protected":false},"excerpt":{"rendered":"<p>A la protesta pac\u00edfica se le respondi\u00f3 con campa\u00f1as de desprestigio, ciberacoso y amenazas contra las mujeres que alzaron la voz. Las \u00faltimas semanas han sido ca\u00f3ticas para Puerto Vallarta. El municipio enfrenta deficiencias graves en los servicios p\u00fablicos y la intenci\u00f3n del Cabildo municipal de aumentar la carga financiera de los habitantes -con alzas [&hellip;]<\/p>\n","protected":false},"author":2,"featured_media":144782,"comment_status":"open","ping_status":"open","sticky":false,"template":"","format":"standard","meta":{"footnotes":""},"categories":[23],"tags":[],"class_list":["post-144781","post","type-post","status-publish","format-standard","has-post-thumbnail","hentry","category-policiacas"],"_links":{"self":[{"href":"https:\/\/elcuartopoder.com.mx\/nw\/wp-json\/wp\/v2\/posts\/144781","targetHints":{"allow":["GET"]}}],"collection":[{"href":"https:\/\/elcuartopoder.com.mx\/nw\/wp-json\/wp\/v2\/posts"}],"about":[{"href":"https:\/\/elcuartopoder.com.mx\/nw\/wp-json\/wp\/v2\/types\/post"}],"author":[{"embeddable":true,"href":"https:\/\/elcuartopoder.com.mx\/nw\/wp-json\/wp\/v2\/users\/2"}],"replies":[{"embeddable":true,"href":"https:\/\/elcuartopoder.com.mx\/nw\/wp-json\/wp\/v2\/comments?post=144781"}],"version-history":[{"count":1,"href":"https:\/\/elcuartopoder.com.mx\/nw\/wp-json\/wp\/v2\/posts\/144781\/revisions"}],"predecessor-version":[{"id":144783,"href":"https:\/\/elcuartopoder.com.mx\/nw\/wp-json\/wp\/v2\/posts\/144781\/revisions\/144783"}],"wp:featuredmedia":[{"embeddable":true,"href":"https:\/\/elcuartopoder.com.mx\/nw\/wp-json\/wp\/v2\/media\/144782"}],"wp:attachment":[{"href":"https:\/\/elcuartopoder.com.mx\/nw\/wp-json\/wp\/v2\/media?parent=144781"}],"wp:term":[{"taxonomy":"category","embeddable":true,"href":"https:\/\/elcuartopoder.com.mx\/nw\/wp-json\/wp\/v2\/categories?post=144781"},{"taxonomy":"post_tag","embeddable":true,"href":"https:\/\/elcuartopoder.com.mx\/nw\/wp-json\/wp\/v2\/tags?post=144781"}],"curies":[{"name":"wp","href":"https:\/\/api.w.org\/{rel}","templated":true}]}}