{"id":144886,"date":"2025-09-11T15:50:49","date_gmt":"2025-09-11T20:50:49","guid":{"rendered":"https:\/\/elcuartopoder.com.mx\/nw\/?p=144886"},"modified":"2025-09-11T15:50:51","modified_gmt":"2025-09-11T20:50:51","slug":"detiene-fge-de-quintana-roo-a-dos-sujetos-por-violacion-a-menores-en-cancun","status":"publish","type":"post","link":"https:\/\/elcuartopoder.com.mx\/nw\/policiacas\/detiene-fge-de-quintana-roo-a-dos-sujetos-por-violacion-a-menores-en-cancun\/","title":{"rendered":"Detiene FGE de Quintana Roo a dos sujetos por violaci\u00f3n a menores en Canc\u00fan"},"content":{"rendered":"\n<p><strong>BENITO JU\u00c1REZ, MX.-<\/strong>&nbsp;Por su presunta relaci\u00f3n en hechos posiblemente constitutivos del delito de violaci\u00f3n, en agravio de v\u00edctimas menores de edad, de identidad reservada, la Fiscal\u00eda General del Estado, a trav\u00e9s de la Fiscal\u00eda Especializada en Combate a Delitos Sexuales y el Libre Desarrollo de la Personalidad, cumpliment\u00f3 por separado, \u00f3rdenes de aprehensi\u00f3n para dos sujetos, en este municipio.<\/p>\n\n\n\n<p>El primer detenido es identificado como Amisaday \u201cN\u201d, quien, aprovechando su cercan\u00eda familiar con la v\u00edctima del sexo masculino, presuntamente cometi\u00f3 el delito mencionado desde que el menor contaba con siete a\u00f1os de edad (actualmente tiene ocho a\u00f1os), repiti\u00e9ndolo cada vez que llevaban a la v\u00edctima a su casa, ubicada en el fraccionamiento Tierra Maya de la Supermanzana 105.<\/p>\n\n\n\n<p>Luego de que el menor reuni\u00f3 el valor para decirle a su madre lo que ocurr\u00eda, ella present\u00f3 la denuncia correspondiente, por lo que esta Representaci\u00f3n Social solicit\u00f3 y obtuvo de un Juez de Control la orden de aprehensi\u00f3n, misma que fue ejecutada por Polic\u00edas de Investigaci\u00f3n.<\/p>\n\n\n\n<p>La segunda orden de aprehensi\u00f3n ejecutada fue en contra de V\u00edctor \u201cN\u201d, quien es se\u00f1alado por la v\u00edctima, de su n\u00facleo familiar, de presuntos actos constitutivos de violaci\u00f3n; por separado, otro sujeto allegado a la familia presuntamente tambi\u00e9n cometi\u00f3 ese il\u00edcito en agravio de la menor.<\/p>\n\n\n\n<p>Los hechos ocurrieron desde el a\u00f1o 2019, en el domicilio familiar ubicado en el fraccionamiento Villas del Mar de la Supermanzana 248; la menor no dec\u00eda nada, ya que estaba amenazada por el se\u00f1alado, de que, si hablaba, lastimar\u00eda a su madre, lo cual ella crey\u00f3, porque sab\u00eda que \u00e9l ten\u00eda dos armas de fuego en la casa.<\/p>\n\n\n\n<p>Una vez cumplidas las diligencias de ley, Amisaday \u201cN\u201d y V\u00edctor \u201cN\u201d fueron puestos a disposici\u00f3n de la autoridad que los requiri\u00f3; en el t\u00e9rmino constitucional previsto el Juez definir\u00e1 su situaci\u00f3n jur\u00eddica. <\/p>\n\n\n\n<p>Fuente: Con informaci\u00f3n de la Fiscal\u00eda General del Estado \/ NC<\/p>\n","protected":false},"excerpt":{"rendered":"<p>BENITO JU\u00c1REZ, MX.-&nbsp;Por su presunta relaci\u00f3n en hechos posiblemente constitutivos del delito de violaci\u00f3n, en agravio de v\u00edctimas menores de edad, de identidad reservada, la Fiscal\u00eda General del Estado, a trav\u00e9s de la Fiscal\u00eda Especializada en Combate a Delitos Sexuales y el Libre Desarrollo de la Personalidad, cumpliment\u00f3 por separado, \u00f3rdenes de aprehensi\u00f3n para dos [&hellip;]<\/p>\n","protected":false},"author":2,"featured_media":144887,"comment_status":"open","ping_status":"open","sticky":false,"template":"","format":"standard","meta":{"footnotes":""},"categories":[23],"tags":[],"class_list":["post-144886","post","type-post","status-publish","format-standard","has-post-thumbnail","hentry","category-policiacas"],"_links":{"self":[{"href":"https:\/\/elcuartopoder.com.mx\/nw\/wp-json\/wp\/v2\/posts\/144886","targetHints":{"allow":["GET"]}}],"collection":[{"href":"https:\/\/elcuartopoder.com.mx\/nw\/wp-json\/wp\/v2\/posts"}],"about":[{"href":"https:\/\/elcuartopoder.com.mx\/nw\/wp-json\/wp\/v2\/types\/post"}],"author":[{"embeddable":true,"href":"https:\/\/elcuartopoder.com.mx\/nw\/wp-json\/wp\/v2\/users\/2"}],"replies":[{"embeddable":true,"href":"https:\/\/elcuartopoder.com.mx\/nw\/wp-json\/wp\/v2\/comments?post=144886"}],"version-history":[{"count":1,"href":"https:\/\/elcuartopoder.com.mx\/nw\/wp-json\/wp\/v2\/posts\/144886\/revisions"}],"predecessor-version":[{"id":144888,"href":"https:\/\/elcuartopoder.com.mx\/nw\/wp-json\/wp\/v2\/posts\/144886\/revisions\/144888"}],"wp:featuredmedia":[{"embeddable":true,"href":"https:\/\/elcuartopoder.com.mx\/nw\/wp-json\/wp\/v2\/media\/144887"}],"wp:attachment":[{"href":"https:\/\/elcuartopoder.com.mx\/nw\/wp-json\/wp\/v2\/media?parent=144886"}],"wp:term":[{"taxonomy":"category","embeddable":true,"href":"https:\/\/elcuartopoder.com.mx\/nw\/wp-json\/wp\/v2\/categories?post=144886"},{"taxonomy":"post_tag","embeddable":true,"href":"https:\/\/elcuartopoder.com.mx\/nw\/wp-json\/wp\/v2\/tags?post=144886"}],"curies":[{"name":"wp","href":"https:\/\/api.w.org\/{rel}","templated":true}]}}