{"id":144892,"date":"2025-09-11T15:55:38","date_gmt":"2025-09-11T20:55:38","guid":{"rendered":"https:\/\/elcuartopoder.com.mx\/nw\/?p=144892"},"modified":"2025-09-11T15:55:39","modified_gmt":"2025-09-11T20:55:39","slug":"el-gobierno-aprueba-la-nueva-ley-antitabaco-no-se-podra-fumar-en-terrazas-de-bares-conciertos-ni-campus-universitarios","status":"publish","type":"post","link":"https:\/\/elcuartopoder.com.mx\/nw\/entretenimiento\/salud\/el-gobierno-aprueba-la-nueva-ley-antitabaco-no-se-podra-fumar-en-terrazas-de-bares-conciertos-ni-campus-universitarios\/","title":{"rendered":"El Gobierno aprueba la nueva ley antitabaco: no se podr\u00e1 fumar en terrazas de bares, conciertos ni campus universitarios"},"content":{"rendered":"\n<p>Se proh\u00edbe por primera vez fumar y vapear a los menores, que se expondr\u00e1n a multas, pues los cigarrillos electr\u00f3nicos tendr\u00e1n las mismas restricciones que los convencionales.<\/p>\n\n\n\n<p>El Consejo de Ministros ha dado luz verde este martes a la nueva ley antitabaco por la que, entre otras cosas, no se podr\u00e1 fumar en terrazas de bares y restaurantes. La norma aprobada ampl\u00eda el veto al tabaco, pero queda bastante lejos&nbsp;<a href=\"https:\/\/www.abc.es\/sociedad\/sanidad-pierde-batalla-gobierno-aprobara-ley-antitabaco-20250906041642-nt.html\">de las intenciones que ten\u00eda M\u00f3nica Garc\u00eda cuando asumi\u00f3 la cartera de Sanidad<\/a>, pues deja fuera dos de las principales medidas m\u00e1s reclamadas por sociedades cient\u00edficas: la subida de precios y<a href=\"https:\/\/www.abc.es\/sociedad\/sanidad-elimina-empaquetado-generico-ley-antitabaco-falta-20250905100934-nt.html\">&nbsp;el empaquetado gen\u00e9rico<\/a>. La primera, aunque constaba en las primeras versiones del plan de prevenci\u00f3n de tabaco \u2014la hoja de ruta que marcaba las normas que se iban a desarrollar al respecto\u2014 fue eliminada en el \u00faltimo documento, el que recibi\u00f3 el visto bueno del Ejecutivo. La segunda, que consist\u00eda en la desaparici\u00f3n de los dise\u00f1os de las cajetillas para que todas fueran neutras, independientemente de la marca, tampoco se llevar\u00e1 a cabo por discrepancias entre los socios de Gobierno.<\/p>\n\n\n\n<p>Aun as\u00ed, la norma acorrala al tabaco, especialmente en lo que se refiere a espacios exteriores, pues aumenta los lugares en los que estar\u00e1 prohibido encender un cigarrillo o fumar un v\u00e1per. Pero aunque las prohibiciones son claras por ejemplo en el caso de las terrazas de los bares o en marquesinas de transporte p\u00fablico, el anteproyecto deja a\u00fan en el aire otras situaciones que, seg\u00fan explican fuentes del departamento de M\u00f3nica Garc\u00eda, se ir\u00e1n definiendo durante la tramitaci\u00f3n de la norma, a la que todav\u00eda le quedan varios meses \u2014como poco\u2014 para entrar en vigor y convertirse en una realidad.<\/p>\n\n\n\n<h3 class=\"wp-block-heading\">\u00bfD\u00f3nde estar\u00e1 prohibido fumar?<\/h3>\n\n\n\n<p>El anteproyecto de la ley antitabaco contempla la prohibici\u00f3n de fumar, adem\u00e1s de en espacios cerrados, en otros al aire libre, como en terrazas de bares, instalaciones deportivas, como piscinas de uso colectivo, parques infantiles, estaciones de transporte, paradas o marquesinas o centros educativos. Tambi\u00e9n en recintos donde se desarrollen espect\u00e1culos p\u00fablicos, como conciertos al aire libre. Se puede entender que el tabaco tampoco estar\u00e1 permitido en festivales de m\u00fasica o durante las actuaciones de orquestas en fiestas populares, pero fuentes de Sanidad no aclaran si la norma afectar\u00e1 a estos supuestos e inciden en que se esclarecer\u00e1 durante su tramitaci\u00f3n.<\/p>\n\n\n\n<h3 class=\"wp-block-heading\">Un per\u00edmetro de 15 metros<\/h3>\n\n\n\n<p>Tampoco se podr\u00e1 fumar en los exteriores de centros sanitarios, educativos, universitarios y sociales, como los campus universitarios. En concreto, el tabaco y resto de productos derivados estar\u00e1n vetados en un per\u00edmetro de 15 metros alrededor de estos centros. Del mismo modo, el tabaco estar\u00e1 prohibido en los veh\u00edculos de transporte con conductor o en los de trabajo, como las furgonetas de reparto.<\/p>\n\n\n\n<h3 class=\"wp-block-heading\">\u00bfSe podr\u00e1 vapear en las terrazas?<\/h3>\n\n\n\n<p>Estas prohibiciones no se limitan a los cigarrillos convencionales, pues se extienden tambi\u00e9n a los electr\u00f3nicos, tanto con nicotina como sin ella, de manera que afectan tambi\u00e9n a<a href=\"https:\/\/www.abc.es\/sevilla\/salud\/jose-manuel-gallardo-medico-neumologo-vapear-puede-20250826120700-nts.html\">&nbsp;los v\u00e1per<\/a>. La norma impondr\u00e1 las mismas restricciones que tendr\u00e1 el tabaco a estos nuevos productos, en los que adem\u00e1s de los anteriormente mencionados se incluir\u00e1n tambi\u00e9n los compuestos a base de hierbas como las shishas o los dispositivos para el consumo de productos calentados. Las bolsitas de nicotina se libran de estas restricciones.<\/p>\n\n\n\n<h3 class=\"wp-block-heading\">Adi\u00f3s al v\u00e1per de un solo uso y multas a los menores que fumen<\/h3>\n\n\n\n<p>La venta de tabaco ya est\u00e1 prohibida para menores de edad. Pero ahora, el anteproyecto veta tambi\u00e9n el consumo de tabaco y productos relacionados, es decir, de los v\u00e1per, por ejemplo, para esta parte de la poblaci\u00f3n, de manera que se podr\u00e1 multar a menores de edad que fumen en cualquiera de sus formas o que consuman bolsitas de nicotina. Adem\u00e1s, se proh\u00edbe la venta y suministro de los cigarrillos electr\u00f3nicos de un solo uso o desechables, que en los \u00faltimos a\u00f1os han ganado popularidad entre los m\u00e1s j\u00f3venes, especialmente en entornos festivos. Adem\u00e1s de por este motivo, Sanidad justifica su veto en el impacto que tienen estos productos para el medio ambiente. \u00abEs un producto especialmente grave o da\u00f1ino con el medio ambiente\u00bb, ha defendido M\u00f3nica Garc\u00eda en la rueda de prensa posterior al Consejo de Ministros, que se ha referido tambi\u00e9n a que estos productos \u00abenganchan\u00bb a los m\u00e1s j\u00f3venes al tabaquismo por ser \u00abbaratos, con sabores dulces o envoltorios llamativos\u00bb.<\/p>\n\n\n\n<h3 class=\"wp-block-heading\">Se\u00f1ales visibles que indiquen que est\u00e1 prohibido<\/h3>\n\n\n\n<p>La ley obligar\u00e1 a los responsables de espacios donde est\u00e9 prohibido fumar, como a los hosteleros, a colocar se\u00f1alizaci\u00f3n visible en sus locales que informen del veto.<\/p>\n\n\n\n<p>Adem\u00e1s, la nueva regulaci\u00f3n tambi\u00e9n prohibir\u00e1 todo tipo de publicidad de tabaco y productos derivados, tanto directa como indirecta. Se incluyen en este punto, adem\u00e1s de anuncios en medios impresos, audiovisuales, digitales o redes sociales, la distribuci\u00f3n de muestras o descuentos, del mismo modo que la publicidad en equipamientos, instalaciones y mobiliario situados en espacios de uso p\u00fablico o colectivo, incluidos los presentes en bares, discotecas, terrazas u otros establecimientos de ocio. Esto incluye r\u00f3tulos, carteles, mobiliario urbano o de hosteler\u00eda que incorpore logotipos, im\u00e1genes o referencias a marcas de productos del tabaco o productos relacionados.<\/p>\n\n\n\n<p>Las empresas del sector del tabaco tampoco podr\u00e1n patrocinar actividades, eventos o contenidos. Tampoco podr\u00e1n aparecer sus marcas en publicaciones, festivales, actividades culturales o deportivas, tanto presenciales como digitales.<\/p>\n\n\n\n<h3 class=\"wp-block-heading\">\u00bfCu\u00e1ndo entrar\u00e1 en vigor la nueva ley antitabaco?<\/h3>\n\n\n\n<p>A la norma a\u00fan le queda recorrido para ser una realidad, es decir, la prohibici\u00f3n de fumar en terrazas no empieza ya. Lo que ha hecho este martes el Consejo de Ministros es aprobar el anteproyecto de la ley antitabaco, que ahora sale a audiencia p\u00fablica, lo que significa que las sociedades, comunidades o industria pueden enviar sus alegaciones. Cuando termine ese per\u00edodo de tiempo, el ministerio deber\u00e1 volver a examinar el texto e introducir o no las que considere oportunas. Cuando ya tenga un texto definitivo deber\u00e1 volver a pasar por Consejo de Ministros y, tras obtener el visto bueno, pasar por el Congreso y el Senado. Solo si consigue los apoyos suficientes en el Parlamento entrar\u00e1 en vigor, por lo que como m\u00ednimo pasar\u00e1n varios meses hasta que las prohibiciones se materialicen.<\/p>\n\n\n\n<h3 class=\"wp-block-heading\">Sanciones econ\u00f3micas<\/h3>\n\n\n\n<p>La nueva ley antitabaco actualiza las infracciones, cuant\u00edas y responsabilidades que se contemplan en la actual legislaci\u00f3n para incluir las nuevas restricciones. Las multas, ha dicho la ministra de Sanidad, M\u00f3nica Garc\u00eda, ser\u00e1n de hasta 600.000 euros. Se establece un periodo transitorio de 12 meses para permitir a los fabricantes adaptar sus productos al nuevo marco legal, as\u00ed como para permitir el agotamiento de existencias de cigarrillos electr\u00f3nicos de un solo uso. Es decir, en cuanto entre en vigor la norma, los v\u00e1per de un solo uso se podr\u00e1n seguir adquiriendo durante un a\u00f1o.<\/p>\n\n\n\n<h3 class=\"wp-block-heading\">Informes cada dos a\u00f1os<\/h3>\n\n\n\n<p>La norma establece tambi\u00e9n la creaci\u00f3n de un Observatorio para la Prevenci\u00f3n del Tabaquismo en el que adem\u00e1s del Gobierno participar\u00e1n las sociedades cient\u00edficas y la sociedad civil y que cada dos a\u00f1os realizar\u00e1 un informe de seguimiento sobre la evoluci\u00f3n de la ley, su aplicaci\u00f3n y los resultados de la misma para la salud p\u00fablica, entre otras. Mediante la ley, ha explicado Garc\u00eda, tambi\u00e9n se impulsar\u00e1n programas de prevenci\u00f3n, educaci\u00f3n y cesaci\u00f3n tab\u00e1quica.<\/p>\n\n\n\n<p>Fuente:ABC<\/p>\n","protected":false},"excerpt":{"rendered":"<p>Se proh\u00edbe por primera vez fumar y vapear a los menores, que se expondr\u00e1n a multas, pues los cigarrillos electr\u00f3nicos tendr\u00e1n las mismas restricciones que los convencionales. El Consejo de Ministros ha dado luz verde este martes a la nueva ley antitabaco por la que, entre otras cosas, no se podr\u00e1 fumar en terrazas de [&hellip;]<\/p>\n","protected":false},"author":2,"featured_media":144893,"comment_status":"open","ping_status":"open","sticky":false,"template":"","format":"standard","meta":{"footnotes":""},"categories":[56],"tags":[],"class_list":["post-144892","post","type-post","status-publish","format-standard","has-post-thumbnail","hentry","category-salud"],"_links":{"self":[{"href":"https:\/\/elcuartopoder.com.mx\/nw\/wp-json\/wp\/v2\/posts\/144892","targetHints":{"allow":["GET"]}}],"collection":[{"href":"https:\/\/elcuartopoder.com.mx\/nw\/wp-json\/wp\/v2\/posts"}],"about":[{"href":"https:\/\/elcuartopoder.com.mx\/nw\/wp-json\/wp\/v2\/types\/post"}],"author":[{"embeddable":true,"href":"https:\/\/elcuartopoder.com.mx\/nw\/wp-json\/wp\/v2\/users\/2"}],"replies":[{"embeddable":true,"href":"https:\/\/elcuartopoder.com.mx\/nw\/wp-json\/wp\/v2\/comments?post=144892"}],"version-history":[{"count":1,"href":"https:\/\/elcuartopoder.com.mx\/nw\/wp-json\/wp\/v2\/posts\/144892\/revisions"}],"predecessor-version":[{"id":144894,"href":"https:\/\/elcuartopoder.com.mx\/nw\/wp-json\/wp\/v2\/posts\/144892\/revisions\/144894"}],"wp:featuredmedia":[{"embeddable":true,"href":"https:\/\/elcuartopoder.com.mx\/nw\/wp-json\/wp\/v2\/media\/144893"}],"wp:attachment":[{"href":"https:\/\/elcuartopoder.com.mx\/nw\/wp-json\/wp\/v2\/media?parent=144892"}],"wp:term":[{"taxonomy":"category","embeddable":true,"href":"https:\/\/elcuartopoder.com.mx\/nw\/wp-json\/wp\/v2\/categories?post=144892"},{"taxonomy":"post_tag","embeddable":true,"href":"https:\/\/elcuartopoder.com.mx\/nw\/wp-json\/wp\/v2\/tags?post=144892"}],"curies":[{"name":"wp","href":"https:\/\/api.w.org\/{rel}","templated":true}]}}