{"id":145335,"date":"2025-09-19T14:49:46","date_gmt":"2025-09-19T19:49:46","guid":{"rendered":"https:\/\/elcuartopoder.com.mx\/nw\/?p=145335"},"modified":"2025-09-19T14:49:48","modified_gmt":"2025-09-19T19:49:48","slug":"gestionan-amparos-para-andres-y-gonzalo-hijos-de-amlo-ellos-no-estaban-enterados","status":"publish","type":"post","link":"https:\/\/elcuartopoder.com.mx\/nw\/nacionales\/gestionan-amparos-para-andres-y-gonzalo-hijos-de-amlo-ellos-no-estaban-enterados\/","title":{"rendered":"Gestionan amparos para Andr\u00e9s y Gonzalo, hijos de AMLO. Ellos no estaban enterados"},"content":{"rendered":"\n<figure class=\"wp-block-embed is-type-video is-provider-youtube wp-block-embed-youtube wp-embed-aspect-16-9 wp-has-aspect-ratio\"><div class=\"wp-block-embed__wrapper\">\n<iframe loading=\"lazy\" title=\"#An\u00e1lisis \u00ac Complot contra los hijos de AMLO\" width=\"696\" height=\"392\" src=\"https:\/\/www.youtube.com\/embed\/g1PqwNMyH8s?feature=oembed\" frameborder=\"0\" allow=\"accelerometer; autoplay; clipboard-write; encrypted-media; gyroscope; picture-in-picture; web-share\" referrerpolicy=\"strict-origin-when-cross-origin\" allowfullscreen><\/iframe>\n<\/div><\/figure>\n\n\n\n<h2 class=\"wp-block-heading\"><strong>Los juicios de amparo promovidos a favor de Andr\u00e9s Manuel L\u00f3pez Beltr\u00e1n y su hermano Gonzalo L\u00f3pez Beltr\u00e1n en Ciudad de M\u00e9xico, Tabasco y Zacatecas carecen de la firma de los promoventes.<\/strong><\/h2>\n\n\n\n<p>Ciudad de M\u00e9xico, 17 de septiembre (SinEmbargo).- Los abogados Francisco Javier Rodriguez Smith Macdonald y Eribel Mej\u00eda Barrios promovieron amparos a nombre del Secretario de Organizaci\u00f3n de Morena,\u00a0<strong>Andr\u00e9s Manuel L\u00f3pez Beltr\u00e1n<\/strong>\u00a0y su hermano\u00a0<strong>Gonzalo L\u00f3pez Beltr\u00e1n<\/strong>, hijos del expresidente<strong>\u00a0Andr\u00e9s Manuel L\u00f3pez Obrador<\/strong>, contra posibles \u00f3rdenes de aprehensi\u00f3n o actos para incomunicarlos o forzar su desaparici\u00f3n sin que ellos estuvieran enterados.<\/p>\n\n\n\n<p>\u201cEl Secretario de Organizaci\u00f3n no solicit\u00f3 nada, por eso no est\u00e1 su firma. Tampoco autoriz\u00f3\u201d, confirm\u00f3 a&nbsp;<strong>SinEmbargo<\/strong>&nbsp;una fuente de Morena.<\/p>\n\n\n\n<blockquote class=\"wp-block-quote is-layout-flow wp-block-quote-is-layout-flow\"><\/blockquote>\n\n\n\n<p>Se trata de tres juicios de amparo promovidos por Francisco Javier Rodriguez Smith Macdonald, en la Ciudad de M\u00e9xico y Zacatecas; y por Eribel Mej\u00eda Barrios, en Tabasco, quienes se ostentan como sus representantes, pero carecen de firma de los promoventes.<\/p>\n\n\n\n<ul class=\"wp-block-list\">\n<li>Juicio de amparo 1447\/2025, presentado en el Juzgado Primero de Distrito en el Estado de Tabasco, Jueza Sandra Adriana Carbajal Diaz.<\/li>\n\n\n\n<li>Juicio de amparo 1728\/2025, presentado en el Juzgado Noveno de Distrito en Materia Administrativa en la Ciudad de M\u00e9xico, Jueza Ver\u00f3nica Yessel Beltr\u00e1n Murgu\u00eda.<\/li>\n\n\n\n<li>Juicio de amparo 2098\/2025, presentado en el Juzgado Segundo de Distrito en el Estado de Zacatecas, Jueza Mar\u00eda Citlallic Vizcaya Zamudio<\/li>\n<\/ul>\n\n\n\n<p>En los recursos promovidos se reclama la presunta incomunicaci\u00f3n, la no localizaci\u00f3n, la ilegal detenci\u00f3n y privaci\u00f3n de la vida, por hechos consistentes en delitos de delincuencia organizada, evasi\u00f3n fiscal y tr\u00e1fico de hidrocarburos; y se solicita la suspensi\u00f3n de plano para cesar ejecuci\u00f3n de los actos reclamados.<\/p>\n\n\n\n<figure class=\"wp-block-embed is-type-video is-provider-youtube wp-block-embed-youtube wp-embed-aspect-16-9 wp-has-aspect-ratio\"><div class=\"wp-block-embed__wrapper\">\n<iframe loading=\"lazy\" title=\"#An\u00e1lisis\u00ac Andr\u00e9s Manuel L\u00f3pez Beltr\u00e1n se defiende de acusaciones por resultados en Durango-Veracruz\" width=\"696\" height=\"392\" src=\"https:\/\/www.youtube.com\/embed\/O1Ge7kdjXIg?feature=oembed\" frameborder=\"0\" allow=\"accelerometer; autoplay; clipboard-write; encrypted-media; gyroscope; picture-in-picture; web-share\" referrerpolicy=\"strict-origin-when-cross-origin\" allowfullscreen><\/iframe>\n<\/div><\/figure>\n\n\n\n<p>Aunque los tres amparos carecen de la firma de los promoventes, esto no impide la promoci\u00f3n del juicio de amparo indirecto en t\u00e9rminos del art\u00edculo 15 de la Ley de Amparo, ya que se considera de car\u00e1cter urgente ante la naturaleza de los actos reclamados (incomunicaci\u00f3n y privaci\u00f3n de la vida, entre otros).<\/p>\n\n\n\n<p>En el recurso promovido por Francisco Javier Rodr\u00edguez Smith Macdonald tambi\u00e9n se incluye a C\u00e9sar Reyna Carrillo, Juan Carlos Madero Larios, Miguel \u00c1ngel Solano Ruiz, Diana Heleyn Foullon G\u00f3mez, Roberto Blanco Cant\u00fa, Fernando Far\u00edas Laguna, Carlos Estudillo Villalobos, Sergio Varela, Bertha Elizabeth Castro, Elvira X\u00f3chitl Palomo, Ismael Rica\u00f1o Mat\u00edas, Anatalia Joselin Guti\u00e9rrez, Ra\u00fal Mendoza y Ra\u00fal Torres \u00abcontra actos del titular de la Fiscal\u00eda General de Justicia del estado de Zacatecas y otras autoridades\u00bb.<\/p>\n\n\n\n<h2 class=\"wp-block-heading\">Andr\u00e9s Manuel L\u00f3pez Beltr\u00e1n acusa montaje y pide investigaci\u00f3n<\/h2>\n\n\n\n<p>En un comunicado, el Secretario de Organizaci\u00f3n de Morena, aclar\u00f3 que \u00aben ning\u00fan momento, ni mi hermano Gonzalo ni un servidor tramitamos ninguna demanda de amparo\u00bb y afirm\u00f3 que tampoco conocen a los tramitantes, por lo que pidi\u00f3 al Poder Judicial investigar el caso.<\/p>\n\n\n\n<p>\u00abNo conocemos a los tramitantes de dicho amparo y sospechamos que dicha acci\u00f3n est\u00e1 motivada y fomentada por nuestros adversarios para vincularnos a un tema y actores con los cuales no tenemos ninguna relaci\u00f3n. Se trata, una vez m\u00e1s, de un montaje. Renunciamos tajantemente a dicho tr\u00e1mite y solicitamos al \u00e1rea correspondiente del Poder Judicial que investigue sobre el caso, ya que sabemos que no se trata de un s\u00f3lo tr\u00e1mite, sino de muchos realizados en varios juzgados. Esta es una operaci\u00f3n malintencionada planeada y orquestada desde varios frentes\u00bb, denunci\u00f3 en un comunicado compartido en sus redes sociales.<\/p>\n\n\n\n<blockquote class=\"wp-block-quote is-layout-flow wp-block-quote-is-layout-flow\"><\/blockquote>\n\n\n\n<figure class=\"wp-block-image\" id=\"attachment_4701885\"><img decoding=\"async\" src=\"https:\/\/www.sinembargo.mx\/wp-content\/uploads\/2025\/09\/andres-manuel-lopez-beltran-amparo.jpg?x90669\" alt=\"\" class=\"wp-image-4701885\"\/><figcaption class=\"wp-element-caption\">Foto: Captura de pantalla<\/figcaption><\/figure>\n\n\n\n<p>A la par, acus\u00f3 una \u00abcampa\u00f1a de desprestigio que est\u00e1 tratando de relacionarnos a m\u00ed y a nuestra familia con una pr\u00e1ctica delictiva con la cual no s\u00f3lo no tenemos nada que ver, sino que estamos de acuerdo en continuar con su combate y desmantelamiento\u00bb.<\/p>\n\n\n\n<p>Finalmente, L\u00f3pez Beltr\u00e1n reiter\u00f3 su apoyo a las decisiones tomadas por la Presidenta Claudia Sheinbaum Pardo y a las acciones tomadas para solucionar este problema de seguridad en el pa\u00eds.<\/p>\n\n\n\n<p>\u00abDesde muy j\u00f3venes en nuestro hogar aprendimos a lidiar con este tipo de ataques. No nos sorprenden y, en algunos casos, se convierten en un timbre de orgullo por siempre venir de quienes tanto da\u00f1o hicieron al pa\u00eds. Tambi\u00e9n son un recordatorio de siempre y por convicci\u00f3n seguir llevando nuestra vida rectamente, siguiendo el ejemplo de nuestros m\u00e1ximos dirigentes nacionales\u00bb, expres\u00f3 el Secretario de Organizaci\u00f3n de Morena.<\/p>\n\n\n\n<blockquote class=\"wp-block-quote is-layout-flow wp-block-quote-is-layout-flow\"><\/blockquote>\n\n\n\n<p>Por su parte, el abogado Juan Francisco Rodr\u00edguez Smith Mac Donald aclar\u00f3 en entrevista para&nbsp;<em>El Universal<\/em>&nbsp;que jam\u00e1s ha solicitado ni tramitado ning\u00fan amparo a favor de Gonzalo y Andr\u00e9s Manuel L\u00f3pez Beltr\u00e1n, ni las dem\u00e1s personas que se han mencionado en un supuesto documento que ha circulado a nivel nacional, por lo que denunciar\u00e1 ante la Fiscal\u00eda de Zacatecas por los delitos de \u201cusurpaci\u00f3n o suplantaci\u00f3n de identidad, falsificaci\u00f3n de documentos y lo que resulte\u201d.<\/p>\n\n\n\n<p>El defensor se dijo preocupado porque \u201calguien est\u00e1 suplantando su identidad para realizar tr\u00e1mites judiciales en casos de personajes de mucho peso\u201d, pues record\u00f3 al medio que hace tres a\u00f1os tambi\u00e9n se us\u00f3 su nombre para un caso relacionado con el narcotraficante Caro Quintero cuando ni siquiera contaba con su c\u00e9dula profesional, la cual obtuvo apenas hace dos a\u00f1os, periodo en el que comenz\u00f3 a litigar.<\/p>\n\n\n\n<p>Cabe destacar que la nueva titular del Juzgado Noveno Ver\u00f3nica Beltr\u00e1n Mungu\u00eda, concedi\u00f3 la suspensi\u00f3n de plano como lo dicta la ley en este tipo de actos.<\/p>\n\n\n\n<p>\u00abSe decreta de plano la suspensi\u00f3n del acto reclamado, consistente en la desaparici\u00f3n forzada y posibles actos de tortura e incomunicaci\u00f3n de las personas quejosas, en ese sentido, para el debido cumplimiento de esta suspensi\u00f3n, prev\u00e9ngase a las autoridades se\u00f1aladas como responsables, para que de inmediato cesen la desaparici\u00f3n forzada, la incomunicaci\u00f3n y posible tortura que se dice es objeto las personas quejosas, as\u00ed como cualquier otro de los prohibidos por el art\u00edculo 22 de la Constituci\u00f3n\u00bb, indic\u00f3 en su resoluci\u00f3n.<\/p>\n\n\n\n<p>Lo mismo ocurri\u00f3 este mi\u00e9rcoles en Zacatecas, donde la Jueza Mar\u00eda Citlallic Vizcaya Zamudio, titular del Juzgado Segundo de Distrito en el estado, concedi\u00f3 a Andr\u00e9s Manuel y Gonzalo, una suspensi\u00f3n de plano y oficio para efecto de que no sean detenidos y cesen de inmediato malos tratos e incomunicaci\u00f3n. A la par, pidi\u00f3 a los quejosos ratificar la demanda de amparo promovida a su favor en un plazo de tres d\u00edas.<\/p>\n\n\n\n<p>Fuente: sinembargo<\/p>\n","protected":false},"excerpt":{"rendered":"<p>Los juicios de amparo promovidos a favor de Andr\u00e9s Manuel L\u00f3pez Beltr\u00e1n y su hermano Gonzalo L\u00f3pez Beltr\u00e1n en Ciudad de M\u00e9xico, Tabasco y Zacatecas carecen de la firma de los promoventes. Ciudad de M\u00e9xico, 17 de septiembre (SinEmbargo).- Los abogados Francisco Javier Rodriguez Smith Macdonald y Eribel Mej\u00eda Barrios promovieron amparos a nombre del [&hellip;]<\/p>\n","protected":false},"author":2,"featured_media":145336,"comment_status":"open","ping_status":"open","sticky":false,"template":"","format":"standard","meta":{"footnotes":""},"categories":[55],"tags":[],"class_list":["post-145335","post","type-post","status-publish","format-standard","has-post-thumbnail","hentry","category-nacionales"],"_links":{"self":[{"href":"https:\/\/elcuartopoder.com.mx\/nw\/wp-json\/wp\/v2\/posts\/145335","targetHints":{"allow":["GET"]}}],"collection":[{"href":"https:\/\/elcuartopoder.com.mx\/nw\/wp-json\/wp\/v2\/posts"}],"about":[{"href":"https:\/\/elcuartopoder.com.mx\/nw\/wp-json\/wp\/v2\/types\/post"}],"author":[{"embeddable":true,"href":"https:\/\/elcuartopoder.com.mx\/nw\/wp-json\/wp\/v2\/users\/2"}],"replies":[{"embeddable":true,"href":"https:\/\/elcuartopoder.com.mx\/nw\/wp-json\/wp\/v2\/comments?post=145335"}],"version-history":[{"count":1,"href":"https:\/\/elcuartopoder.com.mx\/nw\/wp-json\/wp\/v2\/posts\/145335\/revisions"}],"predecessor-version":[{"id":145337,"href":"https:\/\/elcuartopoder.com.mx\/nw\/wp-json\/wp\/v2\/posts\/145335\/revisions\/145337"}],"wp:featuredmedia":[{"embeddable":true,"href":"https:\/\/elcuartopoder.com.mx\/nw\/wp-json\/wp\/v2\/media\/145336"}],"wp:attachment":[{"href":"https:\/\/elcuartopoder.com.mx\/nw\/wp-json\/wp\/v2\/media?parent=145335"}],"wp:term":[{"taxonomy":"category","embeddable":true,"href":"https:\/\/elcuartopoder.com.mx\/nw\/wp-json\/wp\/v2\/categories?post=145335"},{"taxonomy":"post_tag","embeddable":true,"href":"https:\/\/elcuartopoder.com.mx\/nw\/wp-json\/wp\/v2\/tags?post=145335"}],"curies":[{"name":"wp","href":"https:\/\/api.w.org\/{rel}","templated":true}]}}