{"id":146107,"date":"2025-10-02T08:31:39","date_gmt":"2025-10-02T13:31:39","guid":{"rendered":"https:\/\/elcuartopoder.com.mx\/nw\/?p=146107"},"modified":"2025-10-02T08:31:40","modified_gmt":"2025-10-02T13:31:40","slug":"pedro-almodovar-rosalia-o-norman-foster-disenan-prendas-para-zara","status":"publish","type":"post","link":"https:\/\/elcuartopoder.com.mx\/nw\/entretenimiento\/espectaculos\/pedro-almodovar-rosalia-o-norman-foster-disenan-prendas-para-zara\/","title":{"rendered":"Pedro Almod\u00f3var, Rosal\u00eda o Norman Foster dise\u00f1an prendas para Zara"},"content":{"rendered":"\n<p>Para celebrar su 50 aniversario, la marca de ropa ha pedido a un total de 50 personalidades amigas de la marca entre los que hay cineastas, cantantes, modelos, dise\u00f1adores y arquitectos, que imagen y den forma a un objeto que quedar\u00e1 en la historia de Inditex para los restos.<\/p>\n\n\n\n<p><strong>Zara<\/strong>\u00a0contin\u00faa con las celebraciones de sus 50 a\u00f1os de historia. Unas celebraciones que comenzaron a principios de 2025 con la iniciativa\u00a0&#8217;50 Years, 50 Icons&#8217;,\u00a0en la que reunieron a 50 modelos ic\u00f3nicas de distintas generaciones \u2013<strong>Naomi Campbell, Cindy Crawford, Linda Evangelista\u00a0o Irina Shayk<\/strong>, entre otras\u2013 en una campa\u00f1a ideada por Steven Meisel, a la que siguieron la reedici\u00f3n de\u00a0<strong>50 piezas del archivo de Zara<\/strong>\u00a0y una serie de acciones, fiestas e inauguraciones para celebrar las cinco d\u00e9cadas del buque insignia de Inditex.<\/p>\n\n\n\n<p>En este a\u00f1o de celebraci\u00f3n, ahora la marca ha pedido a 50 amigos,&nbsp;<strong>\u00ab50 de los creativos m\u00e1s destacados en la actualidad\u00bb,<\/strong>&nbsp;tal y como explican desde la marca con nombres tan reconocidos como<strong>&nbsp;Annie Leibovitz<\/strong>, Anna Sui, David Chipperfield, David Sims, Kate Moss, Marc Newson, Naomi Campbell, Nick Knight, Norman Foster, Pat McGrath, Pedro Almod\u00f3var o Rosal\u00eda, quienes junto al equipo creativo de Zara han dise\u00f1ado productos como chaquetas, bolsos, sacos de dormir, sillas e incluso un transport\u00edn para mascotas.<\/p>\n\n\n\n<p>\u00abEs un honor que estos artistas hayan elegido celebrar nuestro aniversario con nosotros de esta manera\u00bb, ha dicho la propia&nbsp;<strong>Marta Ortega<\/strong>. \u00abCada uno de ellos es referente en su campo por su imaginaci\u00f3n, innovaci\u00f3n e integridad. Comparten las mismas pasiones que Zara ha tenido desde el principio: la calidad y el disfrute por el dise\u00f1o\u00bb, cuenta la Presidenta no ejecutiva de Inditex.<\/p>\n\n\n\n<figure class=\"wp-block-image\"><img decoding=\"async\" src=\"https:\/\/s3.abcstatics.com\/abc\/www\/multimedia\/estilo\/2025\/09\/30\/2025_08_04_ZARA_50TH_KARLIE-KLOSS_TOP_1604-U46871400240Jan-758x470@diario_abc.jpg\" alt=\"Imagen principal - Neceser de Karlie Kloss, gorro de Harry Lambert y tabla de surf de Pierpaolo Piccioli\"\/><figcaption class=\"wp-element-caption\">Neceser de Karlie Kloss, gorro de Harry Lambert y tabla de surf de Pierpaolo Piccioli<\/figcaption><\/figure>\n\n\n\n<h3 class=\"wp-block-heading\">De la camiseta de Almod\u00f3var al sof\u00e1 de Rosal\u00eda<\/h3>\n\n\n\n<p>La selecci\u00f3n de artistas,&nbsp;<strong>\u00abtodos amigos de Zara\u00bb<\/strong>, refleja la evoluci\u00f3n de la marca en las \u00faltimas cinco d\u00e9cadas hasta convertirse en una potencia cultural que abarca la moda, la belleza, la decoraci\u00f3n y m\u00e1s. La lista incluye a los cineastas&nbsp;<strong>Pedro Almod\u00f3var<\/strong>&nbsp;y Luca Guadagnino; los fot\u00f3grafos Annie Leibovitz, Craig McDean, David Bailey, David Sims, Javier Vallhonrat, Mario Sorrenti, Nick Knight y Steven Meisel; visionarios del dise\u00f1o como David Chipperfield, Norman Foster, Marc Newson, Vincent van Duysen y Axel Vervoordt; iconos del pop como Rosal\u00eda y Robbie Williams; referentes de la moda como Anna Sui, Guido Palau, Harry Lambert, Pat McGrath, Pieter Mulier, Pierpaolo Piccioli y Philip Treacy; y supermodelos como Naomi Campbell, Cindy Crawford, Linda Evangelista, Christy Turlington, Karlie Kloss y Kate Moss.<\/p>\n\n\n\n<figure class=\"wp-block-image\"><img decoding=\"async\" src=\"https:\/\/s1.abcstatics.com\/abc\/www\/multimedia\/estilo\/2025\/09\/30\/2025_08_04_ZARA_50TH_KATE-MOSS_ANGLE_0932-U23883511244fpy-758x470@diario_abc.jpg\" alt=\"Imagen principal - Joyeros de Kate Moss, transport\u00edn de Steven Meisel y Labubu de Kasing Lung\"\/><figcaption class=\"wp-element-caption\">Joyeros de Kate Moss, transport\u00edn de Steven Meisel y Labubu de Kasing Lung&nbsp;<strong>Zara<\/strong><\/figcaption><\/figure>\n\n\n\n<p>Cada pieza encapsula el esp\u00edritu \u00fanico de su creador. David Bailey, el fot\u00f3grafo que captur\u00f3 la esencia de los a\u00f1os 60, presenta su versi\u00f3n de una chaqueta de aviador, mientras que el estilista&nbsp;<strong>Harry Lambert<\/strong>, responsable de algunos de los looks m\u00e1s ic\u00f3nicos de la actualidad, muestra su caracter\u00edstico ingenio con un gorro cubierto de chapas.&nbsp;<strong>Kasing Lung<\/strong>&nbsp;reinterpreta a su globalmente adorado Labubu, convirti\u00e9ndolo en un fot\u00f3grafo.&nbsp;<strong>Pat McGrath<\/strong>, la maquilladora m\u00e1s influyente de los \u00faltimos 30 a\u00f1os, ha dise\u00f1ado un neceser de maquillaje, y Marc Newson, pionero del dise\u00f1o industrial contempor\u00e1neo, ha creado una serie de vasos. Steven Meisel, quien ha fotografiado muchas de las campa\u00f1as m\u00e1s emblem\u00e1ticas de Zara, ha dise\u00f1ado un elegante transport\u00edn para mascotas.<\/p>\n\n\n\n<h3 class=\"wp-block-heading\">Exposici\u00f3n en la Semana de la moda de Par\u00eds<\/h3>\n\n\n\n<figure class=\"wp-block-image\"><img decoding=\"async\" src=\"https:\/\/s2.abcstatics.com\/abc\/www\/multimedia\/estilo\/2025\/09\/30\/2025_08_04_ZARA_50TH_SHOT_DAVID-BAILEY_BACK_0064-U70208508205qmi-758x470@diario_abc.jpg\" alt=\"Imagen principal - Cazadora de David Bailey, maletines de Norman Foster y abrigo con cremallera de Naomi Campbell\"\/><figcaption class=\"wp-element-caption\">Cazadora de David Bailey, maletines de Norman Foster y abrigo con cremallera de Naomi Campbell&nbsp;<strong>Zara<\/strong><\/figcaption><\/figure>\n\n\n\n<p>\u00abEste proyecto es la \u00faltima iniciativa de Zara para poner en valor la creatividad y el arte\u00bb, afirman desde la marca de Inditex. Colaboraciones y campa\u00f1as anteriores con&nbsp;<strong>Meisel, Moss, Samuel Ross<\/strong>&nbsp;o&nbsp;<strong>Vincent van Duysen<\/strong>&nbsp;han sido una muestra de su ambici\u00f3n por ofrecer una plataforma global a visionarios \u00fanicos.<\/p>\n\n\n\n<p>Este evento creativo por el\u00a0<strong>50\u00ba aniversario de Zara<\/strong>\u00a0se mostrar\u00e1 al p\u00fablico en una pop-up muy especial durante la\u00a0Semana de la Moda de Par\u00eds\u00a0que tendr\u00e1 lugar en el n\u00famero 40 de Avenue Georges V, del 2 al 5 de octubre, en horario de 10.00 a 19.00H. Comisariada por Sarah Andelman, el espacio reunir\u00e1 los\u00a0<strong>50 dise\u00f1os creados<\/strong>\u00a0para esta celebraci\u00f3n en formato de exposici\u00f3n, acompa\u00f1ados por un programa de charlas con algunos de los cincuenta amigos de la marca.<\/p>\n\n\n\n<p>La colecci\u00f3n estar\u00e1 disponible a partir del\u00a0<strong>6 de octubre en Zara.com<\/strong>\u00a0y en tiendas seleccionadas y todos los beneficios de la venta se destinar\u00e1n a\u00a0<strong>\u00abWomen&#8217;s Earth Alliance\u00bb<\/strong>, una organizaci\u00f3n sin \u00e1nimo de lucro cuya misi\u00f3n es proteger el medio ambiente mediante el empoderamiento del liderazgo femenino. Adem\u00e1s, Zara donar\u00e1<strong>\u00a020.000 euros a 50 organizaciones ben\u00e9ficas<\/strong>\u00a0elegidas por los artistas participantes.<\/p>\n\n\n\n<p>Fuente: ABC<\/p>\n","protected":false},"excerpt":{"rendered":"<p>Para celebrar su 50 aniversario, la marca de ropa ha pedido a un total de 50 personalidades amigas de la marca entre los que hay cineastas, cantantes, modelos, dise\u00f1adores y arquitectos, que imagen y den forma a un objeto que quedar\u00e1 en la historia de Inditex para los restos. Zara\u00a0contin\u00faa con las celebraciones de sus [&hellip;]<\/p>\n","protected":false},"author":2,"featured_media":146108,"comment_status":"open","ping_status":"open","sticky":false,"template":"","format":"standard","meta":{"footnotes":""},"categories":[11],"tags":[],"class_list":["post-146107","post","type-post","status-publish","format-standard","has-post-thumbnail","hentry","category-espectaculos"],"_links":{"self":[{"href":"https:\/\/elcuartopoder.com.mx\/nw\/wp-json\/wp\/v2\/posts\/146107","targetHints":{"allow":["GET"]}}],"collection":[{"href":"https:\/\/elcuartopoder.com.mx\/nw\/wp-json\/wp\/v2\/posts"}],"about":[{"href":"https:\/\/elcuartopoder.com.mx\/nw\/wp-json\/wp\/v2\/types\/post"}],"author":[{"embeddable":true,"href":"https:\/\/elcuartopoder.com.mx\/nw\/wp-json\/wp\/v2\/users\/2"}],"replies":[{"embeddable":true,"href":"https:\/\/elcuartopoder.com.mx\/nw\/wp-json\/wp\/v2\/comments?post=146107"}],"version-history":[{"count":1,"href":"https:\/\/elcuartopoder.com.mx\/nw\/wp-json\/wp\/v2\/posts\/146107\/revisions"}],"predecessor-version":[{"id":146109,"href":"https:\/\/elcuartopoder.com.mx\/nw\/wp-json\/wp\/v2\/posts\/146107\/revisions\/146109"}],"wp:featuredmedia":[{"embeddable":true,"href":"https:\/\/elcuartopoder.com.mx\/nw\/wp-json\/wp\/v2\/media\/146108"}],"wp:attachment":[{"href":"https:\/\/elcuartopoder.com.mx\/nw\/wp-json\/wp\/v2\/media?parent=146107"}],"wp:term":[{"taxonomy":"category","embeddable":true,"href":"https:\/\/elcuartopoder.com.mx\/nw\/wp-json\/wp\/v2\/categories?post=146107"},{"taxonomy":"post_tag","embeddable":true,"href":"https:\/\/elcuartopoder.com.mx\/nw\/wp-json\/wp\/v2\/tags?post=146107"}],"curies":[{"name":"wp","href":"https:\/\/api.w.org\/{rel}","templated":true}]}}