{"id":146113,"date":"2025-10-02T08:38:31","date_gmt":"2025-10-02T13:38:31","guid":{"rendered":"https:\/\/elcuartopoder.com.mx\/nw\/?p=146113"},"modified":"2025-10-02T08:38:32","modified_gmt":"2025-10-02T13:38:32","slug":"los-progenitores-apenas-pasan-35-horas-diarias-con-sus-hijos","status":"publish","type":"post","link":"https:\/\/elcuartopoder.com.mx\/nw\/editorial\/los-progenitores-apenas-pasan-35-horas-diarias-con-sus-hijos\/","title":{"rendered":"Los progenitores apenas pasan 3,5 horas diarias con sus hijos"},"content":{"rendered":"\n<p>Un estudio de Zurich Seguros sobre la crianza revela que el 60% de las familias necesitan ayuda para el cuidado de sus menores<\/p>\n\n\n\n<p>\u00abLa familia es un equipo\u00bb, ha recordado<strong>\u00a0Cristina Guti\u00e9rrez Lest\u00f3n<\/strong>, educadora emocional, investigadora en el campo de la educaci\u00f3n y directora La Granja, Ability Training Center, durante la presentaci\u00f3n del estudio este martes &#8216;Perspectivas y retos de la crianza actual en Espa\u00f1a&#8217;,\u00a0elaborado por Zurich Seguros, junto\u00a0<strong>Javier Rodr\u00edguez<\/strong>, director de Vida y Pensiones de Zurich Seguros, y\u00a0<strong>Mar\u00eda Garc\u00eda<\/strong>, Marketing Insights de la misma compa\u00f1\u00eda. Y es que los datos son reveladores: el 60% de las familias necesitan ayuda para poder\u00a0cuidar de sus hijos. Pero, adem\u00e1s, padres y madres reconocen estar con sus peque\u00f1os muy poco tiempo: apenas una media de 3,5 horas al d\u00eda, llegando a cinco los fines de semana, mientras que las madres tienen una mayor dedicaci\u00f3n que ellos.<\/p>\n\n\n\n<p>As\u00ed,&nbsp;<strong>s\u00f3lo 1 de cada 4 familias se siente completamente satisfecha con el tiempo que dedica a sus peque\u00f1os<\/strong>, seg\u00fan los datos del estudio realizado por Kantar y en colaboraci\u00f3n con el centro de formaci\u00f3n en habilidades La Granja en una muestra de 1.000 madres y padres con hijos hasta los 11 a\u00f1os y representativa de los diversos tipos de familias que existen en Espa\u00f1a. Adem\u00e1s,&nbsp;<strong>el 70% de las madres considera que dedica m\u00e1s tiempo que el otro progenitor<\/strong>&nbsp;en lo que a sus hijos respecta.<\/p>\n\n\n\n<h3 class=\"wp-block-heading\">El peso de la crianza<\/h3>\n\n\n\n<p>No pasar el\u00a0tiempo\u00a0suficiente con los hijos pasa, por tanto, factura. As\u00ed, no es de extra\u00f1ar que el 44% de los adultos se\u00f1ale la falta de tiempo como principal dificultad para contribuir en el desarrollo escolar de los hijos, mientras que un 31% reconoce que le cuesta o no sabe c\u00f3mo motivar a sus peque\u00f1os. Las madres, una vez m\u00e1s, perciben tener menos dificultades que los padres a la hora de ayudarles con los\u00a0deberes.<\/p>\n\n\n\n<p>Para Guti\u00e9rrez, es fundamental \u00abtomar conciencia de estos datos y eso es ya un paso. As\u00ed, las familias podr\u00e1n tomar medidas para no estar constantemente amargadas, reconocer el problema que tienen y buscar estrategias que les permitan una mayor organizaci\u00f3n para evitar todos los malestares diarios. Una buena planificaci\u00f3n familiar es vital\u00bb.<\/p>\n\n\n\n<p>El estudio revela tambi\u00e9n que 6 de cada 10 familias recibe ayuda de otra persona para la crianza de los hijos, principalmente de abuelos (38%). Solo un 4% se vale de un profesional para ello.<\/p>\n\n\n\n<p>A pesar de todos estos datos, el informe desvela que el impacto de la paternidad en la vida se valora de manera positiva en la mayor\u00eda de los aspectos. Sin embargo, genera dificultades en ciertos aspectos, especialmente en la finanzas personales (madres: 45%; padres: 34%), el tiempo en pareja (40%; 29%), en las aficiones (28,2%; 24,5%), en la carrera profesional (27%; 11%) y en la salud f\u00edsica (24%; 14%). En todos estos aspectos, son ellas las que experimentan mayor impacto negativo.<\/p>\n\n\n\n<h3 class=\"wp-block-heading\">Desaf\u00edos a futuro<\/h3>\n\n\n\n<p>\u00abTener hijos es renunciar a otros aspectos siempre pero hay que ver c\u00f3mo hacerlo\u00bb, ha reflexionado la experta, \u00abporque la frustraci\u00f3n a la renuncia es cada vez peor. A medida que van pasando las generaciones, \u00e9stas tienen una menor capacidad para frustrarse y esto debe de hacernos pensar en qu\u00e9 van a hacer los que hoy son a\u00fan j\u00f3venes en un futuro ante la maternidad y paternidad. Lo veremos con el paso del tiempo pero este aspecto ya nos desvela muchas cosas\u00bb.<\/p>\n\n\n\n<p>La investigaci\u00f3n tambi\u00e9n ha puesto el foco en el futuro. El bullying y el ciberacoso (38%), el bienestar emocional de los hijos(35%) y el uso abusivo de las pantallas (32%) son los aspectos que m\u00e1s preocupan a los progenitores. Una vez m\u00e1s, en este aspecto vuelve a haber diferencias de g\u00e9nero: al 35% de las madres les preocupa el bienestar emocional de los hijos frente al 28% de los padres, cuya mayor preocupaci\u00f3n es el acoso escolar (36%).<\/p>\n\n\n\n<p>\u00abQue a las familias les importe tanto el aspecto\u00a0 emocional\u00a0de sus ni\u00f1os es una gran noticia porque es fundamental tomar conciencia, aprender herramientas y saber que hay soluciones\u00bb, ha asegurado la investigadora. \u00abAunque ellas tenga m\u00e1s clara la importancia de ello -ha dicho- todos debemos saber que si no hay salud emocional no va a haber salud mental\u00bb.<\/p>\n\n\n\n<figure class=\"wp-block-image\"><img decoding=\"async\" src=\"https:\/\/s3.abcstatics.com\/abc\/www\/multimedia\/familia\/2024\/06\/04\/RuedadeprensaZurich-U15124240124VkI-760x427@diario_abc.jpg\" alt=\"De izquierda a derecha, Javier Rodr\u00edguez y Mar\u00eda Garc\u00eda, de Zurich Seguros, y Cristina Guti\u00e9rrez Lest\u00f3n, educadora emocional\"\/><figcaption class=\"wp-element-caption\">De izquierda a derecha, Javier Rodr\u00edguez y Mar\u00eda Garc\u00eda, de Zurich Seguros, y Cristina Guti\u00e9rrez Lest\u00f3n, educadora emocional<\/figcaption><\/figure>\n\n\n\n<p>En t\u00e9rminos de bienestar emocional, la dependencia de las pantallas es la principal preocupaci\u00f3n para el 35% de los progenitores, a lo que siguen la falta de confianza (30%), miedos (26%), ansiedad (24%), poca tolerancia a la frustraci\u00f3n (24%) y baja autoestima (23%) que puedan sentir sus hijos. Uno de cada dos padres y&nbsp;<a href=\"https:\/\/www.abc.es\/familia\/mujeres\/madres-grandes-criticadas-familia-sociedad-20230705123356-nt.html\">madres<\/a>&nbsp;admiten que sus hijos pasan m\u00e1s tiempo frente a la pantalla del que les gustar\u00eda, con una media de entre 1 y 3 horas de uso diario de la televisi\u00f3n, el m\u00f3vil o la tableta y los ordenadores. Con el fin de controlar esta actividad, el 52% de las familias establecen l\u00edmites de tiempo para este tipo de dispositivos y una de cada tres fomenta actividades sin pantallas, pero s\u00f3lo 1 de cada 4 adultos afirmar que predica con el ejemplo en cuanto a hacer un uso sano y comedido de las tecnolog\u00edas.<\/p>\n\n\n\n<p>\u00abTodo estos datos tienen que ver con las competencias emocionales\u00bb, ha subrayado Guti\u00e9rrez. \u00abPor suerte, el estudio desvela que las familias son conscientes del mal uso que los menores pueden hacer de las pantallas por las cuales se dejan de entrenar habilidades sociales reales. Por eso, los hijos pueden sentir una mayor inseguridad, desconfianza en s\u00ed mismos y respecto a terceras personas, baja tolerancia a la frustraci\u00f3n\u2026 \u00a1Las redes son s\u00f3lo &#8216;likes&#8217;! Son entornos en donde \u00fanicamente se promueve la recompensa inmediata. Sin embargo, necesitamos desarrollar la paciencia y no tanta dopamina. Desaprendemos a estar en el mundo real\u00bb.<\/p>\n\n\n\n<p>Con respecto al futuro, el 63% de las familias espa\u00f1olas ha tomado alguna medida para proteger a sus hijos en caso de fallecimiento, por lo que el seguro de vida (30%) es el principal instrumento para garantizar su bienestar el d\u00eda de ma\u00f1ana. Sin embargo, s\u00f3lo un 40% considera que tiene todas sus deudas cubiertas en caso de faltar. \u00abEste dato nos evidencia que a\u00fan queda mucho por hacer en este \u00e1mbito\u00bb, ha subrayado Mar\u00eda Garc\u00eda.<\/p>\n\n\n\n<p>Fuente: ABC<\/p>\n","protected":false},"excerpt":{"rendered":"<p>Un estudio de Zurich Seguros sobre la crianza revela que el 60% de las familias necesitan ayuda para el cuidado de sus menores \u00abLa familia es un equipo\u00bb, ha recordado\u00a0Cristina Guti\u00e9rrez Lest\u00f3n, educadora emocional, investigadora en el campo de la educaci\u00f3n y directora La Granja, Ability Training Center, durante la presentaci\u00f3n del estudio este martes [&hellip;]<\/p>\n","protected":false},"author":2,"featured_media":146114,"comment_status":"open","ping_status":"open","sticky":false,"template":"","format":"standard","meta":{"footnotes":""},"categories":[63],"tags":[],"class_list":["post-146113","post","type-post","status-publish","format-standard","has-post-thumbnail","hentry","category-editorial"],"_links":{"self":[{"href":"https:\/\/elcuartopoder.com.mx\/nw\/wp-json\/wp\/v2\/posts\/146113","targetHints":{"allow":["GET"]}}],"collection":[{"href":"https:\/\/elcuartopoder.com.mx\/nw\/wp-json\/wp\/v2\/posts"}],"about":[{"href":"https:\/\/elcuartopoder.com.mx\/nw\/wp-json\/wp\/v2\/types\/post"}],"author":[{"embeddable":true,"href":"https:\/\/elcuartopoder.com.mx\/nw\/wp-json\/wp\/v2\/users\/2"}],"replies":[{"embeddable":true,"href":"https:\/\/elcuartopoder.com.mx\/nw\/wp-json\/wp\/v2\/comments?post=146113"}],"version-history":[{"count":1,"href":"https:\/\/elcuartopoder.com.mx\/nw\/wp-json\/wp\/v2\/posts\/146113\/revisions"}],"predecessor-version":[{"id":146115,"href":"https:\/\/elcuartopoder.com.mx\/nw\/wp-json\/wp\/v2\/posts\/146113\/revisions\/146115"}],"wp:featuredmedia":[{"embeddable":true,"href":"https:\/\/elcuartopoder.com.mx\/nw\/wp-json\/wp\/v2\/media\/146114"}],"wp:attachment":[{"href":"https:\/\/elcuartopoder.com.mx\/nw\/wp-json\/wp\/v2\/media?parent=146113"}],"wp:term":[{"taxonomy":"category","embeddable":true,"href":"https:\/\/elcuartopoder.com.mx\/nw\/wp-json\/wp\/v2\/categories?post=146113"},{"taxonomy":"post_tag","embeddable":true,"href":"https:\/\/elcuartopoder.com.mx\/nw\/wp-json\/wp\/v2\/tags?post=146113"}],"curies":[{"name":"wp","href":"https:\/\/api.w.org\/{rel}","templated":true}]}}