{"id":146119,"date":"2025-10-02T08:43:47","date_gmt":"2025-10-02T13:43:47","guid":{"rendered":"https:\/\/elcuartopoder.com.mx\/nw\/?p=146119"},"modified":"2025-10-02T08:43:48","modified_gmt":"2025-10-02T13:43:48","slug":"popamlo-europa-estudia-antidotos-al-populismo","status":"publish","type":"post","link":"https:\/\/elcuartopoder.com.mx\/nw\/opinion\/popamlo-europa-estudia-antidotos-al-populismo\/","title":{"rendered":"POPAMLO: Europa estudia ant\u00eddotos al populismo"},"content":{"rendered":"\n<p>La Uni\u00f3n Europea financia un proyecto de investigaci\u00f3n para tratar de entender uno de los fen\u00f3menos del populismo m\u00e1s notables de la historia contempor\u00e1nea de Am\u00e9rica Latina.<\/p>\n\n\n\n<p>Es a trav\u00e9s del programa de becas de investigaci\u00f3n Marie Sk\u0142odowska-Curie Actions y se llama POPAMLO (\u201cThe Populist Model of Andr\u00e9s Manuel L\u00f3pez Obrador) que busca entender qu\u00e9 le pas\u00f3 a M\u00e9xico y tambi\u00e9n buscar ant\u00eddotos que sirvan a las democracias.<\/p>\n\n\n\n<p>El estudio est\u00e1 en marcha, en pocos meses lo deber\u00edan concluir, y analiza las pol\u00edticas y expresiones del expresidente mexicano, sus estrategias de desinformaci\u00f3n, sus contenidos enga\u00f1osos y los mecanismos de manipulaci\u00f3n. Y, sobre todo, su \u00e9xito.<\/p>\n\n\n\n<p>Para que el resultado no sea solo hist\u00f3rico deber\u00eda ahondar en la continuidad del modelo carism\u00e1tico sin su protagonista para entender qu\u00e9 es lo que lo sostiene, m\u00e1s all\u00e1 del recuerdo mesi\u00e1nico.<\/p>\n\n\n\n<p>A un a\u00f1o de la ausencia en el poder formal de L\u00f3pez Obrador quien ha roto la continuidad lineal es otro populista autoritario que ha impuesto a M\u00e9xico sus condiciones.<\/p>\n\n\n\n<p>Donald Trump ha forzado cambios en materia de seguridad, migraci\u00f3n, comercio y otros temas como condici\u00f3n para mantener un trato preferencial para nuestro pa\u00eds.<\/p>\n\n\n\n<p>Otros asuntos relevantes que L\u00f3pez Obrador controlaba con su ret\u00f3rica matutina se han transformado en cambios constitucionales que ya no requieren carisma ante el control absoluto que se ha logrado de hilos tan importantes como el control del Poder Judicial.<\/p>\n\n\n\n<p>La narrativa de haber regresado al pueblo el control de Pemex y la CFE realmente son constancia de dos de las m\u00e1s costosas decisiones financieras que tom\u00f3 este r\u00e9gimen pero que la herencia lopezobradorista puede vender como un triunfo de lo que llaman la Transformaci\u00f3n.<\/p>\n\n\n\n<p>Sin embargo, hay otras banderas que se venden como triunfos del r\u00e9gimen que no son esencialmente decisiones del gobierno y que s\u00ed pueden generar distorsiones en la econom\u00eda.<\/p>\n\n\n\n<p>Una de las banderas elegidas para festinar el primer a\u00f1o del actual gobierno es adelantar, presumir, que se seguir\u00e1 incrementando el salario m\u00ednimo.<\/p>\n\n\n\n<p>Claro, el salario m\u00ednimo tiene que ajustarse al alza, pero la referencia es a volver a subir este ingreso por arriba del registro inflacionario.<\/p>\n\n\n\n<p>El balance de los aumentos previos al m\u00ednimo ha sido positivo, a pesar de que s\u00ed hay evidencias de algunas presiones inflacionarias y de un efecto faro. Sin embargo, esta decisi\u00f3n tripartita ha tenido m\u00e1s pros que contras.<\/p>\n\n\n\n<p>Pero es eso, una conciliaci\u00f3n entre el sector patronal, los sindicatos y el gobierno. Decretar un aumento por instrucciones presidenciales ya fue un hecho el sexenio pasado, pero los m\u00e1rgenes para que eso se repita y no tenga repercusiones m\u00e1s serias se han cerrado.<\/p>\n\n\n\n<p>Se anticipa una debilidad econ\u00f3mica en este \u00faltimo trimestre del a\u00f1o, el mercado laboral da muestras de debilitamiento, las presiones inflacionarias se mantienen y forzar a que inicie el 2026 con la presi\u00f3n salarial con motivaciones propagand\u00edsticas solo complicar\u00e1 el escenario de las empresas m\u00e1s peque\u00f1as.<\/p>\n\n\n\n<p>El estudio POPAMLO s\u00ed tiene como finalidad encontrar respuestas que sirvan como prevenci\u00f3n para las democracias, no es gratuito que sea la propia Uni\u00f3n Europea quien lo financie.<\/p>\n\n\n\n<p>Lo que nos urge saber en M\u00e9xico es si los efectos perniciosos que dej\u00f3 el caudillo se pueden paliar desde su propio legado o con qu\u00e9 consecuencias acaba esto.<\/p>\n\n\n\n<p>Fuente: eleconomista<\/p>\n","protected":false},"excerpt":{"rendered":"<p>La Uni\u00f3n Europea financia un proyecto de investigaci\u00f3n para tratar de entender uno de los fen\u00f3menos del populismo m\u00e1s notables de la historia contempor\u00e1nea de Am\u00e9rica Latina. Es a trav\u00e9s del programa de becas de investigaci\u00f3n Marie Sk\u0142odowska-Curie Actions y se llama POPAMLO (\u201cThe Populist Model of Andr\u00e9s Manuel L\u00f3pez Obrador) que busca entender qu\u00e9 [&hellip;]<\/p>\n","protected":false},"author":2,"featured_media":146120,"comment_status":"open","ping_status":"open","sticky":false,"template":"","format":"standard","meta":{"footnotes":""},"categories":[62],"tags":[],"class_list":["post-146119","post","type-post","status-publish","format-standard","has-post-thumbnail","hentry","category-opinion"],"_links":{"self":[{"href":"https:\/\/elcuartopoder.com.mx\/nw\/wp-json\/wp\/v2\/posts\/146119","targetHints":{"allow":["GET"]}}],"collection":[{"href":"https:\/\/elcuartopoder.com.mx\/nw\/wp-json\/wp\/v2\/posts"}],"about":[{"href":"https:\/\/elcuartopoder.com.mx\/nw\/wp-json\/wp\/v2\/types\/post"}],"author":[{"embeddable":true,"href":"https:\/\/elcuartopoder.com.mx\/nw\/wp-json\/wp\/v2\/users\/2"}],"replies":[{"embeddable":true,"href":"https:\/\/elcuartopoder.com.mx\/nw\/wp-json\/wp\/v2\/comments?post=146119"}],"version-history":[{"count":1,"href":"https:\/\/elcuartopoder.com.mx\/nw\/wp-json\/wp\/v2\/posts\/146119\/revisions"}],"predecessor-version":[{"id":146121,"href":"https:\/\/elcuartopoder.com.mx\/nw\/wp-json\/wp\/v2\/posts\/146119\/revisions\/146121"}],"wp:featuredmedia":[{"embeddable":true,"href":"https:\/\/elcuartopoder.com.mx\/nw\/wp-json\/wp\/v2\/media\/146120"}],"wp:attachment":[{"href":"https:\/\/elcuartopoder.com.mx\/nw\/wp-json\/wp\/v2\/media?parent=146119"}],"wp:term":[{"taxonomy":"category","embeddable":true,"href":"https:\/\/elcuartopoder.com.mx\/nw\/wp-json\/wp\/v2\/categories?post=146119"},{"taxonomy":"post_tag","embeddable":true,"href":"https:\/\/elcuartopoder.com.mx\/nw\/wp-json\/wp\/v2\/tags?post=146119"}],"curies":[{"name":"wp","href":"https:\/\/api.w.org\/{rel}","templated":true}]}}