{"id":146124,"date":"2025-10-03T06:28:58","date_gmt":"2025-10-03T11:28:58","guid":{"rendered":"https:\/\/elcuartopoder.com.mx\/nw\/?p=146124"},"modified":"2025-10-03T06:28:59","modified_gmt":"2025-10-03T11:28:59","slug":"baja-afluencia-de-visitantes-a-la-zona-arqueologica-de-tulum","status":"publish","type":"post","link":"https:\/\/elcuartopoder.com.mx\/nw\/municipales\/baja-afluencia-de-visitantes-a-la-zona-arqueologica-de-tulum\/","title":{"rendered":"Baja afluencia de visitantes a la zona arqueol\u00f3gica de Tulum"},"content":{"rendered":"\n<p>La ca\u00edda de visitantes coincide con los problemas que se han suscitado en ese municipio durante el presente a\u00f1o.<\/p>\n\n\n\n<p><strong>La zona arqueol\u00f3gica de Tulum report\u00f3 una disminuci\u00f3n de 21 mil 504 visitantes<\/strong>&nbsp;en los primeros ocho meses del a\u00f1o. Que marcan la baja de visitantes al destino, as\u00ed como la situaci\u00f3n del Parque del Jaguar que afect\u00f3 al turismo cultural.<\/p>\n\n\n\n<p>De acuerdo con los datos oficiales, se report\u00f3 un total de 790 mil 447 visitantes, lo que lo coloca con tendencia a la baja respecto del mismo periodo de 2024. En los primeros ocho meses del a\u00f1o pasado, a estas fechas ya reportaba un total de&nbsp;&nbsp;811 mil 951 visitantes, es decir, entre un a\u00f1o y otro se registra un 2.6% a la baja en captaci\u00f3n de visitantes, lo cual pese a todo la mantiene entre las tres zonas arqueol\u00f3gicas m\u00e1s visitadas del pa\u00eds.<\/p>\n\n\n\n<p>Sin embargo,&nbsp;<strong>la ca\u00edda de visitantes coincide con los problemas<\/strong>&nbsp;que se han suscitado en ese municipio durante el presente a\u00f1o, tras los cobros para el ingreso a las playas y el alza en las tarifas a las zonas arqueol\u00f3gicas.<\/p>\n\n\n\n<p>Cabe recordar que a partir de 2025 el cobro por ingresar al Parque Nacional Tulum, pas\u00f3 de 61 a 122 pesos; la reserva de Sian Ka\u2019an, pas\u00f3 de 100 pesos a 200; el Parque Nacional Isla Contoy pas\u00f3 de 65 a 130 pesos y en el caso de Banco Chinchorro, en el sur de la entidad, el cobro qued\u00f3 en 650 pesos.<\/p>\n\n\n\n<p><strong>A ello se suman las protestas del pasado 31 de agosto<\/strong>, cuando m\u00e1s de 500 personas exigieron por m\u00e1s de seis horas que la empresa Grupo Aeroportuario, Ferroviario, de Servicios Auxiliares y Conexos Olmeca-Maya\u2013M\u00e9xico (Gafsacomm), devolviese a los quintanarroenses el acceso gratuito a las playas del Parque Nacional Tulum, integradas desde 2022 al Parque del Jaguar.<\/p>\n\n\n\n<p>En esa ocasi\u00f3n, incluso el presidente municipal de Tulum, Diego Casta\u00f1\u00f3n, se manifest\u00f3 en contra del libre acceso, se\u00f1alando que no se trata de oponerse a la conservaci\u00f3n del \u00e1rea natural protegida, sino de defender el derecho de los tulumnenses a sus playas.<\/p>\n\n\n\n<p><em>\u201c<strong>La gente ya est\u00e1 harta, y es normal<\/strong>. Si vives en uno de los mejores lugares tur\u00edsticos del mundo y no te dejan entrar a la playa, es l\u00f3gico manifestarse. Tengo que ver por los ciudadanos; es una responsabilidad. Claro que buscar\u00e9 di\u00e1logo con la empresa, pero si no escuchan, tenemos que unirnos\u201d.<\/em><\/p>\n\n\n\n<blockquote class=\"wp-block-quote is-layout-flow wp-block-quote-is-layout-flow\"><\/blockquote>\n\n\n\n<p>Luego de las protestas, se flexibiliz\u00f3 el acceso a la playa, pero al cierre del a\u00f1o se podr\u00e1 constatar con mayor precisi\u00f3n si esta serie de situaciones afect\u00f3 en el volumen total de visitantes a la zona arqueol\u00f3gica de Tulum<\/p>\n\n\n\n<p>Fuente: SIPSE<\/p>\n","protected":false},"excerpt":{"rendered":"<p>La ca\u00edda de visitantes coincide con los problemas que se han suscitado en ese municipio durante el presente a\u00f1o. La zona arqueol\u00f3gica de Tulum report\u00f3 una disminuci\u00f3n de 21 mil 504 visitantes&nbsp;en los primeros ocho meses del a\u00f1o. Que marcan la baja de visitantes al destino, as\u00ed como la situaci\u00f3n del Parque del Jaguar que [&hellip;]<\/p>\n","protected":false},"author":2,"featured_media":146125,"comment_status":"open","ping_status":"open","sticky":false,"template":"","format":"standard","meta":{"footnotes":""},"categories":[6],"tags":[],"class_list":["post-146124","post","type-post","status-publish","format-standard","has-post-thumbnail","hentry","category-municipales"],"_links":{"self":[{"href":"https:\/\/elcuartopoder.com.mx\/nw\/wp-json\/wp\/v2\/posts\/146124","targetHints":{"allow":["GET"]}}],"collection":[{"href":"https:\/\/elcuartopoder.com.mx\/nw\/wp-json\/wp\/v2\/posts"}],"about":[{"href":"https:\/\/elcuartopoder.com.mx\/nw\/wp-json\/wp\/v2\/types\/post"}],"author":[{"embeddable":true,"href":"https:\/\/elcuartopoder.com.mx\/nw\/wp-json\/wp\/v2\/users\/2"}],"replies":[{"embeddable":true,"href":"https:\/\/elcuartopoder.com.mx\/nw\/wp-json\/wp\/v2\/comments?post=146124"}],"version-history":[{"count":1,"href":"https:\/\/elcuartopoder.com.mx\/nw\/wp-json\/wp\/v2\/posts\/146124\/revisions"}],"predecessor-version":[{"id":146126,"href":"https:\/\/elcuartopoder.com.mx\/nw\/wp-json\/wp\/v2\/posts\/146124\/revisions\/146126"}],"wp:featuredmedia":[{"embeddable":true,"href":"https:\/\/elcuartopoder.com.mx\/nw\/wp-json\/wp\/v2\/media\/146125"}],"wp:attachment":[{"href":"https:\/\/elcuartopoder.com.mx\/nw\/wp-json\/wp\/v2\/media?parent=146124"}],"wp:term":[{"taxonomy":"category","embeddable":true,"href":"https:\/\/elcuartopoder.com.mx\/nw\/wp-json\/wp\/v2\/categories?post=146124"},{"taxonomy":"post_tag","embeddable":true,"href":"https:\/\/elcuartopoder.com.mx\/nw\/wp-json\/wp\/v2\/tags?post=146124"}],"curies":[{"name":"wp","href":"https:\/\/api.w.org\/{rel}","templated":true}]}}