{"id":146968,"date":"2025-10-21T16:09:05","date_gmt":"2025-10-21T21:09:05","guid":{"rendered":"https:\/\/elcuartopoder.com.mx\/nw\/?p=146968"},"modified":"2025-10-21T16:09:07","modified_gmt":"2025-10-21T21:09:07","slug":"la-oreja-de-van-gogh-vende-mas-de-100-000-entradas-en-una-hora-y-anuncia-nuevos-conciertos","status":"publish","type":"post","link":"https:\/\/elcuartopoder.com.mx\/nw\/entretenimiento\/espectaculos\/la-oreja-de-van-gogh-vende-mas-de-100-000-entradas-en-una-hora-y-anuncia-nuevos-conciertos\/","title":{"rendered":"La Oreja de Van Gogh vende m\u00e1s de 100.000 entradas en una hora y anuncia nuevos conciertos"},"content":{"rendered":"\n<p>La banda donostiarra repetir\u00e1 en varias ciudades, y valora seguir a\u00f1adiendo m\u00e1s fechas<\/p>\n\n\n\n<p>Tras anunciar su gira de reuni\u00f3n con Amaia Montero,&nbsp;<a href=\"https:\/\/www.abc.es\/cultura\/musica\/oreja-van-gogh-anuncia-gira-amaia-montero-20251017120434-nt.html\" target=\"_blank\" rel=\"noreferrer noopener\">La Oreja de Van Gogh<\/a>&nbsp;ha vendido m\u00e1s de 100.000 entradas en una hora desde su puesta a la venta a las 16h de este lunes y ha anunciado nuevas fechas en San Sebasti\u00e1n,&nbsp;&#8230;<\/p>\n\n\n\n<p>Fuente: ABC<\/p>\n","protected":false},"excerpt":{"rendered":"<p>La banda donostiarra repetir\u00e1 en varias ciudades, y valora seguir a\u00f1adiendo m\u00e1s fechas Tras anunciar su gira de reuni\u00f3n con Amaia Montero,&nbsp;La Oreja de Van Gogh&nbsp;ha vendido m\u00e1s de 100.000 entradas en una hora desde su puesta a la venta a las 16h de este lunes y ha anunciado nuevas fechas en San Sebasti\u00e1n,&nbsp;&#8230; Fuente: [&hellip;]<\/p>\n","protected":false},"author":2,"featured_media":146969,"comment_status":"open","ping_status":"open","sticky":false,"template":"","format":"standard","meta":{"footnotes":""},"categories":[11],"tags":[],"class_list":["post-146968","post","type-post","status-publish","format-standard","has-post-thumbnail","hentry","category-espectaculos"],"_links":{"self":[{"href":"https:\/\/elcuartopoder.com.mx\/nw\/wp-json\/wp\/v2\/posts\/146968","targetHints":{"allow":["GET"]}}],"collection":[{"href":"https:\/\/elcuartopoder.com.mx\/nw\/wp-json\/wp\/v2\/posts"}],"about":[{"href":"https:\/\/elcuartopoder.com.mx\/nw\/wp-json\/wp\/v2\/types\/post"}],"author":[{"embeddable":true,"href":"https:\/\/elcuartopoder.com.mx\/nw\/wp-json\/wp\/v2\/users\/2"}],"replies":[{"embeddable":true,"href":"https:\/\/elcuartopoder.com.mx\/nw\/wp-json\/wp\/v2\/comments?post=146968"}],"version-history":[{"count":1,"href":"https:\/\/elcuartopoder.com.mx\/nw\/wp-json\/wp\/v2\/posts\/146968\/revisions"}],"predecessor-version":[{"id":146970,"href":"https:\/\/elcuartopoder.com.mx\/nw\/wp-json\/wp\/v2\/posts\/146968\/revisions\/146970"}],"wp:featuredmedia":[{"embeddable":true,"href":"https:\/\/elcuartopoder.com.mx\/nw\/wp-json\/wp\/v2\/media\/146969"}],"wp:attachment":[{"href":"https:\/\/elcuartopoder.com.mx\/nw\/wp-json\/wp\/v2\/media?parent=146968"}],"wp:term":[{"taxonomy":"category","embeddable":true,"href":"https:\/\/elcuartopoder.com.mx\/nw\/wp-json\/wp\/v2\/categories?post=146968"},{"taxonomy":"post_tag","embeddable":true,"href":"https:\/\/elcuartopoder.com.mx\/nw\/wp-json\/wp\/v2\/tags?post=146968"}],"curies":[{"name":"wp","href":"https:\/\/api.w.org\/{rel}","templated":true}]}}