{"id":147083,"date":"2025-10-23T09:05:54","date_gmt":"2025-10-23T14:05:54","guid":{"rendered":"https:\/\/elcuartopoder.com.mx\/nw\/?p=147083"},"modified":"2025-10-23T09:05:56","modified_gmt":"2025-10-23T14:05:56","slug":"advierten-hoteleros-perdida-del-40-de-playas-en-2050-en-el-caribe-mexicano","status":"publish","type":"post","link":"https:\/\/elcuartopoder.com.mx\/nw\/estatales\/advierten-hoteleros-perdida-del-40-de-playas-en-2050-en-el-caribe-mexicano\/","title":{"rendered":"Advierten hoteleros p\u00e9rdida del 40% de playas en 2050 en el Caribe Mexicano"},"content":{"rendered":"\n<p>Empresarios, elaborar\u00e1n una agenda de acciones para combatir el cambio clim\u00e1tico el pr\u00f3ximo 19 de noviembre.<\/p>\n\n\n\n<p>El&nbsp;<strong>sector hotelero de Canc\u00fan&nbsp;<\/strong>alert\u00f3 sobre la posibilidad de perder hasta el 40% de las playas del Caribe Mexicano antes de 2050, ante lo cual elaborar\u00e1n una agenda de acciones para combatir el cambio clim\u00e1tico.&nbsp;<\/p>\n\n\n\n<p>\u00c9sta se presentar\u00e1 el pr\u00f3ximo 19 de noviembre ante l\u00edderes empresariales, autoridades y especialistas durante el<strong>&nbsp;2o Foro de Sostenibilidad de Quintana Roo 2025,<\/strong>&nbsp;bajo el lema \u201c<em>Construyendo destinos que cuidan el futuro\u201d,<\/em>&nbsp;inform\u00f3 Jos\u00e9 Carlos Olvera, presidente del Consejo Coordinador Empresarial del Caribe, uno de los organizadores del evento.&nbsp;<\/p>\n\n\n\n<p>\u201cEl a\u00f1o pasado tuvimos un exitoso primer foro, hablar de sostenibilidad y f\u00e1cil se confunde con la conservaci\u00f3n, pero es mucho m\u00e1s all\u00e1 para mejorar las condiciones para que uno se desarrolle, mejorar las condiciones sociales, y es hacerlo en equilibrio con la naturaleza\u201d, expuso el dirigente del CCE.\u00a0<\/p>\n\n\n\n<figure class=\"wp-block-image size-full is-resized\"><img loading=\"lazy\" decoding=\"async\" width=\"580\" height=\"386\" src=\"https:\/\/elcuartopoder.com.mx\/nw\/wp-content\/uploads\/2025\/10\/image-68.png\" alt=\"\" class=\"wp-image-147084\" style=\"width:726px;height:auto\" srcset=\"https:\/\/elcuartopoder.com.mx\/nw\/wp-content\/uploads\/2025\/10\/image-68.png 580w, https:\/\/elcuartopoder.com.mx\/nw\/wp-content\/uploads\/2025\/10\/image-68-300x200.png 300w\" sizes=\"auto, (max-width: 580px) 100vw, 580px\" \/><\/figure>\n\n\n\n<p><a href=\"https:\/\/images.sipse.com\/9VsttJsuVrEt2zCKB_1nevv7f24=\/fit-in\/900x500\/2025\/10\/22\/1761101134020.jpeg\"><\/a><\/p>\n\n\n\n<p>Advierten hoteleros inminente p\u00e9rdida del 40% de playas en 2050 \/ (Foto: Jos\u00e9 Aldair)<\/p>\n\n\n\n<p>Este foro aspira a consolidarse como una plataforma estrat\u00e9gica para convertir a Quintana Roo en un modelo de&nbsp;<em>turismo m\u00e1s resiliente, consciente y ambientalmente responsable, capaz de enfrentar los desaf\u00edos del presente y futuro.<\/em><\/p>\n\n\n\n<p>Se espera durante el evento que las cadenas hoteleras den a conocer las acciones en materia ambiental que realizan diariamente y se espera que se presente un modelo de medici\u00f3n de las emisiones de carbono que permita establecer metas de reducci\u00f3n por parte de los hoteles en los pr\u00f3ximos a\u00f1os.&nbsp;<\/p>\n\n\n\n<p>As\u00ed lo adelant\u00f3 Rodrigo de la Pe\u00f1a, presidente de los&nbsp;<strong>hoteleros de Canc\u00fan, Puerto Morelos e Isla Mujeres,<\/strong>&nbsp;quien dijo que ya en otros pa\u00edses se exige por ley que los hoteles no s\u00f3lo miden su huella de carbono, sino que se auto impongan metas de mitigaci\u00f3n que son supervisadas por las autoridades ambientales.&nbsp;<\/p>\n\n\n\n<p>Anticip\u00f3 que tarde o temprano ese mismo tipo de normativas llegar\u00e1n a M\u00e9xico, por lo que urge que de manera voluntaria el sector hotelero se adelante a las autoridades y por cuenta propia comiencen a desplegar medidas que contribuyan a mitigar el impacto ambiental del turismo, pues de otra manera se perder\u00e1n las playas y dem\u00e1s recursos que hacen atractivo el Caribe mexicano.&nbsp;<\/p>\n\n\n\n<p>Fuente: SIPSE<\/p>\n\n\n\n<blockquote class=\"wp-block-quote is-layout-flow wp-block-quote-is-layout-flow\"><\/blockquote>\n","protected":false},"excerpt":{"rendered":"<p>Empresarios, elaborar\u00e1n una agenda de acciones para combatir el cambio clim\u00e1tico el pr\u00f3ximo 19 de noviembre. El&nbsp;sector hotelero de Canc\u00fan&nbsp;alert\u00f3 sobre la posibilidad de perder hasta el 40% de las playas del Caribe Mexicano antes de 2050, ante lo cual elaborar\u00e1n una agenda de acciones para combatir el cambio clim\u00e1tico.&nbsp; \u00c9sta se presentar\u00e1 el pr\u00f3ximo [&hellip;]<\/p>\n","protected":false},"author":2,"featured_media":147085,"comment_status":"open","ping_status":"open","sticky":false,"template":"","format":"standard","meta":{"footnotes":""},"categories":[60],"tags":[],"class_list":["post-147083","post","type-post","status-publish","format-standard","has-post-thumbnail","hentry","category-estatales"],"_links":{"self":[{"href":"https:\/\/elcuartopoder.com.mx\/nw\/wp-json\/wp\/v2\/posts\/147083","targetHints":{"allow":["GET"]}}],"collection":[{"href":"https:\/\/elcuartopoder.com.mx\/nw\/wp-json\/wp\/v2\/posts"}],"about":[{"href":"https:\/\/elcuartopoder.com.mx\/nw\/wp-json\/wp\/v2\/types\/post"}],"author":[{"embeddable":true,"href":"https:\/\/elcuartopoder.com.mx\/nw\/wp-json\/wp\/v2\/users\/2"}],"replies":[{"embeddable":true,"href":"https:\/\/elcuartopoder.com.mx\/nw\/wp-json\/wp\/v2\/comments?post=147083"}],"version-history":[{"count":1,"href":"https:\/\/elcuartopoder.com.mx\/nw\/wp-json\/wp\/v2\/posts\/147083\/revisions"}],"predecessor-version":[{"id":147086,"href":"https:\/\/elcuartopoder.com.mx\/nw\/wp-json\/wp\/v2\/posts\/147083\/revisions\/147086"}],"wp:featuredmedia":[{"embeddable":true,"href":"https:\/\/elcuartopoder.com.mx\/nw\/wp-json\/wp\/v2\/media\/147085"}],"wp:attachment":[{"href":"https:\/\/elcuartopoder.com.mx\/nw\/wp-json\/wp\/v2\/media?parent=147083"}],"wp:term":[{"taxonomy":"category","embeddable":true,"href":"https:\/\/elcuartopoder.com.mx\/nw\/wp-json\/wp\/v2\/categories?post=147083"},{"taxonomy":"post_tag","embeddable":true,"href":"https:\/\/elcuartopoder.com.mx\/nw\/wp-json\/wp\/v2\/tags?post=147083"}],"curies":[{"name":"wp","href":"https:\/\/api.w.org\/{rel}","templated":true}]}}