{"id":147093,"date":"2025-10-23T09:31:54","date_gmt":"2025-10-23T14:31:54","guid":{"rendered":"https:\/\/elcuartopoder.com.mx\/nw\/?p=147093"},"modified":"2025-10-23T09:31:56","modified_gmt":"2025-10-23T14:31:56","slug":"la-falta-de-productividad-mexicana","status":"publish","type":"post","link":"https:\/\/elcuartopoder.com.mx\/nw\/editorial\/la-falta-de-productividad-mexicana\/","title":{"rendered":"La falta de productividad mexicana"},"content":{"rendered":"\n<p><strong>\u00abDesde el a\u00f1o 2000, el a\u00f1o de la transici\u00f3n, nuestro pa\u00eds ha crecido a una tasa promedio de aproximadamente 1.5 por ciento, el PIB per c\u00e1pita 0.3 por ciento y la productividad anual s\u00f3lo el 0.86 por ciento\u00bb.<\/strong><\/p>\n\n\n\n<p>M\u00e9xico lleva ya tiempo siendo un pa\u00eds en el que la productividad no aumenta como deber\u00eda, una caracter\u00edstica tanto de los gobiernos de la transici\u00f3n como de los de la llamada 4T.<\/p>\n\n\n\n<p>Esto es lo que muestra un documento publicado por el Baker Institute firmado por Santiago Levy y que muestra las perspectivas de crecimiento econ\u00f3mico y la protecci\u00f3n social en M\u00e9xico.<\/p>\n\n\n\n<p>Desde el a\u00f1o 2000, el a\u00f1o de la transici\u00f3n, nuestro pa\u00eds ha crecido a una tasa promedio de aproximadamente 1.5 por ciento, el PIB per c\u00e1pita 0.3 por ciento y la productividad anual s\u00f3lo el 0.86 por ciento.<\/p>\n\n\n\n<p>De acuerdo con Levy, la causa central de la falta de productividad se debe a que el 55 por ciento de los trabajadores y el 90 por ciento de las empresas se encuentran en la informalidad, a pesar de los beneficios del NAFTA y luego del T-MEC.<\/p>\n\n\n\n<p>A su vez, el 88 por ciento de las empresas informales cuenta con tan s\u00f3lo 2.2 por ciento de trabajadores en promedio. Se trata de gente que no recibe el tipo de prestaciones que hab\u00edan sido consideradas conquistas durante la modernidad.<\/p>\n\n\n\n<p>Tal situaci\u00f3n se explica por una serie de razones, entre las que destacan un sistema de seguridad social mal dise\u00f1ado, leyes fiscales y del trabajo que no responden a los desaf\u00edos contempor\u00e1neos, as\u00ed como una falta de cumplimiento del derecho comercial y crediticio.<\/p>\n\n\n\n<p>Como resultado de todo esto, en M\u00e9xico seis millones de empresas producen 1.7 trillones de d\u00f3lares, mientras que en Estados Unidos ocho millones de ellas producen alrededor de 30 trillones de d\u00f3lares.<\/p>\n\n\n\n<p>Como se aprecia, este diferencial en productividad es enorme. Una cosa es cierta: esto no se debe a que el mexicano no sea trabajador en comparaci\u00f3n con sus colegas estadounidenses. De hecho, un peso invertido en capital y trabajo en una empresa formal rinde un 39 por ciento m\u00e1s de valor que en una empresa informal. La respuesta apunta m\u00e1s bien a dise\u00f1os institucionales defectuosos en el caso de M\u00e9xico.<\/p>\n\n\n\n<p>La pregunta pertinente, en este punto, es por qu\u00e9 diversos gobiernos han fallado en establecer instituciones que promuevan y no desalienten la productividad que es la base del crecimiento.<\/p>\n\n\n\n<p>Si nos enfocamos a la situaci\u00f3n del actual Gobierno nos damos cuenta que al ancestral problema de la informalidad se han agregado otros, por ejemplo, el de la baja inversi\u00f3n en infraestructura, educaci\u00f3n y salud. Estos tres aspectos son indudablemente fundamentos importantes para cualquier despegue hacia una mayor productividad.<\/p>\n\n\n\n<p>Como lo muestra Levy en su an\u00e1lisis la baja productividad a su vez tiene consecuencias en las finanzas p\u00fablicas, pues el Gobierno tiene que hacerse de recursos adicionales que s\u00f3lo pueden aumentar la deuda y el d\u00e9ficit gubernamental, lo que ha venido y sigue ocurriendo en M\u00e9xico.<\/p>\n\n\n\n<p>La receta seguida por el Gobierno del sexenio anterior fracas\u00f3 rotundamente en hacer crecer la econom\u00eda. M\u00e1s le vale a los actuales gestores gubernamentales establecer una estrategia que corresponda al verdadero poder productivo de los mexicanos.<\/p>\n\n\n\n<p>Fuente: sinembargo<\/p>\n","protected":false},"excerpt":{"rendered":"<p>\u00abDesde el a\u00f1o 2000, el a\u00f1o de la transici\u00f3n, nuestro pa\u00eds ha crecido a una tasa promedio de aproximadamente 1.5 por ciento, el PIB per c\u00e1pita 0.3 por ciento y la productividad anual s\u00f3lo el 0.86 por ciento\u00bb. M\u00e9xico lleva ya tiempo siendo un pa\u00eds en el que la productividad no aumenta como deber\u00eda, una [&hellip;]<\/p>\n","protected":false},"author":2,"featured_media":147094,"comment_status":"open","ping_status":"open","sticky":false,"template":"","format":"standard","meta":{"footnotes":""},"categories":[63],"tags":[],"class_list":["post-147093","post","type-post","status-publish","format-standard","has-post-thumbnail","hentry","category-editorial"],"_links":{"self":[{"href":"https:\/\/elcuartopoder.com.mx\/nw\/wp-json\/wp\/v2\/posts\/147093","targetHints":{"allow":["GET"]}}],"collection":[{"href":"https:\/\/elcuartopoder.com.mx\/nw\/wp-json\/wp\/v2\/posts"}],"about":[{"href":"https:\/\/elcuartopoder.com.mx\/nw\/wp-json\/wp\/v2\/types\/post"}],"author":[{"embeddable":true,"href":"https:\/\/elcuartopoder.com.mx\/nw\/wp-json\/wp\/v2\/users\/2"}],"replies":[{"embeddable":true,"href":"https:\/\/elcuartopoder.com.mx\/nw\/wp-json\/wp\/v2\/comments?post=147093"}],"version-history":[{"count":1,"href":"https:\/\/elcuartopoder.com.mx\/nw\/wp-json\/wp\/v2\/posts\/147093\/revisions"}],"predecessor-version":[{"id":147095,"href":"https:\/\/elcuartopoder.com.mx\/nw\/wp-json\/wp\/v2\/posts\/147093\/revisions\/147095"}],"wp:featuredmedia":[{"embeddable":true,"href":"https:\/\/elcuartopoder.com.mx\/nw\/wp-json\/wp\/v2\/media\/147094"}],"wp:attachment":[{"href":"https:\/\/elcuartopoder.com.mx\/nw\/wp-json\/wp\/v2\/media?parent=147093"}],"wp:term":[{"taxonomy":"category","embeddable":true,"href":"https:\/\/elcuartopoder.com.mx\/nw\/wp-json\/wp\/v2\/categories?post=147093"},{"taxonomy":"post_tag","embeddable":true,"href":"https:\/\/elcuartopoder.com.mx\/nw\/wp-json\/wp\/v2\/tags?post=147093"}],"curies":[{"name":"wp","href":"https:\/\/api.w.org\/{rel}","templated":true}]}}