{"id":147376,"date":"2025-10-29T12:12:33","date_gmt":"2025-10-29T17:12:33","guid":{"rendered":"https:\/\/elcuartopoder.com.mx\/nw\/?p=147376"},"modified":"2025-10-29T12:12:35","modified_gmt":"2025-10-29T17:12:35","slug":"el-senador-ivan-cepeda-elegido-como-candidato-presidencial-del-partido-del-presidente-colombiano-gustavo-petro","status":"publish","type":"post","link":"https:\/\/elcuartopoder.com.mx\/nw\/politica\/el-senador-ivan-cepeda-elegido-como-candidato-presidencial-del-partido-del-presidente-colombiano-gustavo-petro\/","title":{"rendered":"El senador Iv\u00e1n Cepeda, elegido como candidato presidencial del partido del presidente colombiano Gustavo Petro"},"content":{"rendered":"\n<p>Supera a la exministra de Salud Carolina Corcho con casi m\u00e1s del 65% de la votaci\u00f3n.<\/p>\n\n\n\n<p>El senador colombiano Iv\u00e1n Cepeda\u00a0se impuso este domingo en la consulta interna del\u00a0Pacto Hist\u00f3rico, el movimiento que llev\u00f3 a\u00a0Gustavo Petro\u00a0a la presidencia en 2022, y ser\u00e1 el candidato oficial de la coalici\u00f3n para las elecciones de 2026.<\/p>\n\n\n\n<p>Fuente: ABC<\/p>\n","protected":false},"excerpt":{"rendered":"<p>Supera a la exministra de Salud Carolina Corcho con casi m\u00e1s del 65% de la votaci\u00f3n. El senador colombiano Iv\u00e1n Cepeda\u00a0se impuso este domingo en la consulta interna del\u00a0Pacto Hist\u00f3rico, el movimiento que llev\u00f3 a\u00a0Gustavo Petro\u00a0a la presidencia en 2022, y ser\u00e1 el candidato oficial de la coalici\u00f3n para las elecciones de 2026. Fuente: ABC<\/p>\n","protected":false},"author":2,"featured_media":147378,"comment_status":"open","ping_status":"open","sticky":false,"template":"","format":"standard","meta":{"footnotes":""},"categories":[61],"tags":[],"class_list":["post-147376","post","type-post","status-publish","format-standard","has-post-thumbnail","hentry","category-politica"],"_links":{"self":[{"href":"https:\/\/elcuartopoder.com.mx\/nw\/wp-json\/wp\/v2\/posts\/147376","targetHints":{"allow":["GET"]}}],"collection":[{"href":"https:\/\/elcuartopoder.com.mx\/nw\/wp-json\/wp\/v2\/posts"}],"about":[{"href":"https:\/\/elcuartopoder.com.mx\/nw\/wp-json\/wp\/v2\/types\/post"}],"author":[{"embeddable":true,"href":"https:\/\/elcuartopoder.com.mx\/nw\/wp-json\/wp\/v2\/users\/2"}],"replies":[{"embeddable":true,"href":"https:\/\/elcuartopoder.com.mx\/nw\/wp-json\/wp\/v2\/comments?post=147376"}],"version-history":[{"count":1,"href":"https:\/\/elcuartopoder.com.mx\/nw\/wp-json\/wp\/v2\/posts\/147376\/revisions"}],"predecessor-version":[{"id":147379,"href":"https:\/\/elcuartopoder.com.mx\/nw\/wp-json\/wp\/v2\/posts\/147376\/revisions\/147379"}],"wp:featuredmedia":[{"embeddable":true,"href":"https:\/\/elcuartopoder.com.mx\/nw\/wp-json\/wp\/v2\/media\/147378"}],"wp:attachment":[{"href":"https:\/\/elcuartopoder.com.mx\/nw\/wp-json\/wp\/v2\/media?parent=147376"}],"wp:term":[{"taxonomy":"category","embeddable":true,"href":"https:\/\/elcuartopoder.com.mx\/nw\/wp-json\/wp\/v2\/categories?post=147376"},{"taxonomy":"post_tag","embeddable":true,"href":"https:\/\/elcuartopoder.com.mx\/nw\/wp-json\/wp\/v2\/tags?post=147376"}],"curies":[{"name":"wp","href":"https:\/\/api.w.org\/{rel}","templated":true}]}}