{"id":149689,"date":"2026-08-31T07:15:00","date_gmt":"2026-08-31T12:15:00","guid":{"rendered":"https:\/\/elcuartopoder.com.mx\/nw\/?p=149689"},"modified":"2026-08-30T20:55:54","modified_gmt":"2026-08-31T01:55:54","slug":"esto-es-lo-que-debe-pesar-la-mochila-del-regreso-a-clases-imss","status":"publish","type":"post","link":"https:\/\/elcuartopoder.com.mx\/nw\/qtp\/esto-es-lo-que-debe-pesar-la-mochila-del-regreso-a-clases-imss\/","title":{"rendered":"Esto es lo que debe pesar la mochila del regreso a clases: IMSS"},"content":{"rendered":"\n<p class=\"wp-block-paragraph\">El IMSS emiti\u00f3 recomendaciones para el regreso a clases 2026-2027: vacunaci\u00f3n, descanso, lonchera saludable y revisi\u00f3n de vista y o\u00eddo.<\/p>\n\n\n\n<p class=\"wp-block-paragraph\">El Instituto Mexicano del Seguro Social (IMSS) emiti\u00f3 recomendaciones de salud para el ciclo escolar 2026-2027 en el pa\u00eds, con el fin de prevenir enfermedades y favorecer el rendimiento escolar.<\/p>\n\n\n\n<p class=\"wp-block-paragraph\">\u00bfC\u00f3mo preparar una alimentaci\u00f3n y descanso adecuados para el rendimiento escolar?<\/p>\n\n\n\n<p class=\"wp-block-paragraph\">La doctora Hortensia Vega Vega, jefa de \u00e1rea en la Divisi\u00f3n de Medicina Familiar de la Coordinaci\u00f3n de Unidades de Primer Nivel del IMSS, explic\u00f3 que el&nbsp;<strong>rendimiento<\/strong>&nbsp;<strong>escolar depende en gran medida de los h\u00e1bitos diarios en el hogar.<\/strong><\/p>\n\n\n\n<p class=\"wp-block-paragraph\">Para lograrlo, la especialista se\u00f1al\u00f3 la&nbsp;<strong>importancia de dormir al menos ocho horas diarias<\/strong>&nbsp;y mantener una alimentaci\u00f3n equilibrada. La colaci\u00f3n escolar debe contener&nbsp;<strong>porciones peque\u00f1as de nutrientes esenciales<\/strong>.<\/p>\n\n\n\n<p class=\"wp-block-paragraph\">Al respecto, sugiri\u00f3 incluir frutas de temporada, verduras, semillas como nueces y cacahuates, adem\u00e1s de un s\u00e1ndwich de jam\u00f3n con queso panela o fresco acompa\u00f1ado de ensalada de pepino y zanahoria.<\/p>\n\n\n\n<p class=\"wp-block-paragraph\">Asimismo, Vega Vega enfatiz\u00f3 la necesidad de&nbsp;<strong>mantener un consumo constante de agua simple<\/strong>&nbsp;<strong>de un litro a litro y medio al d\u00eda<\/strong>, cantidad que debe incrementarse si sube la temperatura ambiental o al realizar actividad f\u00edsica.<\/p>\n\n\n\n<p class=\"wp-block-paragraph\">\u00bfCu\u00e1nto debe pesar la mochila escolar?<\/p>\n\n\n\n<p class=\"wp-block-paragraph\">Para&nbsp;<strong>prevenir accidentes y evitar lesiones posturales en los menores<\/strong>, el instituto brind\u00f3 especificaciones sobre el equipo que utilizar\u00e1n las ni\u00f1as y ni\u00f1os durante sus traslados y estancia en las escuelas.<\/p>\n\n\n\n<p class=\"wp-block-paragraph\">En cuanto al calzado, la especialista recomend\u00f3 que sea c\u00f3modo, flexible, acojinado, con suela antiderrapante y de medio n\u00famero m\u00e1s grande que el pie del menor para garantizar mayor comodidad.<\/p>\n\n\n\n<p class=\"wp-block-paragraph\">Respecto a las mochilas, precis\u00f3 que deben ser amplias y contar con correas anchas y acojinadas para colgarse en ambos hombros. Destac\u00f3 que el&nbsp;<strong>peso total de la mochila no debe rebasar del 10 al 15 % del peso corporal del ni\u00f1o<\/strong>, evitando as\u00ed problemas en la columna vertebral.<\/p>\n\n\n\n<p class=\"wp-block-paragraph\">\u00bfCu\u00e1ndo se debe llevar a los menores a la Unidad de Medicina Familiar?<\/p>\n\n\n\n<p class=\"wp-block-paragraph\">El IMSS inst\u00f3 a los padres de familia a revisar que sus hijos cuenten con el esquema de vacunaci\u00f3n completo para evitar enfermedades contagiosas. De igual forma, recomend\u00f3 prestar atenci\u00f3n a se\u00f1ales que sugieran problemas de visi\u00f3n o audici\u00f3n para acudir de inmediato a su Unidad de Medicina Familiar (UMF).<\/p>\n\n\n\n<p class=\"wp-block-paragraph\">En materia visual,&nbsp;<strong>se debe vigilar si los menores parpadean o se tallan los ojos con frecuencia<\/strong>, o si fijan la mirada por varios segundos al usar dispositivos electr\u00f3nicos. En el aspecto auditivo, los padres deben estar atentos si las ni\u00f1as o ni\u00f1os piden que se les eleve la voz para entender a maestros y compa\u00f1eros.<\/p>\n\n\n\n<p class=\"wp-block-paragraph\">Vega Vega aclar\u00f3 que, aunque en ocasiones estos s\u00edntomas responden a un tap\u00f3n de cerumen, es necesaria la valoraci\u00f3n m\u00e9dica profesional.<\/p>\n\n\n\n<p class=\"wp-block-paragraph\">Finalmente, la m\u00e9dica subray\u00f3&nbsp;<strong>la importancia de aplicar protector solar con factor 30 o superior y ense\u00f1ar a los menores a usar sombrero de ala ancha<\/strong>&nbsp;para cuidar su piel de la radiaci\u00f3n ultravioleta. Todos estos h\u00e1bitos deben reforzarse diariamente en casa para que los menores aprendan a cuidar su salud de forma rutina desde la infancia<\/p>\n\n\n\n<p class=\"wp-block-paragraph\">Recomendaciones del IMSS para el regreso a clases<\/p>\n\n\n\n<ul class=\"wp-block-list\">\n<li><strong>Descanso e hidrataci\u00f3n<\/strong>:\u00a0Garantizar al menos ocho horas de sue\u00f1o al d\u00eda y el consumo de un litro a litro y medio de agua simple diariamente.<\/li>\n\n\n\n<li><strong>Nutrici\u00f3n adecuada<\/strong>:\u00a0Incluir en el refrigerio escolar porciones de prote\u00ednas, carbohidratos, fibra, verduras y frutas de temporada.<\/li>\n\n\n\n<li><strong>Calzado y mochila<\/strong>:\u00a0Elegir zapatos c\u00f3modos, flexibles y medio n\u00famero m\u00e1s grandes; la mochila no debe superar el 10 al 15 % del peso corporal del menor.<\/li>\n\n\n\n<li><strong>Protecci\u00f3n solar<\/strong>:\u00a0Aplicar bloqueador solar con factor 30 o superior y fomentar el uso de sombrero de ala ancha.<\/li>\n\n\n\n<li><strong>Prevenci\u00f3n m\u00e9dica<\/strong>:\u00a0Verificar el esquema completo de vacunaci\u00f3n y acudir a la Unidad de Medicina Familiar ante se\u00f1ales de alerta en vista u o\u00eddo.<\/li>\n<\/ul>\n\n\n\n<p class=\"wp-block-paragraph\">Fuente: SIPSE<\/p>\n","protected":false},"excerpt":{"rendered":"<p>El IMSS emiti\u00f3 recomendaciones para el regreso a clases 2026-2027: vacunaci\u00f3n, descanso, lonchera saludable y revisi\u00f3n de vista y o\u00eddo. El Instituto Mexicano del Seguro Social (IMSS) emiti\u00f3 recomendaciones de salud para el ciclo escolar 2026-2027 en el pa\u00eds, con el fin de prevenir enfermedades y favorecer el rendimiento escolar. \u00bfC\u00f3mo preparar una alimentaci\u00f3n y [&hellip;]<\/p>\n","protected":false},"author":2,"featured_media":149690,"comment_status":"open","ping_status":"open","sticky":false,"template":"","format":"standard","meta":{"footnotes":""},"categories":[58],"tags":[],"class_list":["post-149689","post","type-post","status-publish","format-standard","has-post-thumbnail","hentry","category-qtp"],"_links":{"self":[{"href":"https:\/\/elcuartopoder.com.mx\/nw\/wp-json\/wp\/v2\/posts\/149689","targetHints":{"allow":["GET"]}}],"collection":[{"href":"https:\/\/elcuartopoder.com.mx\/nw\/wp-json\/wp\/v2\/posts"}],"about":[{"href":"https:\/\/elcuartopoder.com.mx\/nw\/wp-json\/wp\/v2\/types\/post"}],"author":[{"embeddable":true,"href":"https:\/\/elcuartopoder.com.mx\/nw\/wp-json\/wp\/v2\/users\/2"}],"replies":[{"embeddable":true,"href":"https:\/\/elcuartopoder.com.mx\/nw\/wp-json\/wp\/v2\/comments?post=149689"}],"version-history":[{"count":1,"href":"https:\/\/elcuartopoder.com.mx\/nw\/wp-json\/wp\/v2\/posts\/149689\/revisions"}],"predecessor-version":[{"id":149691,"href":"https:\/\/elcuartopoder.com.mx\/nw\/wp-json\/wp\/v2\/posts\/149689\/revisions\/149691"}],"wp:featuredmedia":[{"embeddable":true,"href":"https:\/\/elcuartopoder.com.mx\/nw\/wp-json\/wp\/v2\/media\/149690"}],"wp:attachment":[{"href":"https:\/\/elcuartopoder.com.mx\/nw\/wp-json\/wp\/v2\/media?parent=149689"}],"wp:term":[{"taxonomy":"category","embeddable":true,"href":"https:\/\/elcuartopoder.com.mx\/nw\/wp-json\/wp\/v2\/categories?post=149689"},{"taxonomy":"post_tag","embeddable":true,"href":"https:\/\/elcuartopoder.com.mx\/nw\/wp-json\/wp\/v2\/tags?post=149689"}],"curies":[{"name":"wp","href":"https:\/\/api.w.org\/{rel}","templated":true}]}}