{"id":149728,"date":"2026-08-31T09:59:30","date_gmt":"2026-08-31T14:59:30","guid":{"rendered":"https:\/\/elcuartopoder.com.mx\/nw\/?p=149728"},"modified":"2026-08-31T10:12:27","modified_gmt":"2026-08-31T15:12:27","slug":"morena-poder-putrefacto","status":"publish","type":"post","link":"https:\/\/elcuartopoder.com.mx\/nw\/opinion\/morena-poder-putrefacto\/","title":{"rendered":"Morena: Poder putrefacto"},"content":{"rendered":"\n<p class=\"wp-block-paragraph\">Los datos son elocuentes. El 29 de abril, una corte del Distrito Sur de Nueva York se\u00f1al\u00f3 a Rocha Moya, junto con otros nueve funcionarios y exfuncionarios sinaloenses<\/p>\n\n\n\n<p class=\"wp-block-paragraph\">Hay episodios que no cuentan una an\u00e9cdota, sino que exhiben una radiograf\u00eda completa. Lo ocurrido con&nbsp;<strong>Rub\u00e9n Rocha Moya<\/strong>&nbsp;en&nbsp;<strong>Sinaloa&nbsp;<\/strong>es exactamente eso: la podredumbre de un<strong>&nbsp;proyecto pol\u00edtico<\/strong>&nbsp;dejando al descubierto el cuerpo decr\u00e9pito de un sistema construido sobre principios mentirosos y sostenido por un liderazgo que gobierna desde el resentimiento y el odio, no desde la ley ni la evidencia.<\/p>\n\n\n\n<p class=\"wp-block-paragraph\">Los datos son elocuentes. El 29 de abril, una corte del<strong>&nbsp;Distrito Sur de Nueva York se\u00f1al\u00f3 a Rocha Moya,<\/strong>&nbsp;junto con otros nueve funcionarios y exfuncionarios sinaloenses, por presuntos v\u00ednculos con&nbsp;<strong>Los Chapitos&nbsp;<\/strong>a cambio de respaldo pol\u00edtico en la elecci\u00f3n de 2021.<\/p>\n\n\n\n<p class=\"wp-block-paragraph\">El 1 de mayo pidi\u00f3 licencia. Ciento doce d\u00edas despu\u00e9s, el viernes 21 de agosto, regres\u00f3 alegando que la Fiscal\u00eda no hall\u00f3 elementos en su contra. Poco m\u00e1s de treinta horas despu\u00e9s la solicit\u00f3 de nuevo, ya indefinida. Entre septiembre de 2024 y agosto de 2026, seg\u00fan la propia&nbsp;<strong>Coparmex&nbsp;<\/strong>estatal, Sinaloa perdi\u00f3 m\u00e1s de cinco mil empresas y veintisiete mil empleos: el costo real de gobernar bajo sospecha.<\/p>\n\n\n\n<p class=\"wp-block-paragraph\">Esto no es un tropiezo aislado. Es, como bien lo ha se\u00f1alado el presidente nacional Del PRI,&nbsp;<strong>Alejandro Moreno C\u00e1rdenas<\/strong>, la cara visible de un patr\u00f3n que ya alcanza a otros gobiernos estatales de Morena, de Baja California a Tamaulipas, tambi\u00e9n se\u00f1alados por autoridades de Estados Unidos. Cuando el patr\u00f3n se repite en distintos estados con el mismo membrete partidista, ya no se puede hablar de casos aislados: se habla de un modelo.<\/p>\n\n\n\n<p class=\"wp-block-paragraph\">Por eso, desde el PRI seguiremos exigiendo, sin descanso, que Rocha Moya sea procesado conforme a derecho, aqu\u00ed o donde la justicia estadounidense lo requiera. Y exigimos, con la misma firmeza, que el gobierno de&nbsp;<strong>Claudia Sheinbaum&nbsp;<\/strong>deje de tratar cada esc\u00e1ndalo como un asunto ajeno: encubrir con silencio tambi\u00e9n es una forma de complicidad. Llamar \u00abdecisi\u00f3n personal\u00bb&nbsp;a una imputaci\u00f3n por narcotr\u00e1fico no exonera al Estado mexicano de investigar ni de rendir cuentas.<\/p>\n\n\n\n<p class=\"wp-block-paragraph\">La pr\u00f3xima semana arranca un nuevo periodo de sesiones, y desde la C\u00e1mara de Diputados el PRI seguir\u00e1 se\u00f1alando estos excesos, uno por uno. No pedimos venganza: pedimos que la ley pese igual para todos, que la justicia deje de usarse como instrumento de presi\u00f3n pol\u00edtica para perseguir opositores, cr\u00edticos, periodistas y activistas; los mismos que hoy documentan cada exceso de este poder.<\/p>\n\n\n\n<p class=\"wp-block-paragraph\">Mientras a un gobernador se\u00f1alado por narcotr\u00e1fico se le permite entrar y salir del cargo con un simple oficio, a quien denuncia se le persigue y se le se\u00f1ala por sospechoso desde el poder.<\/p>\n\n\n\n<p class=\"wp-block-paragraph\">El patr\u00f3n alcanza tambi\u00e9n al Poder Judicial. Mientras el gobierno federal incumple los plazos que le fij\u00f3 la Comisi\u00f3n Interamericana de Derechos Humanos para responder por los jueces destituidos con la reforma judicial, la propia Corte Interamericana ya analiza, en fase de supervisi\u00f3n, si esa reforma es compatible con las obligaciones internacionales de M\u00e9xico.<\/p>\n\n\n\n<p class=\"wp-block-paragraph\">Un r\u00e9gimen que no sostiene ni la independencia de sus jueces ni la legalidad de sus gobernadores no tiene autoridad moral para hablar de justicia y menos si sus triunfos electorales est\u00e1n marcados por el apoyo y financiamiento criminal.<\/p>\n\n\n\n<p class=\"wp-block-paragraph\">La verdad, tarde o temprano, deja de caber en un comunicado. Y cuando eso ocurre, lo que queda expuesto es un grotesco sistema de un poder putrefacto que aspira a mantenerse en el poder como un zombi. Pero caer\u00e1n con la valent\u00eda de millones de mexicanos y el poder de sus votos.<\/p>\n\n\n\n<p class=\"wp-block-paragraph\">POR LORENA PI\u00d1\u00d3N RIVERA\/ HERALDO DE MEXICO<\/p>\n","protected":false},"excerpt":{"rendered":"<p>Los datos son elocuentes. El 29 de abril, una corte del Distrito Sur de Nueva York se\u00f1al\u00f3 a Rocha Moya, junto con otros nueve funcionarios y exfuncionarios sinaloenses Hay episodios que no cuentan una an\u00e9cdota, sino que exhiben una radiograf\u00eda completa. Lo ocurrido con&nbsp;Rub\u00e9n Rocha Moya&nbsp;en&nbsp;Sinaloa&nbsp;es exactamente eso: la podredumbre de un&nbsp;proyecto pol\u00edtico&nbsp;dejando al descubierto [&hellip;]<\/p>\n","protected":false},"author":2,"featured_media":149729,"comment_status":"open","ping_status":"open","sticky":false,"template":"","format":"standard","meta":{"footnotes":""},"categories":[62],"tags":[],"class_list":["post-149728","post","type-post","status-publish","format-standard","has-post-thumbnail","hentry","category-opinion"],"_links":{"self":[{"href":"https:\/\/elcuartopoder.com.mx\/nw\/wp-json\/wp\/v2\/posts\/149728","targetHints":{"allow":["GET"]}}],"collection":[{"href":"https:\/\/elcuartopoder.com.mx\/nw\/wp-json\/wp\/v2\/posts"}],"about":[{"href":"https:\/\/elcuartopoder.com.mx\/nw\/wp-json\/wp\/v2\/types\/post"}],"author":[{"embeddable":true,"href":"https:\/\/elcuartopoder.com.mx\/nw\/wp-json\/wp\/v2\/users\/2"}],"replies":[{"embeddable":true,"href":"https:\/\/elcuartopoder.com.mx\/nw\/wp-json\/wp\/v2\/comments?post=149728"}],"version-history":[{"count":1,"href":"https:\/\/elcuartopoder.com.mx\/nw\/wp-json\/wp\/v2\/posts\/149728\/revisions"}],"predecessor-version":[{"id":149730,"href":"https:\/\/elcuartopoder.com.mx\/nw\/wp-json\/wp\/v2\/posts\/149728\/revisions\/149730"}],"wp:featuredmedia":[{"embeddable":true,"href":"https:\/\/elcuartopoder.com.mx\/nw\/wp-json\/wp\/v2\/media\/149729"}],"wp:attachment":[{"href":"https:\/\/elcuartopoder.com.mx\/nw\/wp-json\/wp\/v2\/media?parent=149728"}],"wp:term":[{"taxonomy":"category","embeddable":true,"href":"https:\/\/elcuartopoder.com.mx\/nw\/wp-json\/wp\/v2\/categories?post=149728"},{"taxonomy":"post_tag","embeddable":true,"href":"https:\/\/elcuartopoder.com.mx\/nw\/wp-json\/wp\/v2\/tags?post=149728"}],"curies":[{"name":"wp","href":"https:\/\/api.w.org\/{rel}","templated":true}]}}