{"id":74000,"date":"2019-11-04T21:56:06","date_gmt":"2019-11-05T02:56:06","guid":{"rendered":"http:\/\/elcuartopoder.com.mx\/nw\/?p=74000"},"modified":"2019-11-04T21:56:07","modified_gmt":"2019-11-05T02:56:07","slug":"amancio-ortega-se-embolsara-8125-millones-mas-gracias-al-dividendo-de-inditex","status":"publish","type":"post","link":"https:\/\/elcuartopoder.com.mx\/nw\/economia\/amancio-ortega-se-embolsara-8125-millones-mas-gracias-al-dividendo-de-inditex\/","title":{"rendered":"Amancio Ortega se embolsar\u00e1 812,5 millones m\u00e1s gracias al dividendo de Inditex"},"content":{"rendered":"\n<p>El principal accionista de Inditex y cofundador del grupo textil, el empresario Amancio Ortega, va a ver incrementada ma\u00f1ana su fortuna personal en unos 812,5 millones de euros; tras percibir lo que le corresponde del segundo pago del dividendo acordado por la compa\u00f1\u00eda, y que se abonar\u00e1 a cargo de los resultados de 2018.<\/p>\n\n\n\n<p>En concreto, posee el 59,29% de las acciones de Inditext y junto al primer pago del dividendo, que se abon\u00f3 el pasado 2 de mayo, pericibir\u00e1 este a\u00f1o un total de 1.626 millones de euros por este concepto. En la actualidad, Ortega ocupa el sexto lugar de la Lista Forbes de los m\u00e1s ricos del mundo liderada por el creador de Amazon Jeff Bezos y el expresidente de Microsoft Bill Gates. Hasta ma\u00f1ana su fortuna est\u00e1 estimada en m\u00e1s de 70.000 millones de d\u00f3lares, seg\u00fan la citada publicaci\u00f3n.<\/p>\n\n\n\n<p>No ser\u00e1 el empresario gallego el \u00fanico que percibir\u00e1 dividendos dentro de su familia: su hija Sandra Ortega, que posee el 5,05% de las acciones del grupo, cobrar\u00e1 69 millones de euros. La misma cifra que percibi\u00f3 en mayo.<\/p>\n\n\n\n<p>De esta forma, ambos se sumar\u00e1n al resto de accionistas de Inditex que en la \u00faltima Junta de Accionistas celebrada el pasado 16 de julio dio luz verde al abono de un dividendo ordinario complementario y de uno extraordinario de 0,44 euros por t\u00edtulo, hasta un total de 0,88 euros por acci\u00f3n a repartir con cargo al ejercicio de 2018. En este sentido, el pasado 2 de mayo ya se abon\u00f3 los primeros 0,44 euros. De esta forma la firma espa\u00f1ola, elev\u00f3 su \u00abpay out\u00bb (porcentaje del beneficio destinado a dividendos) del 50 al 60%.<\/p>\n\n\n\n<p><strong>Una campa\u00f1a de imagen<\/strong><\/p>\n\n\n\n<p>Una cifra que, sin duda, servir\u00e1 para seguir alimentando la pol\u00e9mica alrededor de las donaciones a la sanidad p\u00fablica del empresario por parte de los principales dirigentes de Unidas Podemos. El pasado viernes, el l\u00edder de la formaci\u00f3n morada Pablo Iglesias apunt\u00f3 en \u00abEl Hormiguero\u00bb que \u00ablo que es\u00b4a claro es que no paga como la gente que no est\u00e1 viendo, que paga impuestos como cabrones\u00bb y calific\u00f3 su labor filantr\u00f3pica, especialmente sobre tecnolog\u00eda contra el c\u00e1ncer , a \u00abuna campa\u00f1a de imagen\u00bb. Para Iglesias, \u00absi quiere que tengamos una buena sanidad, que pague impuestos\u00bb.<\/p>\n\n\n\n<p>\u00bfEst\u00e1s diciendo que a Amancio le dan beneficios?\u00bb, le pregunt\u00f3 Motos. \u00abS\u00ed. Bueno, o se busca las triqui\u00f1uelas legales, que aunque sean legales son injustas. Lo que est\u00e1 claro es que no paga como la gente que nos est\u00e1 viendo, que paga impuestos como cabrones. Lo que hace es una campa\u00f1a de imagen. Si quiere que tengamos una buena sanidad, que pague impuestos\u00bb, afirm\u00f3 Iglesias en \u00abEl hormiguero\u00bb, tajante. \u00ab\u00bfEn tu familia hay alguien con c\u00e1ncer?\u00bb, pregunt\u00f3 entonces el televisivo.<\/p>\n\n\n\n<p><strong>Buenas sensaciones para este a\u00f1o<\/strong><\/p>\n\n\n\n<p>Todo ello, en un momento en que Inditex ha cerrado el primer semestre de su ejercicio fiscal (de 1 de febrero a 31 de julio) con unas ventas de 12.820 millones de euros por primera vez en su historia, un 7% m\u00e1s que hace un a\u00f1o. Para este a\u00f1o la direcci\u00f3n de Inditex ha estimado un crecimiento en ventas para este a\u00f1o de entre el 4% y el 6%. En este sentido, el beneficio neto alcanz\u00f3 un nuevo techo hasta los 1.549 millones de euros que supone un 10% m\u00e1s que en 2018 y con incrementos de facturaci\u00f3n en las tiendas f\u00edsica y online.<\/p>\n\n\n\n<p><strong>Fuente:<\/strong> POR ESTO!<\/p>\n","protected":false},"excerpt":{"rendered":"<p>El principal accionista de Inditex y cofundador del grupo textil, el empresario Amancio Ortega, va a ver incrementada ma\u00f1ana su fortuna personal en unos 812,5 millones de euros; tras percibir lo que le corresponde del segundo pago del dividendo acordado por la compa\u00f1\u00eda, y que se abonar\u00e1 a cargo de los resultados de 2018. En [&hellip;]<\/p>\n","protected":false},"author":2,"featured_media":74001,"comment_status":"open","ping_status":"open","sticky":false,"template":"","format":"standard","meta":{"footnotes":""},"categories":[1],"tags":[],"class_list":["post-74000","post","type-post","status-publish","format-standard","has-post-thumbnail","hentry","category-economia"],"_links":{"self":[{"href":"https:\/\/elcuartopoder.com.mx\/nw\/wp-json\/wp\/v2\/posts\/74000","targetHints":{"allow":["GET"]}}],"collection":[{"href":"https:\/\/elcuartopoder.com.mx\/nw\/wp-json\/wp\/v2\/posts"}],"about":[{"href":"https:\/\/elcuartopoder.com.mx\/nw\/wp-json\/wp\/v2\/types\/post"}],"author":[{"embeddable":true,"href":"https:\/\/elcuartopoder.com.mx\/nw\/wp-json\/wp\/v2\/users\/2"}],"replies":[{"embeddable":true,"href":"https:\/\/elcuartopoder.com.mx\/nw\/wp-json\/wp\/v2\/comments?post=74000"}],"version-history":[{"count":1,"href":"https:\/\/elcuartopoder.com.mx\/nw\/wp-json\/wp\/v2\/posts\/74000\/revisions"}],"predecessor-version":[{"id":74002,"href":"https:\/\/elcuartopoder.com.mx\/nw\/wp-json\/wp\/v2\/posts\/74000\/revisions\/74002"}],"wp:featuredmedia":[{"embeddable":true,"href":"https:\/\/elcuartopoder.com.mx\/nw\/wp-json\/wp\/v2\/media\/74001"}],"wp:attachment":[{"href":"https:\/\/elcuartopoder.com.mx\/nw\/wp-json\/wp\/v2\/media?parent=74000"}],"wp:term":[{"taxonomy":"category","embeddable":true,"href":"https:\/\/elcuartopoder.com.mx\/nw\/wp-json\/wp\/v2\/categories?post=74000"},{"taxonomy":"post_tag","embeddable":true,"href":"https:\/\/elcuartopoder.com.mx\/nw\/wp-json\/wp\/v2\/tags?post=74000"}],"curies":[{"name":"wp","href":"https:\/\/api.w.org\/{rel}","templated":true}]}}