{"id":74055,"date":"2019-11-07T09:08:12","date_gmt":"2019-11-07T14:08:12","guid":{"rendered":"http:\/\/elcuartopoder.com.mx\/nw\/?p=74055"},"modified":"2019-11-07T09:08:14","modified_gmt":"2019-11-07T14:08:14","slug":"sat-congela-cuentas-de-enrique-guzman-sin-previo-aviso","status":"publish","type":"post","link":"https:\/\/elcuartopoder.com.mx\/nw\/entretenimiento\/espectaculos\/sat-congela-cuentas-de-enrique-guzman-sin-previo-aviso\/","title":{"rendered":"SAT congela cuentas de Enrique Guzm\u00e1n sin previo aviso"},"content":{"rendered":"\n<p>Ciudad de M\u00e9xico.- El cantante Enrique Guzm\u00e1n denunci\u00f3 que sus cuentas bancarias fueron congeladas, por lo que pidi\u00f3 al Servicio de Administraci\u00f3n Tributaria (SAT) que le aclare si existe alguna anomal\u00eda en su declaraci\u00f3n, para resolver la situaci\u00f3n de inmediato.<\/p>\n\n\n\n<p>A trav\u00e9s de su cuenta oficial de Twitter, el int\u00e9rprete de Payasito y Te seguir\u00e9 mostr\u00f3 su inconformidad por el proceder del SAT, ya que no tuvo un previo aviso.<\/p>\n\n\n\n<p>\u201cEstoy solicitando p\u00fablicamente al @sat me notifique si existe alguna omisi\u00f3n en mi declaraci\u00f3n que ha provocado el congelamiento de mis cuentas para resolverlo inmediatamente, escribi\u00f3 el cantante.<\/p>\n\n\n\n<figure class=\"wp-block-embed-twitter wp-block-embed is-type-rich is-provider-twitter\"><div class=\"wp-block-embed__wrapper\">\n<blockquote class=\"twitter-tweet\" data-width=\"550\" data-dnt=\"true\"><p lang=\"es\" dir=\"ltr\">Estoy solicitando p\u00fablicamente al <a href=\"https:\/\/twitter.com\/sat?ref_src=twsrc%5Etfw\">@sat<\/a> me notifique si existe alguna omisi\u00f3n en mi declaraci\u00f3n que ha provocado el congelamiento de mis cuentas para resolverlo inmediatamente<\/p>&mdash; Enrique Guzm\u00e1n (@enriqueguzman) <a href=\"https:\/\/twitter.com\/enriqueguzman\/status\/1191736679054204929?ref_src=twsrc%5Etfw\">November 5, 2019<\/a><\/blockquote><script async src=\"https:\/\/platform.twitter.com\/widgets.js\" charset=\"utf-8\"><\/script>\n<\/div><\/figure>\n\n\n\n<p>Antes, hizo un llamado al presidente,&nbsp;<strong>Andr\u00e9s Manuel L\u00f3pez Obrador<\/strong>, con un mensaje que borr\u00f3 enseguida, que dec\u00eda: \u201c@lopezobrador_ \u00bfpor qu\u00e9 el @sat decide, sin ninguna justificaci\u00f3n despojarme de mi patrimonio a mis 76 a\u00f1os de edad? \u00bfSIN EXPLICACION? Ahorros de toda mi vida.<\/p>\n\n\n\n<p>Despu\u00e9s, el cantante volvi\u00f3 a utilizar su red social, para poner un mensaje dedicado a los medios de comunicaci\u00f3n: \u201cA la prensa en general\u2026gracias por su inter\u00e9s en mis recientes tweets, los mantendr\u00e9 informados. Hasta este momento no tengo m\u00e1s\u201d.<\/p>\n\n\n\n<p><strong>Fuente:<\/strong> marcrixnoticias<\/p>\n\n\n\n<p><br><\/p>\n","protected":false},"excerpt":{"rendered":"<p>Ciudad de M\u00e9xico.- El cantante Enrique Guzm\u00e1n denunci\u00f3 que sus cuentas bancarias fueron congeladas, por lo que pidi\u00f3 al Servicio de Administraci\u00f3n Tributaria (SAT) que le aclare si existe alguna anomal\u00eda en su declaraci\u00f3n, para resolver la situaci\u00f3n de inmediato. A trav\u00e9s de su cuenta oficial de Twitter, el int\u00e9rprete de Payasito y Te seguir\u00e9 [&hellip;]<\/p>\n","protected":false},"author":2,"featured_media":74056,"comment_status":"open","ping_status":"open","sticky":false,"template":"","format":"standard","meta":{"footnotes":""},"categories":[11],"tags":[],"class_list":["post-74055","post","type-post","status-publish","format-standard","has-post-thumbnail","hentry","category-espectaculos"],"_links":{"self":[{"href":"https:\/\/elcuartopoder.com.mx\/nw\/wp-json\/wp\/v2\/posts\/74055","targetHints":{"allow":["GET"]}}],"collection":[{"href":"https:\/\/elcuartopoder.com.mx\/nw\/wp-json\/wp\/v2\/posts"}],"about":[{"href":"https:\/\/elcuartopoder.com.mx\/nw\/wp-json\/wp\/v2\/types\/post"}],"author":[{"embeddable":true,"href":"https:\/\/elcuartopoder.com.mx\/nw\/wp-json\/wp\/v2\/users\/2"}],"replies":[{"embeddable":true,"href":"https:\/\/elcuartopoder.com.mx\/nw\/wp-json\/wp\/v2\/comments?post=74055"}],"version-history":[{"count":1,"href":"https:\/\/elcuartopoder.com.mx\/nw\/wp-json\/wp\/v2\/posts\/74055\/revisions"}],"predecessor-version":[{"id":74057,"href":"https:\/\/elcuartopoder.com.mx\/nw\/wp-json\/wp\/v2\/posts\/74055\/revisions\/74057"}],"wp:featuredmedia":[{"embeddable":true,"href":"https:\/\/elcuartopoder.com.mx\/nw\/wp-json\/wp\/v2\/media\/74056"}],"wp:attachment":[{"href":"https:\/\/elcuartopoder.com.mx\/nw\/wp-json\/wp\/v2\/media?parent=74055"}],"wp:term":[{"taxonomy":"category","embeddable":true,"href":"https:\/\/elcuartopoder.com.mx\/nw\/wp-json\/wp\/v2\/categories?post=74055"},{"taxonomy":"post_tag","embeddable":true,"href":"https:\/\/elcuartopoder.com.mx\/nw\/wp-json\/wp\/v2\/tags?post=74055"}],"curies":[{"name":"wp","href":"https:\/\/api.w.org\/{rel}","templated":true}]}}