{"id":76583,"date":"2020-02-09T18:16:41","date_gmt":"2020-02-09T23:16:41","guid":{"rendered":"http:\/\/elcuartopoder.com.mx\/nw\/?p=76583"},"modified":"2020-02-09T18:16:44","modified_gmt":"2020-02-09T23:16:44","slug":"pese-a-no-contar-con-comites-morena-q-roo-acredita-oficinas","status":"publish","type":"post","link":"https:\/\/elcuartopoder.com.mx\/nw\/politica\/pese-a-no-contar-con-comites-morena-q-roo-acredita-oficinas\/","title":{"rendered":"Pese a no contar con comit\u00e9s, MORENA Q. Roo acredita oficinas"},"content":{"rendered":"\n<p><strong>CANC\u00daN, MX.-<\/strong>&nbsp;Pese a carecer de un Comit\u00e9 Ejecutivo Estatal (CEE) debidamente establecido, as\u00ed como de mantener ac\u00e9falos los cargos directivos municipales y en medio de los jaloneos por la dirigencia nacional, el Movimiento Regeneraci\u00f3n Nacional (Morena) en Quintana Roo, inform\u00f3 a trav\u00e9s de un comunicado en redes sociales que este lunes 10 de febrero abrir\u00e1 7 oficinas en igual n\u00famero de municipios.<\/p>\n\n\n\n<p>Con base en los datos publicados en la cuenta de Facebook \u2018Morena Quintana Roo Oficial\u2019, ese partido dio a conocer que acredit\u00f3 ante la Junta Local del Instituto Nacional Electoral (INE), las sedes y horarios de atenci\u00f3n a la militancia.<\/p>\n\n\n\n<p>Esto aplicar\u00e1, seg\u00fan Morena, para Oth\u00f3n P. Blanco (Chetumal), Bacalar, Jos\u00e9 Mar\u00eda Morelos, Tulum, Solidaridad (Playa del Carmen), Cozumel y Benito Ju\u00e1rez (Canc\u00fan), con horarios de atenci\u00f3n de 09 a 13 horas y 17 a 20 horas de lunes a viernes; y de 9 a 13 horas los s\u00e1bados.<\/p>\n\n\n\n<p>\u201cEn cada una de ellas puedes acudir para obtener los Documentos B\u00e1sicos de Morena, el peri\u00f3dico Regeneraci\u00f3n y La Regeneraci\u00f3n, as\u00ed como protocolos para la paz pol\u00edtica, la Agenda de Mujeres y otros materiales de trabajo (sic)\u201d, se\u00f1al\u00f3 el mensaje firmado por Gustavo Cach Pech, delegado de Finanzas de Morena.<\/p>\n\n\n\n<p>Tambi\u00e9n, Morena explic\u00f3 que esas oficinas ser\u00e1n puntos operativos oficiales para el proceso pr\u00f3ximo de afiliaci\u00f3n, reafilaci\u00f3n y credencializaci\u00f3n.<\/p>\n\n\n\n<p>En la misiva enviada al INE, Morena precis\u00f3 que por medio de sus redes sociales oficiales mantendr\u00e1 informados a los miembros de cada evento, proceso y acontecimiento importante.<\/p>\n\n\n\n<p>Asimismo, subray\u00f3 que la apertura de oficinas para los municipios de Felipe Carrillo Puerto, L\u00e1zaro C\u00e1rdenas, Puerto Morelos e Isla Mujeres ser\u00e1 en pr\u00f3ximas semanas.<\/p>\n\n\n\n<figure class=\"wp-block-image\"><img loading=\"lazy\" decoding=\"async\" width=\"713\" height=\"1024\" src=\"http:\/\/elcuartopoder.com.mx\/nw\/wp-content\/uploads\/2020\/02\/IMG_2063-713x1024.jpg\" alt=\"\" class=\"wp-image-76584\" srcset=\"https:\/\/elcuartopoder.com.mx\/nw\/wp-content\/uploads\/2020\/02\/IMG_2063-713x1024.jpg 713w, https:\/\/elcuartopoder.com.mx\/nw\/wp-content\/uploads\/2020\/02\/IMG_2063-209x300.jpg 209w, https:\/\/elcuartopoder.com.mx\/nw\/wp-content\/uploads\/2020\/02\/IMG_2063-768x1103.jpg 768w, https:\/\/elcuartopoder.com.mx\/nw\/wp-content\/uploads\/2020\/02\/IMG_2063-696x999.jpg 696w, https:\/\/elcuartopoder.com.mx\/nw\/wp-content\/uploads\/2020\/02\/IMG_2063.jpg 828w\" sizes=\"auto, (max-width: 713px) 100vw, 713px\" \/><\/figure>\n\n\n\n<p><strong>Fuente:<\/strong> Noticaribe<\/p>\n","protected":false},"excerpt":{"rendered":"<p>CANC\u00daN, MX.-&nbsp;Pese a carecer de un Comit\u00e9 Ejecutivo Estatal (CEE) debidamente establecido, as\u00ed como de mantener ac\u00e9falos los cargos directivos municipales y en medio de los jaloneos por la dirigencia nacional, el Movimiento Regeneraci\u00f3n Nacional (Morena) en Quintana Roo, inform\u00f3 a trav\u00e9s de un comunicado en redes sociales que este lunes 10 de febrero abrir\u00e1 [&hellip;]<\/p>\n","protected":false},"author":2,"featured_media":76585,"comment_status":"open","ping_status":"open","sticky":false,"template":"","format":"standard","meta":{"footnotes":""},"categories":[61],"tags":[],"class_list":["post-76583","post","type-post","status-publish","format-standard","has-post-thumbnail","hentry","category-politica"],"_links":{"self":[{"href":"https:\/\/elcuartopoder.com.mx\/nw\/wp-json\/wp\/v2\/posts\/76583","targetHints":{"allow":["GET"]}}],"collection":[{"href":"https:\/\/elcuartopoder.com.mx\/nw\/wp-json\/wp\/v2\/posts"}],"about":[{"href":"https:\/\/elcuartopoder.com.mx\/nw\/wp-json\/wp\/v2\/types\/post"}],"author":[{"embeddable":true,"href":"https:\/\/elcuartopoder.com.mx\/nw\/wp-json\/wp\/v2\/users\/2"}],"replies":[{"embeddable":true,"href":"https:\/\/elcuartopoder.com.mx\/nw\/wp-json\/wp\/v2\/comments?post=76583"}],"version-history":[{"count":1,"href":"https:\/\/elcuartopoder.com.mx\/nw\/wp-json\/wp\/v2\/posts\/76583\/revisions"}],"predecessor-version":[{"id":76586,"href":"https:\/\/elcuartopoder.com.mx\/nw\/wp-json\/wp\/v2\/posts\/76583\/revisions\/76586"}],"wp:featuredmedia":[{"embeddable":true,"href":"https:\/\/elcuartopoder.com.mx\/nw\/wp-json\/wp\/v2\/media\/76585"}],"wp:attachment":[{"href":"https:\/\/elcuartopoder.com.mx\/nw\/wp-json\/wp\/v2\/media?parent=76583"}],"wp:term":[{"taxonomy":"category","embeddable":true,"href":"https:\/\/elcuartopoder.com.mx\/nw\/wp-json\/wp\/v2\/categories?post=76583"},{"taxonomy":"post_tag","embeddable":true,"href":"https:\/\/elcuartopoder.com.mx\/nw\/wp-json\/wp\/v2\/tags?post=76583"}],"curies":[{"name":"wp","href":"https:\/\/api.w.org\/{rel}","templated":true}]}}