{"id":76871,"date":"2020-02-19T16:35:36","date_gmt":"2020-02-19T21:35:36","guid":{"rendered":"http:\/\/elcuartopoder.com.mx\/nw\/?p=76871"},"modified":"2020-02-19T16:35:38","modified_gmt":"2020-02-19T21:35:38","slug":"megapuente-por-carnaval-2020","status":"publish","type":"post","link":"https:\/\/elcuartopoder.com.mx\/nw\/estatales\/megapuente-por-carnaval-2020\/","title":{"rendered":"Megapuente por Carnaval 2020"},"content":{"rendered":"\n<p>CHETUMAL, Q. ROO.- Trabajadores del gobierno del estado y estudiantes tendr\u00e1n un megapuente con motivo de la celebraci\u00f3n del Carnaval 2020, pegando al fin de semana el lunes 24 y martes 25 de febrero, d\u00edas que est\u00e1n considerados dentro de las fechas para preservar nuestras tradiciones.<\/p>\n\n\n\n<p>Por costumbre, los lunes y martes considerados de carnaval no hay clases para los miles de alumnos desde educaci\u00f3n b\u00e1sica hasta superior, pese a que \u00e9stos no est\u00e1n marcados en el calendario escolar. Sin embargo, la Oficial\u00eda Mayor de Gobierno ya emiti\u00f3 un documento dirigido a los trabajadores sobre los d\u00edas de asueto<br>Hasta el momento, las autoridades de la Secretar\u00eda de Educaci\u00f3n de Quintana Roo no han emitido informe oficial alguno sobre esas fechas; sin embargo, para los docentes es un hecho que tendr\u00e1n dos d\u00edas de asueto con motivo de las fiestas del Carnaval 2020.<\/p>\n\n\n\n<p>De acuerdo con los datos de la Secretar\u00eda de Educaci\u00f3n de Quintana Roo, los 348 mil alumnos gozar\u00e1n del puente del carnaval 2020, al igual que 25 mil 112 maestros que laboran en 2 mil 392 escuelas.<\/p>\n\n\n\n<p>En educaci\u00f3n b\u00e1sica (prescolar, primaria, secundaria, adem\u00e1s de educaci\u00f3n inicial y especial) son 348 mil 336 alumnos de un mil 994 escuelas en toda la geograf\u00eda estatal, en las que laboran 15 mil 837 maestros, los que tendr\u00e1n derecho a gozar de estos d\u00edas de descanso y diversi\u00f3n, tal como lo marca el calendario oficial.<\/p>\n\n\n\n<p>En educaci\u00f3n inicial est\u00e1n inscritos 2 mil 459 alumnos, con 38 maestros y 39 escuelas; en educaci\u00f3n especial hay 6 mil 325 alumnos, 480 docentes y 28 escuelas; en preescolar 58 mil 921 estudiantes, 2 mil 499 docentes y 664 escuelas; en primaria 194 mil 225 estudiantes, 6 mil 728 docentes y 854 escuelas; en secundaria 86 mil 406 alumnos, 6 mil 92 maestros y 409 escuelas.<\/p>\n\n\n\n<p>En educaci\u00f3n media superior, que incluye profesional t\u00e9cnico, hay 70 mil 849 alumnos, 3 mil 672 docentes y 301 escuelas y en educaci\u00f3n superior, que incluye Normales, hay 52 mil 259 alumnos, 5 mil 603 maestros y 97 escuelas.<\/p>\n\n\n\n<p>Por su parte, la Oficial\u00eda Mayor inform\u00f3 el d\u00eda de hoy que los d\u00edas 24 y 25 de febrero no habr\u00e1 labores en las dependencias y organismos descentralizados del gobierno del estado, por lo que se ha estado informando a la ciudadan\u00eda a fin de que tome sus previsiones en caso de necesitar un tr\u00e1mite en las ventanillas de atenci\u00f3n del sector p\u00fablico.<\/p>\n\n\n\n<p>La suspensi\u00f3n de labores no afectar\u00e1 los servicios m\u00e9dicos y de emergencia que son responsabilidad de la Secretar\u00eda Estatal de Salud; los servicios de seguridad, justicia y protecci\u00f3n civil que brindan la Secretar\u00eda de Seguridad P\u00fablica, la Fiscal\u00eda General del Estado o la Direcci\u00f3n General de Protecci\u00f3n Civil; o los servicios de mantenimiento y quejas de la Comisi\u00f3n de Agua Potable y Alcantarillado.<\/p>\n\n\n\n<p>Est\u00e1 es una suspensi\u00f3n que se da cada a\u00f1o con base en la Ley Org\u00e1nica de las Administraci\u00f3n P\u00fablica del Estado, y que el Ejecutivo Estatal autoriza a fin de preservar nuestras tradiciones, inform\u00f3.<\/p>\n\n\n\n<p>Para finalizar, la Oficial\u00eda Mayor puntualiz\u00f3 que la suspensi\u00f3n de labores para el personal estatal que labora en otros municipios se llevar\u00e1 a cabo los d\u00edas en que \u00e9stos \u00faltimos lo celebren, por lo que tambi\u00e9n se ha estado informando a la ciudadan\u00eda en las otras demarcaciones para no entorpecer sus tr\u00e1mites.<\/p>\n\n\n\n<p><strong>Fuente:<\/strong> POR ESTO!<\/p>\n","protected":false},"excerpt":{"rendered":"<p>CHETUMAL, Q. ROO.- Trabajadores del gobierno del estado y estudiantes tendr\u00e1n un megapuente con motivo de la celebraci\u00f3n del Carnaval 2020, pegando al fin de semana el lunes 24 y martes 25 de febrero, d\u00edas que est\u00e1n considerados dentro de las fechas para preservar nuestras tradiciones. Por costumbre, los lunes y martes considerados de carnaval [&hellip;]<\/p>\n","protected":false},"author":2,"featured_media":76872,"comment_status":"open","ping_status":"open","sticky":false,"template":"","format":"standard","meta":{"footnotes":""},"categories":[60],"tags":[],"class_list":["post-76871","post","type-post","status-publish","format-standard","has-post-thumbnail","hentry","category-estatales"],"_links":{"self":[{"href":"https:\/\/elcuartopoder.com.mx\/nw\/wp-json\/wp\/v2\/posts\/76871","targetHints":{"allow":["GET"]}}],"collection":[{"href":"https:\/\/elcuartopoder.com.mx\/nw\/wp-json\/wp\/v2\/posts"}],"about":[{"href":"https:\/\/elcuartopoder.com.mx\/nw\/wp-json\/wp\/v2\/types\/post"}],"author":[{"embeddable":true,"href":"https:\/\/elcuartopoder.com.mx\/nw\/wp-json\/wp\/v2\/users\/2"}],"replies":[{"embeddable":true,"href":"https:\/\/elcuartopoder.com.mx\/nw\/wp-json\/wp\/v2\/comments?post=76871"}],"version-history":[{"count":1,"href":"https:\/\/elcuartopoder.com.mx\/nw\/wp-json\/wp\/v2\/posts\/76871\/revisions"}],"predecessor-version":[{"id":76873,"href":"https:\/\/elcuartopoder.com.mx\/nw\/wp-json\/wp\/v2\/posts\/76871\/revisions\/76873"}],"wp:featuredmedia":[{"embeddable":true,"href":"https:\/\/elcuartopoder.com.mx\/nw\/wp-json\/wp\/v2\/media\/76872"}],"wp:attachment":[{"href":"https:\/\/elcuartopoder.com.mx\/nw\/wp-json\/wp\/v2\/media?parent=76871"}],"wp:term":[{"taxonomy":"category","embeddable":true,"href":"https:\/\/elcuartopoder.com.mx\/nw\/wp-json\/wp\/v2\/categories?post=76871"},{"taxonomy":"post_tag","embeddable":true,"href":"https:\/\/elcuartopoder.com.mx\/nw\/wp-json\/wp\/v2\/tags?post=76871"}],"curies":[{"name":"wp","href":"https:\/\/api.w.org\/{rel}","templated":true}]}}