{"id":77032,"date":"2020-02-25T20:05:00","date_gmt":"2020-02-26T01:05:00","guid":{"rendered":"http:\/\/elcuartopoder.com.mx\/nw\/?p=77032"},"modified":"2020-02-25T20:05:02","modified_gmt":"2020-02-26T01:05:02","slug":"grupos-armados-provocan-el-desplazamiento-de-mas-de-800-campesinos-en-colombia","status":"publish","type":"post","link":"https:\/\/elcuartopoder.com.mx\/nw\/internacionales\/grupos-armados-provocan-el-desplazamiento-de-mas-de-800-campesinos-en-colombia\/","title":{"rendered":"Grupos armados provocan el desplazamiento de m\u00e1s de 800 campesinos en Colombia"},"content":{"rendered":"\n<p>Lo advirtieron en 2018, 2019 y m\u00e1s recientemente el 24 de enero de este a\u00f1o: por la disputa entre diferentes grupos armados ilegales, en Ituango, un municipio ubicado en el noroccidente de Colombia, \u201cpodr\u00eda al recrudecerse la violencia en sus formas de actuaci\u00f3n y aumentar la capacidad de intimidaci\u00f3n contra la poblaci\u00f3n civil\u201d. La advertencia, contenida en la \u00faltima Alerta Temprana que hace la\u00a0Defensor\u00eda del Pueblo\u00a0al Gobierno de Iv\u00e1n Duque, explot\u00f3 este fin de semana cuando 815 campesinos temieron morir en medio de los combates armados y emprendieron la huida desde las apartadas zonas rurales hasta la plaza principal del pueblo.<\/p>\n\n\n\n<p>En chivas, buses que son el transporte del campo en Colombia, subieron sus pocos objetos y animales y huyeron hasta el casco urbano del municipio donde pasaron la noche en un colegio y en el coliseo de la poblaci\u00f3n. El secretario del Gobierno de Antioquia, Luis Fernando Su\u00e1rez, confirm\u00f3 que el desplazamiento es de seis veredas y que el gobierno regional har\u00e1 presencia para entregar \u201ckits de aseo, albergue y alimentaci\u00f3n\u201d para los campesinos que no tienen suficientes frazadas ni colchonetas. \u201cVamos a hacer presencia en Ituango para atender esta grave problem\u00e1tica de desplazamiento forzado. Queremos generar las condiciones para que estas personas puedan retornar prontamente a sus parcelas\u201d, dijo.<\/p>\n\n\n\n<p>Pero la realidad es m\u00e1s compleja. De acuerdo con \u00d3scar Zapata, vocero de la ONG Coordinaci\u00f3n Colombia, Europa, Estados Unidos, la presencia de disidencias de las FARC, que no se sumaron al\u00a0proceso de paz, y de grupos paramilitares llamados autodefensas gaitanistas (ACG), hacen que el riesgo sea permanente. \u201cEntre los desplazados hay ni\u00f1os, adultos muy mayores e incluso 13 reincorporados de las FARC que s\u00ed le apostaron a la paz. Se requiere una voluntad real para una implementaci\u00f3n de los acuerdos de paz, una pol\u00edtica p\u00fablica para desarmar esas estructuras paramilitares. No vemos una voluntad del Gobierno por desarticular esos escenarios de guerra\u00a8, dice Zapata desde la poblaci\u00f3n.<\/p>\n\n\n\n<p>La Defensor\u00eda del Pueblo ha confirmado el diagn\u00f3stico en sus m\u00faltiples advertencias. \u201cAl accionar de las llamadas disidencias del Frente 36, la expansi\u00f3n de las AGC y el surgimiento y actuaci\u00f3n del Frente 18 Rom\u00e1n Ruiz &#8211; Cacique Coyar\u00e1 se suma el fortalecimiento militar en general de estas estructuras armadas ilegales como consecuencia de un fuerte fortalecimiento econ\u00f3mico originado en din\u00e1micas trasnacionales asociadas al narcotr\u00e1fico internacional\u201d, indica el documento donde advierte al Gobierno nacional y exige acciones.<\/p>\n\n\n\n<p>En la zona hace presencia el Ej\u00e9rcito, pero esto no ha sido suficiente para detener el avance de estos grupos armados que aprovechan la topograf\u00eda de la regi\u00f3n como corredor estrat\u00e9gico de droga. Para la Defensor\u00eda, las amenazas contra la poblaci\u00f3n van desde desapariciones forzadas, homicidios selectivos, masacre, violencia sexual, hasta accidentes por minas y\/o armas trampa y enfrentamientos con interposici\u00f3n de poblaci\u00f3n civil.<\/p>\n\n\n\n<p>Este no ha sido el \u00fanico desplazamiento sino el m\u00e1s grande. En febrero pasado, 120 excombatientes de las FARC que decidieron irse del Espacio Territorial de Capacitaci\u00f3n y Reincorporaci\u00f3n (ETCR) de Santa Luc\u00eda (Ituango), donde a\u00fan viven muchos de ellos. La decisi\u00f3n tuvo relaci\u00f3n con el asesinato continuado de exguerrilleros que le han apostado a la paz. De acuerdo con el informe al Consejo de Seguridad la Misi\u00f3n de Verificaci\u00f3n de la ONU, desde la firma del acuerdo, solo en Ituango han sido asesinados 12 de ellos. A trav\u00e9s de la Consejer\u00eda de Estabilizaci\u00f3n, el Gobierno ha dicho que har\u00e1n un \u00abtraslado\u00bb escalonado y \u00abcon protecci\u00f3n de la fuerza p\u00fablica en coordinaci\u00f3n con representantes de las FARC\u00bb en los pr\u00f3ximos meses.<\/p>\n\n\n\n<p>Los exguerrilleros tambi\u00e9n alertaron esta crisis humanitaria. \u201cAntes de hacer dejaci\u00f3n de armas nosotros le advertimos al Estado que si ellos no cubr\u00edan esos espacios que \u00edbamos a dejar seguro otros actores armados se iban a posesionar y segu\u00eda el conflicto. Es lo que ocurri\u00f3\u201d, dijo a EL PA\u00cdS Hermes Arrieta, desmovilizado, desde Ituango.<\/p>\n\n\n\n<p>Si hay una poblaci\u00f3n que resuma el c\u00edrculo vicioso del conflicto colombiano esa es Ituango. Hist\u00f3ricamente los civiles han sido v\u00edctimas de sucesivos grupos armados y las condiciones sociales y de accesos siguen siendo precarias. En la d\u00e9cada de los ochenta vivieron bajo el imperio de las FARC, en los noventa sufrieron la expansi\u00f3n de los paramilitares, que cometieron la masacre de El Aro y La Granja, una de las m\u00e1s recordadas en Colombia por el desplazamiento de 700 campesinos aterrorizados. Despu\u00e9s de anos de cruentos enfrentamientos, las FARC volvieron a imponerse en el territorio hasta 2016 cuando entregaron las armas en el marco del proceso de paz con el Gobierno de Juan Manuel Santos. Ahora, sin embargo, grupos paramilitares con nuevos nombres y disidencias vuelven a poner a los civiles en el medio. Y en Ituango creen que la cifra de 815 desplazados aumentar\u00e1 en los pr\u00f3ximos d\u00edas.<\/p>\n\n\n\n<p><strong>Fuente:<\/strong> elpa\u00eds<\/p>\n","protected":false},"excerpt":{"rendered":"<p>Lo advirtieron en 2018, 2019 y m\u00e1s recientemente el 24 de enero de este a\u00f1o: por la disputa entre diferentes grupos armados ilegales, en Ituango, un municipio ubicado en el noroccidente de Colombia, \u201cpodr\u00eda al recrudecerse la violencia en sus formas de actuaci\u00f3n y aumentar la capacidad de intimidaci\u00f3n contra la poblaci\u00f3n civil\u201d. La advertencia, [&hellip;]<\/p>\n","protected":false},"author":2,"featured_media":77033,"comment_status":"open","ping_status":"open","sticky":false,"template":"","format":"standard","meta":{"footnotes":""},"categories":[8],"tags":[],"class_list":["post-77032","post","type-post","status-publish","format-standard","has-post-thumbnail","hentry","category-internacionales"],"_links":{"self":[{"href":"https:\/\/elcuartopoder.com.mx\/nw\/wp-json\/wp\/v2\/posts\/77032","targetHints":{"allow":["GET"]}}],"collection":[{"href":"https:\/\/elcuartopoder.com.mx\/nw\/wp-json\/wp\/v2\/posts"}],"about":[{"href":"https:\/\/elcuartopoder.com.mx\/nw\/wp-json\/wp\/v2\/types\/post"}],"author":[{"embeddable":true,"href":"https:\/\/elcuartopoder.com.mx\/nw\/wp-json\/wp\/v2\/users\/2"}],"replies":[{"embeddable":true,"href":"https:\/\/elcuartopoder.com.mx\/nw\/wp-json\/wp\/v2\/comments?post=77032"}],"version-history":[{"count":1,"href":"https:\/\/elcuartopoder.com.mx\/nw\/wp-json\/wp\/v2\/posts\/77032\/revisions"}],"predecessor-version":[{"id":77034,"href":"https:\/\/elcuartopoder.com.mx\/nw\/wp-json\/wp\/v2\/posts\/77032\/revisions\/77034"}],"wp:featuredmedia":[{"embeddable":true,"href":"https:\/\/elcuartopoder.com.mx\/nw\/wp-json\/wp\/v2\/media\/77033"}],"wp:attachment":[{"href":"https:\/\/elcuartopoder.com.mx\/nw\/wp-json\/wp\/v2\/media?parent=77032"}],"wp:term":[{"taxonomy":"category","embeddable":true,"href":"https:\/\/elcuartopoder.com.mx\/nw\/wp-json\/wp\/v2\/categories?post=77032"},{"taxonomy":"post_tag","embeddable":true,"href":"https:\/\/elcuartopoder.com.mx\/nw\/wp-json\/wp\/v2\/tags?post=77032"}],"curies":[{"name":"wp","href":"https:\/\/api.w.org\/{rel}","templated":true}]}}