{"id":77038,"date":"2020-02-26T09:37:42","date_gmt":"2020-02-26T14:37:42","guid":{"rendered":"http:\/\/elcuartopoder.com.mx\/nw\/?p=77038"},"modified":"2020-02-26T09:37:44","modified_gmt":"2020-02-26T14:37:44","slug":"la-factura-del-virus","status":"publish","type":"post","link":"https:\/\/elcuartopoder.com.mx\/nw\/internacionales\/la-factura-del-virus\/","title":{"rendered":"La factura del virus"},"content":{"rendered":"\n<p>La expansi\u00f3n del coronavirus por el norte de Italia, donde se ha cobrado ya siete muertos, ha causado una profunda depresi\u00f3n en los mercados burs\u00e1tiles europeos. Todas las Bolsas registraron serias ca\u00eddas, desde el 5,4% de la de Mil\u00e1n hasta el 4% de las de Fr\u00e1ncfort, Par\u00eds o el espa\u00f1ol Ibex 35. Los mercados reaccionan con desconfianza a las dificultades evidentes para frenar y confinar la propagaci\u00f3n de la enfermedad, y manifiestan las p\u00e9simas expectativas inmediatas en el mercado tur\u00edstico mundial, el transporte, las l\u00edneas a\u00e9reas y el consumo. La ca\u00edda burs\u00e1til es la m\u00e1s grave desde la suscitada por el Brexit, lo cual da una idea precisa de la inquietud que se ha apoderado de los inversores. De forma s\u00fabita, la propagaci\u00f3n de la Covid-19 constituye una amenaza econ\u00f3mica tan peligrosa como la guerra comercial, el Brexit o la desaceleraci\u00f3n, aunque probablemente vaya a ser menos persistente. <\/p>\n\n\n\n<p>La ministra de Econom\u00eda, Nadia Calvi\u00f1o, ha pedido serenidad a los inversores y tranquilidad a los mercados; asegura que el impacto econ\u00f3mico del virus ser\u00e1 limitado si la enfermedad puede controlarse durante el primer trimestre. La apelaci\u00f3n a la calma es oportuna porque la entrada del virus de Wuhan en Italia invita a tomar decisiones atolondradas, guiadas por el p\u00e1nico. La m\u00e1s nefasta ser\u00eda el cierre unilateral de fronteras; una decisi\u00f3n as\u00ed yugular\u00eda los flujos tur\u00edsticos y ahondar\u00eda un poco m\u00e1s en la ralentizaci\u00f3n econ\u00f3mica europea.<\/p>\n\n\n\n<p>Como en todos los episodios de crisis, la respuesta europea tiene que coordinarse desde las instituciones europeas. No estar\u00eda de m\u00e1s que los organismos europeos, el Parlamento o la Comisi\u00f3n, establecieran un protocolo com\u00fan para frenar en lo posible los riesgos sanitarios sin recurrir al cierre desordenado de las fronteras en primera instancia. Es verdad que la potencial pandemia (as\u00ed la defini\u00f3 ayer la Organizaci\u00f3n Mundial de la Salud) se encuentra con inc\u00f3gnitas sanitarias evidentes, pero en estos momentos cerrar las fronteras quiz\u00e1 reportara pocas ventajas sanitarias y, por el contrario, causar\u00eda da\u00f1os considerables a la econom\u00eda europea. En cualquier caso, las decisiones no deben ser unilaterales.<\/p>\n\n\n\n<p>La crisis sanitaria en el norte de Italia sugiere, en todo caso, que el impacto econ\u00f3mico de la Covid-19 tiene que volver a la mesa de c\u00e1lculo. El Fondo Monetario Internacional estim\u00f3 recientemente su coste en el 0,2% del PIB global; probablemente ser\u00e1 superior, depender\u00e1 de su duraci\u00f3n y de la capacidad de las instituciones sanitarias internacionales para frenar la expansi\u00f3n del virus. Por el momento, la irrupci\u00f3n en Europa parece indicar desconcierto y contribuye a respaldar la percepci\u00f3n de que el riesgo de propagaci\u00f3n no est\u00e1 controlado; es urgente que las autoridades europeas e italianas expliquen a la opini\u00f3n p\u00fablica cu\u00e1l es el plan para cancelar ese riesgo.<\/p>\n\n\n\n<p><strong>Fuente:<\/strong> elpa\u00eds<\/p>\n","protected":false},"excerpt":{"rendered":"<p>La expansi\u00f3n del coronavirus por el norte de Italia, donde se ha cobrado ya siete muertos, ha causado una profunda depresi\u00f3n en los mercados burs\u00e1tiles europeos. Todas las Bolsas registraron serias ca\u00eddas, desde el 5,4% de la de Mil\u00e1n hasta el 4% de las de Fr\u00e1ncfort, Par\u00eds o el espa\u00f1ol Ibex 35. Los mercados reaccionan [&hellip;]<\/p>\n","protected":false},"author":2,"featured_media":77039,"comment_status":"open","ping_status":"open","sticky":false,"template":"","format":"standard","meta":{"footnotes":""},"categories":[59,8],"tags":[],"class_list":["post-77038","post","type-post","status-publish","format-standard","has-post-thumbnail","hentry","category-destacadas","category-internacionales"],"_links":{"self":[{"href":"https:\/\/elcuartopoder.com.mx\/nw\/wp-json\/wp\/v2\/posts\/77038","targetHints":{"allow":["GET"]}}],"collection":[{"href":"https:\/\/elcuartopoder.com.mx\/nw\/wp-json\/wp\/v2\/posts"}],"about":[{"href":"https:\/\/elcuartopoder.com.mx\/nw\/wp-json\/wp\/v2\/types\/post"}],"author":[{"embeddable":true,"href":"https:\/\/elcuartopoder.com.mx\/nw\/wp-json\/wp\/v2\/users\/2"}],"replies":[{"embeddable":true,"href":"https:\/\/elcuartopoder.com.mx\/nw\/wp-json\/wp\/v2\/comments?post=77038"}],"version-history":[{"count":1,"href":"https:\/\/elcuartopoder.com.mx\/nw\/wp-json\/wp\/v2\/posts\/77038\/revisions"}],"predecessor-version":[{"id":77040,"href":"https:\/\/elcuartopoder.com.mx\/nw\/wp-json\/wp\/v2\/posts\/77038\/revisions\/77040"}],"wp:featuredmedia":[{"embeddable":true,"href":"https:\/\/elcuartopoder.com.mx\/nw\/wp-json\/wp\/v2\/media\/77039"}],"wp:attachment":[{"href":"https:\/\/elcuartopoder.com.mx\/nw\/wp-json\/wp\/v2\/media?parent=77038"}],"wp:term":[{"taxonomy":"category","embeddable":true,"href":"https:\/\/elcuartopoder.com.mx\/nw\/wp-json\/wp\/v2\/categories?post=77038"},{"taxonomy":"post_tag","embeddable":true,"href":"https:\/\/elcuartopoder.com.mx\/nw\/wp-json\/wp\/v2\/tags?post=77038"}],"curies":[{"name":"wp","href":"https:\/\/api.w.org\/{rel}","templated":true}]}}